{"id":1054,"date":"2018-02-27T00:03:46","date_gmt":"2018-02-27T00:03:46","guid":{"rendered":"https:\/\/multiformas.com.co\/es\/blog\/?p=1054"},"modified":"2018-02-27T00:06:33","modified_gmt":"2018-02-27T00:06:33","slug":"las-tendencias-en-diseno-interior-en-casadecor2018","status":"publish","type":"post","link":"https:\/\/multiformas.com.co\/es\/blog\/2018\/02\/27\/las-tendencias-en-diseno-interior-en-casadecor2018\/","title":{"rendered":"Las tendencias en dise\u00f1o interior en CasaDecor2018"},"content":{"rendered":"<p>CasaDecor 2018 (en su 53\u00aa edici\u00f3n) es un evento realizado en Madrid, donde podr\u00e1s apreciar las tendencias de dise\u00f1o para este a\u00f1o que atraparan tus sentidos y ademas marcaran la pauta para la construcci\u00f3n de los espacios de tu nuevo proyecto.<\/p>\n<p>En esta edici\u00f3n hay de todo para todos desde los cl\u00e1sicos hasta los mas vanguardistas, la papiroflexia, el reciclaje, la inspiraci\u00f3n en iconos como Coco Chanel, el ingenio para presentar espacios novedosos y materiales perdurables como la piedra representan las tendencias que podemos apreciar en este evento.<\/p>\n<p>La puesta en escena ya esta en marcha desde el 15 febrero y estar\u00e1 con nosotros hasta el 25 de marzo en el edificio Francisco de Rojas 2, que data de 1902 y su antig\u00fcedad hace notar la exquisita arquitectura de la \u00e9poca.<\/p>\n<p>&nbsp;<\/p>\n<p><img data-attachment-id=\"1055\" data-permalink=\"https:\/\/multiformas.com.co\/es\/blog\/2018\/02\/27\/las-tendencias-en-diseno-interior-en-casadecor2018\/tendencias-2018-casadecor-1\/\" data-orig-file=\"https:\/\/i0.wp.com\/multiformas.com.co\/es\/blog\/wp-content\/uploads\/2018\/02\/tendencias-2018-casadecor-1.jpg?fit=567%2C586&amp;ssl=1\" data-orig-size=\"567,586\" data-comments-opened=\"1\" data-image-meta=\"{&quot;aperture&quot;:&quot;0&quot;,&quot;credit&quot;:&quot;&quot;,&quot;camera&quot;:&quot;&quot;,&quot;caption&quot;:&quot;&quot;,&quot;created_timestamp&quot;:&quot;0&quot;,&quot;copyright&quot;:&quot;&quot;,&quot;focal_length&quot;:&quot;0&quot;,&quot;iso&quot;:&quot;0&quot;,&quot;shutter_speed&quot;:&quot;0&quot;,&quot;title&quot;:&quot;&quot;,&quot;orientation&quot;:&quot;0&quot;}\" data-image-title=\"tendencias-2018-casadecor-1\" data-image-description=\"\" data-medium-file=\"https:\/\/i0.wp.com\/multiformas.com.co\/es\/blog\/wp-content\/uploads\/2018\/02\/tendencias-2018-casadecor-1.jpg?fit=290%2C300&amp;ssl=1\" data-large-file=\"https:\/\/i0.wp.com\/multiformas.com.co\/es\/blog\/wp-content\/uploads\/2018\/02\/tendencias-2018-casadecor-1.jpg?fit=567%2C586&amp;ssl=1\" loading=\"lazy\" class=\"aligncenter wp-image-1055 size-full\" src=\"https:\/\/i0.wp.com\/multiformas.com.co\/es\/blog\/wp-content\/uploads\/2018\/02\/tendencias-2018-casadecor-1.jpg?resize=567%2C586&#038;ssl=1\" alt=\"\" width=\"567\" height=\"586\" srcset=\"https:\/\/i0.wp.com\/multiformas.com.co\/es\/blog\/wp-content\/uploads\/2018\/02\/tendencias-2018-casadecor-1.jpg?w=567&amp;ssl=1 567w, https:\/\/i0.wp.com\/multiformas.com.co\/es\/blog\/wp-content\/uploads\/2018\/02\/tendencias-2018-casadecor-1.jpg?resize=290%2C300&amp;ssl=1 290w\" sizes=\"(max-width: 567px) 100vw, 567px\" data-recalc-dims=\"1\" \/><\/p>\n<p>&nbsp;<\/p>\n<p>CasaDecor es una experiencia \u00fanica que no te puedes perder, por su originalidad definitivamente es un espacio para refrescar ideas y disfrutar. El atractivo de la exposici\u00f3n es que re\u00fane a destacados interioristas, decoradores, arquitectos, dise\u00f1adores, paisajistas y artistas, para dar a cada espacio del edificio un ambiente \u00fanico, lo que va mas all\u00e1 de las ferias t\u00edpicas de dise\u00f1o donde se venden productos, CasaDecor vende ideas, conceptos, colores, combinaciones y dise\u00f1os.<\/p>\n<p>&nbsp;<\/p>\n<p><img data-attachment-id=\"1056\" data-permalink=\"https:\/\/multiformas.com.co\/es\/blog\/2018\/02\/27\/las-tendencias-en-diseno-interior-en-casadecor2018\/tendencias-2018-casadecor-2\/\" data-orig-file=\"https:\/\/i1.wp.com\/multiformas.com.co\/es\/blog\/wp-content\/uploads\/2018\/02\/tendencias-2018-casadecor-2.jpg?fit=860%2C700&amp;ssl=1\" data-orig-size=\"860,700\" data-comments-opened=\"1\" data-image-meta=\"{&quot;aperture&quot;:&quot;0&quot;,&quot;credit&quot;:&quot;&quot;,&quot;camera&quot;:&quot;&quot;,&quot;caption&quot;:&quot;&quot;,&quot;created_timestamp&quot;:&quot;0&quot;,&quot;copyright&quot;:&quot;&quot;,&quot;focal_length&quot;:&quot;0&quot;,&quot;iso&quot;:&quot;0&quot;,&quot;shutter_speed&quot;:&quot;0&quot;,&quot;title&quot;:&quot;&quot;,&quot;orientation&quot;:&quot;0&quot;}\" data-image-title=\"tendencias-2018-casadecor-2\" data-image-description=\"\" data-medium-file=\"https:\/\/i1.wp.com\/multiformas.com.co\/es\/blog\/wp-content\/uploads\/2018\/02\/tendencias-2018-casadecor-2.jpg?fit=300%2C244&amp;ssl=1\" data-large-file=\"https:\/\/i1.wp.com\/multiformas.com.co\/es\/blog\/wp-content\/uploads\/2018\/02\/tendencias-2018-casadecor-2.jpg?fit=640%2C521&amp;ssl=1\" loading=\"lazy\" class=\"aligncenter wp-image-1056 size-full\" src=\"https:\/\/i1.wp.com\/multiformas.com.co\/es\/blog\/wp-content\/uploads\/2018\/02\/tendencias-2018-casadecor-2.jpg?resize=640%2C521&#038;ssl=1\" alt=\"\" width=\"640\" height=\"521\" srcset=\"https:\/\/i1.wp.com\/multiformas.com.co\/es\/blog\/wp-content\/uploads\/2018\/02\/tendencias-2018-casadecor-2.jpg?w=860&amp;ssl=1 860w, https:\/\/i1.wp.com\/multiformas.com.co\/es\/blog\/wp-content\/uploads\/2018\/02\/tendencias-2018-casadecor-2.jpg?resize=300%2C244&amp;ssl=1 300w, https:\/\/i1.wp.com\/multiformas.com.co\/es\/blog\/wp-content\/uploads\/2018\/02\/tendencias-2018-casadecor-2.jpg?resize=768%2C625&amp;ssl=1 768w, https:\/\/i1.wp.com\/multiformas.com.co\/es\/blog\/wp-content\/uploads\/2018\/02\/tendencias-2018-casadecor-2.jpg?resize=600%2C488&amp;ssl=1 600w\" sizes=\"(max-width: 640px) 100vw, 640px\" data-recalc-dims=\"1\" \/><\/p>\n<p>&nbsp;<\/p>\n<p>Si hablamos de cifras la exposici\u00f3n recibe cerca de 1000 visitantes diarios por 40 d\u00edas, de estratos medio y alto lo que hace que las ideas y productos exhibidos sean apreciados en todo el mundo.<\/p>\n<p>&nbsp;<\/p>\n<figure id=\"attachment_1067\" aria-describedby=\"caption-attachment-1067\" style=\"width: 621px\" class=\"wp-caption aligncenter\"><img data-attachment-id=\"1067\" data-permalink=\"https:\/\/multiformas.com.co\/es\/blog\/2018\/02\/27\/las-tendencias-en-diseno-interior-en-casadecor2018\/tendencias-2018-casadecor-13\/\" data-orig-file=\"https:\/\/i1.wp.com\/multiformas.com.co\/es\/blog\/wp-content\/uploads\/2018\/02\/tendencias-2018-casadecor-13.jpg?fit=621%2C932&amp;ssl=1\" data-orig-size=\"621,932\" data-comments-opened=\"1\" data-image-meta=\"{&quot;aperture&quot;:&quot;11&quot;,&quot;credit&quot;:&quot;noroestefoto&quot;,&quot;camera&quot;:&quot;Canon EOS-1Ds Mark III&quot;,&quot;caption&quot;:&quot;&quot;,&quot;created_timestamp&quot;:&quot;1518605885&quot;,&quot;copyright&quot;:&quot;&quot;,&quot;focal_length&quot;:&quot;24&quot;,&quot;iso&quot;:&quot;100&quot;,&quot;shutter_speed&quot;:&quot;30&quot;,&quot;title&quot;:&quot;&quot;,&quot;orientation&quot;:&quot;1&quot;}\" data-image-title=\"tendencias-2018-casadecor-13\" data-image-description=\"\" data-medium-file=\"https:\/\/i1.wp.com\/multiformas.com.co\/es\/blog\/wp-content\/uploads\/2018\/02\/tendencias-2018-casadecor-13.jpg?fit=200%2C300&amp;ssl=1\" data-large-file=\"https:\/\/i1.wp.com\/multiformas.com.co\/es\/blog\/wp-content\/uploads\/2018\/02\/tendencias-2018-casadecor-13.jpg?fit=621%2C932&amp;ssl=1\" loading=\"lazy\" class=\"wp-image-1067 size-full\" src=\"https:\/\/i1.wp.com\/multiformas.com.co\/es\/blog\/wp-content\/uploads\/2018\/02\/tendencias-2018-casadecor-13.jpg?resize=621%2C932&#038;ssl=1\" alt=\"\" width=\"621\" height=\"932\" srcset=\"https:\/\/i1.wp.com\/multiformas.com.co\/es\/blog\/wp-content\/uploads\/2018\/02\/tendencias-2018-casadecor-13.jpg?w=621&amp;ssl=1 621w, https:\/\/i1.wp.com\/multiformas.com.co\/es\/blog\/wp-content\/uploads\/2018\/02\/tendencias-2018-casadecor-13.jpg?resize=200%2C300&amp;ssl=1 200w, https:\/\/i1.wp.com\/multiformas.com.co\/es\/blog\/wp-content\/uploads\/2018\/02\/tendencias-2018-casadecor-13.jpg?resize=600%2C900&amp;ssl=1 600w\" sizes=\"(max-width: 621px) 100vw, 621px\" data-recalc-dims=\"1\" \/><figcaption id=\"caption-attachment-1067\" class=\"wp-caption-text\">Espacio Inspirado en Coco Chanel, predomina el blanco, el negro y el dorado en lamparas y mobiliario, el pavimento, el lat\u00f3n y el m\u00e1rmol en los materiales.<\/figcaption><\/figure>\n<p>&nbsp;<\/p>\n<figure id=\"attachment_1066\" aria-describedby=\"caption-attachment-1066\" style=\"width: 621px\" class=\"wp-caption aligncenter\"><img data-attachment-id=\"1066\" data-permalink=\"https:\/\/multiformas.com.co\/es\/blog\/2018\/02\/27\/las-tendencias-en-diseno-interior-en-casadecor2018\/tendencias-2018-casadecor-12\/\" data-orig-file=\"https:\/\/i1.wp.com\/multiformas.com.co\/es\/blog\/wp-content\/uploads\/2018\/02\/tendencias-2018-casadecor-12.jpg?fit=621%2C414&amp;ssl=1\" data-orig-size=\"621,414\" data-comments-opened=\"1\" data-image-meta=\"{&quot;aperture&quot;:&quot;16&quot;,&quot;credit&quot;:&quot;noroestefoto&quot;,&quot;camera&quot;:&quot;Canon EOS-1Ds Mark III&quot;,&quot;caption&quot;:&quot;&quot;,&quot;created_timestamp&quot;:&quot;1518517454&quot;,&quot;copyright&quot;:&quot;&quot;,&quot;focal_length&quot;:&quot;14&quot;,&quot;iso&quot;:&quot;100&quot;,&quot;shutter_speed&quot;:&quot;2&quot;,&quot;title&quot;:&quot;&quot;,&quot;orientation&quot;:&quot;1&quot;}\" data-image-title=\"tendencias-2018-casadecor-12\" data-image-description=\"\" data-medium-file=\"https:\/\/i1.wp.com\/multiformas.com.co\/es\/blog\/wp-content\/uploads\/2018\/02\/tendencias-2018-casadecor-12.jpg?fit=300%2C200&amp;ssl=1\" data-large-file=\"https:\/\/i1.wp.com\/multiformas.com.co\/es\/blog\/wp-content\/uploads\/2018\/02\/tendencias-2018-casadecor-12.jpg?fit=621%2C414&amp;ssl=1\" loading=\"lazy\" class=\"wp-image-1066 size-full\" src=\"https:\/\/i1.wp.com\/multiformas.com.co\/es\/blog\/wp-content\/uploads\/2018\/02\/tendencias-2018-casadecor-12.jpg?resize=621%2C414&#038;ssl=1\" alt=\"\" width=\"621\" height=\"414\" srcset=\"https:\/\/i1.wp.com\/multiformas.com.co\/es\/blog\/wp-content\/uploads\/2018\/02\/tendencias-2018-casadecor-12.jpg?w=621&amp;ssl=1 621w, https:\/\/i1.wp.com\/multiformas.com.co\/es\/blog\/wp-content\/uploads\/2018\/02\/tendencias-2018-casadecor-12.jpg?resize=300%2C200&amp;ssl=1 300w, https:\/\/i1.wp.com\/multiformas.com.co\/es\/blog\/wp-content\/uploads\/2018\/02\/tendencias-2018-casadecor-12.jpg?resize=600%2C400&amp;ssl=1 600w, https:\/\/i1.wp.com\/multiformas.com.co\/es\/blog\/wp-content\/uploads\/2018\/02\/tendencias-2018-casadecor-12.jpg?resize=90%2C60&amp;ssl=1 90w\" sizes=\"(max-width: 621px) 100vw, 621px\" data-recalc-dims=\"1\" \/><figcaption id=\"caption-attachment-1066\" class=\"wp-caption-text\">Revestimiento en cer\u00e1mica tipo m\u00e1rmol de la firma Marazzi, espacio dise\u00f1ado por Antro Design.<\/figcaption><\/figure>\n<p>&nbsp;<\/p>\n<figure id=\"attachment_1065\" aria-describedby=\"caption-attachment-1065\" style=\"width: 621px\" class=\"wp-caption aligncenter\"><img data-attachment-id=\"1065\" data-permalink=\"https:\/\/multiformas.com.co\/es\/blog\/2018\/02\/27\/las-tendencias-en-diseno-interior-en-casadecor2018\/tendencias-2018-casadecor-11\/\" data-orig-file=\"https:\/\/i0.wp.com\/multiformas.com.co\/es\/blog\/wp-content\/uploads\/2018\/02\/tendencias-2018-casadecor-11.jpg?fit=621%2C753&amp;ssl=1\" data-orig-size=\"621,753\" data-comments-opened=\"1\" data-image-meta=\"{&quot;aperture&quot;:&quot;11&quot;,&quot;credit&quot;:&quot;&quot;,&quot;camera&quot;:&quot;Canon EOS 5D Mark II&quot;,&quot;caption&quot;:&quot;&quot;,&quot;created_timestamp&quot;:&quot;1519128335&quot;,&quot;copyright&quot;:&quot;&quot;,&quot;focal_length&quot;:&quot;19&quot;,&quot;iso&quot;:&quot;100&quot;,&quot;shutter_speed&quot;:&quot;2&quot;,&quot;title&quot;:&quot;&quot;,&quot;orientation&quot;:&quot;1&quot;}\" data-image-title=\"tendencias-2018-casadecor-11\" data-image-description=\"\" data-medium-file=\"https:\/\/i0.wp.com\/multiformas.com.co\/es\/blog\/wp-content\/uploads\/2018\/02\/tendencias-2018-casadecor-11.jpg?fit=247%2C300&amp;ssl=1\" data-large-file=\"https:\/\/i0.wp.com\/multiformas.com.co\/es\/blog\/wp-content\/uploads\/2018\/02\/tendencias-2018-casadecor-11.jpg?fit=621%2C753&amp;ssl=1\" loading=\"lazy\" class=\"wp-image-1065 size-full\" src=\"https:\/\/i0.wp.com\/multiformas.com.co\/es\/blog\/wp-content\/uploads\/2018\/02\/tendencias-2018-casadecor-11.jpg?resize=621%2C753&#038;ssl=1\" alt=\"\" width=\"621\" height=\"753\" srcset=\"https:\/\/i0.wp.com\/multiformas.com.co\/es\/blog\/wp-content\/uploads\/2018\/02\/tendencias-2018-casadecor-11.jpg?w=621&amp;ssl=1 621w, https:\/\/i0.wp.com\/multiformas.com.co\/es\/blog\/wp-content\/uploads\/2018\/02\/tendencias-2018-casadecor-11.jpg?resize=247%2C300&amp;ssl=1 247w, https:\/\/i0.wp.com\/multiformas.com.co\/es\/blog\/wp-content\/uploads\/2018\/02\/tendencias-2018-casadecor-11.jpg?resize=600%2C728&amp;ssl=1 600w\" sizes=\"(max-width: 621px) 100vw, 621px\" data-recalc-dims=\"1\" \/><figcaption id=\"caption-attachment-1065\" class=\"wp-caption-text\">Predomina el roble en el mobiliario, tela estampada con dise\u00f1os naturales, piel de durazno en color mostaza, m\u00e1rmol, acero y lat\u00f3n en materiales.<\/figcaption><\/figure>\n<p>&nbsp;<\/p>\n<figure id=\"attachment_1064\" aria-describedby=\"caption-attachment-1064\" style=\"width: 621px\" class=\"wp-caption aligncenter\"><img data-attachment-id=\"1064\" data-permalink=\"https:\/\/multiformas.com.co\/es\/blog\/2018\/02\/27\/las-tendencias-en-diseno-interior-en-casadecor2018\/tendencias-2018-casadecor-10\/\" data-orig-file=\"https:\/\/i1.wp.com\/multiformas.com.co\/es\/blog\/wp-content\/uploads\/2018\/02\/tendencias-2018-casadecor-10.jpg?fit=621%2C855&amp;ssl=1\" data-orig-size=\"621,855\" data-comments-opened=\"1\" data-image-meta=\"{&quot;aperture&quot;:&quot;11&quot;,&quot;credit&quot;:&quot;&quot;,&quot;camera&quot;:&quot;Canon EOS 5D Mark II&quot;,&quot;caption&quot;:&quot;&quot;,&quot;created_timestamp&quot;:&quot;1519125602&quot;,&quot;copyright&quot;:&quot;&quot;,&quot;focal_length&quot;:&quot;23&quot;,&quot;iso&quot;:&quot;100&quot;,&quot;shutter_speed&quot;:&quot;3.2&quot;,&quot;title&quot;:&quot;&quot;,&quot;orientation&quot;:&quot;1&quot;}\" data-image-title=\"tendencias-2018-casadecor-10\" data-image-description=\"\" data-medium-file=\"https:\/\/i1.wp.com\/multiformas.com.co\/es\/blog\/wp-content\/uploads\/2018\/02\/tendencias-2018-casadecor-10.jpg?fit=218%2C300&amp;ssl=1\" data-large-file=\"https:\/\/i1.wp.com\/multiformas.com.co\/es\/blog\/wp-content\/uploads\/2018\/02\/tendencias-2018-casadecor-10.jpg?fit=621%2C855&amp;ssl=1\" loading=\"lazy\" class=\"wp-image-1064 size-full\" src=\"https:\/\/i1.wp.com\/multiformas.com.co\/es\/blog\/wp-content\/uploads\/2018\/02\/tendencias-2018-casadecor-10.jpg?resize=621%2C855&#038;ssl=1\" alt=\"\" width=\"621\" height=\"855\" srcset=\"https:\/\/i1.wp.com\/multiformas.com.co\/es\/blog\/wp-content\/uploads\/2018\/02\/tendencias-2018-casadecor-10.jpg?w=621&amp;ssl=1 621w, https:\/\/i1.wp.com\/multiformas.com.co\/es\/blog\/wp-content\/uploads\/2018\/02\/tendencias-2018-casadecor-10.jpg?resize=218%2C300&amp;ssl=1 218w, https:\/\/i1.wp.com\/multiformas.com.co\/es\/blog\/wp-content\/uploads\/2018\/02\/tendencias-2018-casadecor-10.jpg?resize=600%2C826&amp;ssl=1 600w\" sizes=\"(max-width: 621px) 100vw, 621px\" data-recalc-dims=\"1\" \/><figcaption id=\"caption-attachment-1064\" class=\"wp-caption-text\">Inspirado en el movimiento Arts &amp; Crafts. Materiales m\u00e1rmol y roble.<\/figcaption><\/figure>\n<figure id=\"attachment_1063\" aria-describedby=\"caption-attachment-1063\" style=\"width: 621px\" class=\"wp-caption aligncenter\"><img data-attachment-id=\"1063\" data-permalink=\"https:\/\/multiformas.com.co\/es\/blog\/2018\/02\/27\/las-tendencias-en-diseno-interior-en-casadecor2018\/tendencias-2018-casadecor-9\/\" data-orig-file=\"https:\/\/i0.wp.com\/multiformas.com.co\/es\/blog\/wp-content\/uploads\/2018\/02\/tendencias-2018-casadecor-9.jpg?fit=621%2C906&amp;ssl=1\" data-orig-size=\"621,906\" data-comments-opened=\"1\" data-image-meta=\"{&quot;aperture&quot;:&quot;11&quot;,&quot;credit&quot;:&quot;&quot;,&quot;camera&quot;:&quot;Canon EOS 5D Mark II&quot;,&quot;caption&quot;:&quot;&quot;,&quot;created_timestamp&quot;:&quot;1519122170&quot;,&quot;copyright&quot;:&quot;&quot;,&quot;focal_length&quot;:&quot;17&quot;,&quot;iso&quot;:&quot;100&quot;,&quot;shutter_speed&quot;:&quot;10&quot;,&quot;title&quot;:&quot;&quot;,&quot;orientation&quot;:&quot;1&quot;}\" data-image-title=\"tendencias-2018-casadecor-9\" data-image-description=\"\" data-medium-file=\"https:\/\/i0.wp.com\/multiformas.com.co\/es\/blog\/wp-content\/uploads\/2018\/02\/tendencias-2018-casadecor-9.jpg?fit=206%2C300&amp;ssl=1\" data-large-file=\"https:\/\/i0.wp.com\/multiformas.com.co\/es\/blog\/wp-content\/uploads\/2018\/02\/tendencias-2018-casadecor-9.jpg?fit=621%2C906&amp;ssl=1\" loading=\"lazy\" class=\"wp-image-1063 size-full\" src=\"https:\/\/i0.wp.com\/multiformas.com.co\/es\/blog\/wp-content\/uploads\/2018\/02\/tendencias-2018-casadecor-9.jpg?resize=621%2C906&#038;ssl=1\" alt=\"\" width=\"621\" height=\"906\" srcset=\"https:\/\/i0.wp.com\/multiformas.com.co\/es\/blog\/wp-content\/uploads\/2018\/02\/tendencias-2018-casadecor-9.jpg?w=621&amp;ssl=1 621w, https:\/\/i0.wp.com\/multiformas.com.co\/es\/blog\/wp-content\/uploads\/2018\/02\/tendencias-2018-casadecor-9.jpg?resize=206%2C300&amp;ssl=1 206w, https:\/\/i0.wp.com\/multiformas.com.co\/es\/blog\/wp-content\/uploads\/2018\/02\/tendencias-2018-casadecor-9.jpg?resize=600%2C875&amp;ssl=1 600w\" sizes=\"(max-width: 621px) 100vw, 621px\" data-recalc-dims=\"1\" \/><figcaption id=\"caption-attachment-1063\" class=\"wp-caption-text\">Espacios creativos (lavander\u00eda Bar) en azul, verde y papel tapiz con motivos florales.<\/figcaption><\/figure>\n<p>&nbsp;<\/p>\n<figure id=\"attachment_1062\" aria-describedby=\"caption-attachment-1062\" style=\"width: 621px\" class=\"wp-caption aligncenter\"><img data-attachment-id=\"1062\" data-permalink=\"https:\/\/multiformas.com.co\/es\/blog\/2018\/02\/27\/las-tendencias-en-diseno-interior-en-casadecor2018\/tendencias-2018-casadecor-8\/\" data-orig-file=\"https:\/\/i1.wp.com\/multiformas.com.co\/es\/blog\/wp-content\/uploads\/2018\/02\/tendencias-2018-casadecor-8.jpg?fit=621%2C883&amp;ssl=1\" data-orig-size=\"621,883\" data-comments-opened=\"1\" data-image-meta=\"{&quot;aperture&quot;:&quot;16&quot;,&quot;credit&quot;:&quot;&quot;,&quot;camera&quot;:&quot;Canon EOS 5D Mark II&quot;,&quot;caption&quot;:&quot;&quot;,&quot;created_timestamp&quot;:&quot;1519118141&quot;,&quot;copyright&quot;:&quot;&quot;,&quot;focal_length&quot;:&quot;24&quot;,&quot;iso&quot;:&quot;100&quot;,&quot;shutter_speed&quot;:&quot;2.5&quot;,&quot;title&quot;:&quot;&quot;,&quot;orientation&quot;:&quot;1&quot;}\" data-image-title=\"tendencias-2018-casadecor-8\" data-image-description=\"\" data-medium-file=\"https:\/\/i1.wp.com\/multiformas.com.co\/es\/blog\/wp-content\/uploads\/2018\/02\/tendencias-2018-casadecor-8.jpg?fit=211%2C300&amp;ssl=1\" data-large-file=\"https:\/\/i1.wp.com\/multiformas.com.co\/es\/blog\/wp-content\/uploads\/2018\/02\/tendencias-2018-casadecor-8.jpg?fit=621%2C883&amp;ssl=1\" loading=\"lazy\" class=\"wp-image-1062 size-full\" src=\"https:\/\/i1.wp.com\/multiformas.com.co\/es\/blog\/wp-content\/uploads\/2018\/02\/tendencias-2018-casadecor-8.jpg?resize=621%2C883&#038;ssl=1\" alt=\"\" width=\"621\" height=\"883\" srcset=\"https:\/\/i1.wp.com\/multiformas.com.co\/es\/blog\/wp-content\/uploads\/2018\/02\/tendencias-2018-casadecor-8.jpg?w=621&amp;ssl=1 621w, https:\/\/i1.wp.com\/multiformas.com.co\/es\/blog\/wp-content\/uploads\/2018\/02\/tendencias-2018-casadecor-8.jpg?resize=211%2C300&amp;ssl=1 211w, https:\/\/i1.wp.com\/multiformas.com.co\/es\/blog\/wp-content\/uploads\/2018\/02\/tendencias-2018-casadecor-8.jpg?resize=600%2C853&amp;ssl=1 600w\" sizes=\"(max-width: 621px) 100vw, 621px\" data-recalc-dims=\"1\" \/><figcaption id=\"caption-attachment-1062\" class=\"wp-caption-text\">Espacio de Procolor, donde el color y la luz transforman los espacios en que vivimos y trabajamos. El color palo de rosa da un ambiente sutil, c\u00e1lido, inspirador, relajante y confortable.<\/figcaption><\/figure>\n<p>&nbsp;<\/p>\n<figure id=\"attachment_1061\" aria-describedby=\"caption-attachment-1061\" style=\"width: 621px\" class=\"wp-caption aligncenter\"><img data-attachment-id=\"1061\" data-permalink=\"https:\/\/multiformas.com.co\/es\/blog\/2018\/02\/27\/las-tendencias-en-diseno-interior-en-casadecor2018\/tendencias-2018-casadecor-7\/\" data-orig-file=\"https:\/\/i2.wp.com\/multiformas.com.co\/es\/blog\/wp-content\/uploads\/2018\/02\/tendencias-2018-casadecor-7.jpg?fit=621%2C929&amp;ssl=1\" data-orig-size=\"621,929\" data-comments-opened=\"1\" data-image-meta=\"{&quot;aperture&quot;:&quot;10&quot;,&quot;credit&quot;:&quot;&quot;,&quot;camera&quot;:&quot;Canon EOS 5D Mark II&quot;,&quot;caption&quot;:&quot;&quot;,&quot;created_timestamp&quot;:&quot;1518708213&quot;,&quot;copyright&quot;:&quot;&quot;,&quot;focal_length&quot;:&quot;19&quot;,&quot;iso&quot;:&quot;100&quot;,&quot;shutter_speed&quot;:&quot;1.3&quot;,&quot;title&quot;:&quot;&quot;,&quot;orientation&quot;:&quot;1&quot;}\" data-image-title=\"tendencias-2018-casadecor-7\" data-image-description=\"\" data-medium-file=\"https:\/\/i2.wp.com\/multiformas.com.co\/es\/blog\/wp-content\/uploads\/2018\/02\/tendencias-2018-casadecor-7.jpg?fit=201%2C300&amp;ssl=1\" data-large-file=\"https:\/\/i2.wp.com\/multiformas.com.co\/es\/blog\/wp-content\/uploads\/2018\/02\/tendencias-2018-casadecor-7.jpg?fit=621%2C929&amp;ssl=1\" loading=\"lazy\" class=\"wp-image-1061 size-full\" src=\"https:\/\/i2.wp.com\/multiformas.com.co\/es\/blog\/wp-content\/uploads\/2018\/02\/tendencias-2018-casadecor-7.jpg?resize=621%2C929&#038;ssl=1\" alt=\"\" width=\"621\" height=\"929\" srcset=\"https:\/\/i2.wp.com\/multiformas.com.co\/es\/blog\/wp-content\/uploads\/2018\/02\/tendencias-2018-casadecor-7.jpg?w=621&amp;ssl=1 621w, https:\/\/i2.wp.com\/multiformas.com.co\/es\/blog\/wp-content\/uploads\/2018\/02\/tendencias-2018-casadecor-7.jpg?resize=201%2C300&amp;ssl=1 201w, https:\/\/i2.wp.com\/multiformas.com.co\/es\/blog\/wp-content\/uploads\/2018\/02\/tendencias-2018-casadecor-7.jpg?resize=600%2C898&amp;ssl=1 600w\" sizes=\"(max-width: 621px) 100vw, 621px\" data-recalc-dims=\"1\" \/><figcaption id=\"caption-attachment-1061\" class=\"wp-caption-text\">Lamparas elaboradas de materiales reciclables, inspirada en la obra de la paisajista Gertrude Jekyll, las telas son de Sunbrella.<\/figcaption><\/figure>\n<p><img data-attachment-id=\"1060\" data-permalink=\"https:\/\/multiformas.com.co\/es\/blog\/2018\/02\/27\/las-tendencias-en-diseno-interior-en-casadecor2018\/tendencias-2018-casadecor-6\/\" data-orig-file=\"https:\/\/i2.wp.com\/multiformas.com.co\/es\/blog\/wp-content\/uploads\/2018\/02\/tendencias-2018-casadecor-6.jpg?fit=621%2C693&amp;ssl=1\" data-orig-size=\"621,693\" data-comments-opened=\"1\" data-image-meta=\"{&quot;aperture&quot;:&quot;8&quot;,&quot;credit&quot;:&quot;&quot;,&quot;camera&quot;:&quot;Canon EOS 5D Mark II&quot;,&quot;caption&quot;:&quot;&quot;,&quot;created_timestamp&quot;:&quot;1518775851&quot;,&quot;copyright&quot;:&quot;&quot;,&quot;focal_length&quot;:&quot;17&quot;,&quot;iso&quot;:&quot;100&quot;,&quot;shutter_speed&quot;:&quot;25&quot;,&quot;title&quot;:&quot;&quot;,&quot;orientation&quot;:&quot;1&quot;}\" data-image-title=\"tendencias-2018-casadecor-6\" data-image-description=\"\" data-medium-file=\"https:\/\/i2.wp.com\/multiformas.com.co\/es\/blog\/wp-content\/uploads\/2018\/02\/tendencias-2018-casadecor-6.jpg?fit=269%2C300&amp;ssl=1\" data-large-file=\"https:\/\/i2.wp.com\/multiformas.com.co\/es\/blog\/wp-content\/uploads\/2018\/02\/tendencias-2018-casadecor-6.jpg?fit=621%2C693&amp;ssl=1\" loading=\"lazy\" class=\"aligncenter wp-image-1060 size-full\" src=\"https:\/\/i2.wp.com\/multiformas.com.co\/es\/blog\/wp-content\/uploads\/2018\/02\/tendencias-2018-casadecor-6.jpg?resize=621%2C693&#038;ssl=1\" alt=\"\" width=\"621\" height=\"693\" srcset=\"https:\/\/i2.wp.com\/multiformas.com.co\/es\/blog\/wp-content\/uploads\/2018\/02\/tendencias-2018-casadecor-6.jpg?w=621&amp;ssl=1 621w, https:\/\/i2.wp.com\/multiformas.com.co\/es\/blog\/wp-content\/uploads\/2018\/02\/tendencias-2018-casadecor-6.jpg?resize=269%2C300&amp;ssl=1 269w, https:\/\/i2.wp.com\/multiformas.com.co\/es\/blog\/wp-content\/uploads\/2018\/02\/tendencias-2018-casadecor-6.jpg?resize=600%2C670&amp;ssl=1 600w\" sizes=\"(max-width: 621px) 100vw, 621px\" data-recalc-dims=\"1\" \/><\/p>\n<p>&nbsp;<\/p>\n<figure id=\"attachment_1059\" aria-describedby=\"caption-attachment-1059\" style=\"width: 621px\" class=\"wp-caption aligncenter\"><img data-attachment-id=\"1059\" data-permalink=\"https:\/\/multiformas.com.co\/es\/blog\/2018\/02\/27\/las-tendencias-en-diseno-interior-en-casadecor2018\/tendencias-2018-casadecor-5\/\" data-orig-file=\"https:\/\/i0.wp.com\/multiformas.com.co\/es\/blog\/wp-content\/uploads\/2018\/02\/tendencias-2018-casadecor-5.jpg?fit=621%2C941&amp;ssl=1\" data-orig-size=\"621,941\" data-comments-opened=\"1\" data-image-meta=\"{&quot;aperture&quot;:&quot;11&quot;,&quot;credit&quot;:&quot;&quot;,&quot;camera&quot;:&quot;Canon EOS 5D Mark II&quot;,&quot;caption&quot;:&quot;&quot;,&quot;created_timestamp&quot;:&quot;1518962591&quot;,&quot;copyright&quot;:&quot;&quot;,&quot;focal_length&quot;:&quot;19&quot;,&quot;iso&quot;:&quot;100&quot;,&quot;shutter_speed&quot;:&quot;0.4&quot;,&quot;title&quot;:&quot;&quot;,&quot;orientation&quot;:&quot;1&quot;}\" data-image-title=\"tendencias-2018-casadecor-5\" data-image-description=\"\" data-medium-file=\"https:\/\/i0.wp.com\/multiformas.com.co\/es\/blog\/wp-content\/uploads\/2018\/02\/tendencias-2018-casadecor-5.jpg?fit=198%2C300&amp;ssl=1\" data-large-file=\"https:\/\/i0.wp.com\/multiformas.com.co\/es\/blog\/wp-content\/uploads\/2018\/02\/tendencias-2018-casadecor-5.jpg?fit=621%2C941&amp;ssl=1\" loading=\"lazy\" class=\"wp-image-1059 size-full\" src=\"https:\/\/i0.wp.com\/multiformas.com.co\/es\/blog\/wp-content\/uploads\/2018\/02\/tendencias-2018-casadecor-5.jpg?resize=621%2C941&#038;ssl=1\" alt=\"\" width=\"621\" height=\"941\" srcset=\"https:\/\/i0.wp.com\/multiformas.com.co\/es\/blog\/wp-content\/uploads\/2018\/02\/tendencias-2018-casadecor-5.jpg?w=621&amp;ssl=1 621w, https:\/\/i0.wp.com\/multiformas.com.co\/es\/blog\/wp-content\/uploads\/2018\/02\/tendencias-2018-casadecor-5.jpg?resize=198%2C300&amp;ssl=1 198w, https:\/\/i0.wp.com\/multiformas.com.co\/es\/blog\/wp-content\/uploads\/2018\/02\/tendencias-2018-casadecor-5.jpg?resize=600%2C909&amp;ssl=1 600w\" sizes=\"(max-width: 621px) 100vw, 621px\" data-recalc-dims=\"1\" \/><figcaption id=\"caption-attachment-1059\" class=\"wp-caption-text\">Espacio inspirado en la fragancia Solo Loewe Origami, mostrando los pliegues y vol\u00famenes de la papiroflexia. Espacio moderno y vanguardista invita a la calma y al juego.<\/figcaption><\/figure>\n<p><img data-attachment-id=\"1058\" data-permalink=\"https:\/\/multiformas.com.co\/es\/blog\/2018\/02\/27\/las-tendencias-en-diseno-interior-en-casadecor2018\/tendencias-2018-casadecor-4\/\" data-orig-file=\"https:\/\/i0.wp.com\/multiformas.com.co\/es\/blog\/wp-content\/uploads\/2018\/02\/tendencias-2018-casadecor-4.jpg?fit=621%2C558&amp;ssl=1\" data-orig-size=\"621,558\" data-comments-opened=\"1\" data-image-meta=\"{&quot;aperture&quot;:&quot;11&quot;,&quot;credit&quot;:&quot;&quot;,&quot;camera&quot;:&quot;Canon EOS 5D Mark II&quot;,&quot;caption&quot;:&quot;&quot;,&quot;created_timestamp&quot;:&quot;1518961368&quot;,&quot;copyright&quot;:&quot;&quot;,&quot;focal_length&quot;:&quot;17&quot;,&quot;iso&quot;:&quot;100&quot;,&quot;shutter_speed&quot;:&quot;0.3&quot;,&quot;title&quot;:&quot;&quot;,&quot;orientation&quot;:&quot;1&quot;}\" data-image-title=\"tendencias-2018-casadecor-4\" data-image-description=\"\" data-medium-file=\"https:\/\/i0.wp.com\/multiformas.com.co\/es\/blog\/wp-content\/uploads\/2018\/02\/tendencias-2018-casadecor-4.jpg?fit=300%2C270&amp;ssl=1\" data-large-file=\"https:\/\/i0.wp.com\/multiformas.com.co\/es\/blog\/wp-content\/uploads\/2018\/02\/tendencias-2018-casadecor-4.jpg?fit=621%2C558&amp;ssl=1\" loading=\"lazy\" class=\"aligncenter wp-image-1058 size-full\" src=\"https:\/\/i0.wp.com\/multiformas.com.co\/es\/blog\/wp-content\/uploads\/2018\/02\/tendencias-2018-casadecor-4.jpg?resize=621%2C558&#038;ssl=1\" alt=\"\" width=\"621\" height=\"558\" srcset=\"https:\/\/i0.wp.com\/multiformas.com.co\/es\/blog\/wp-content\/uploads\/2018\/02\/tendencias-2018-casadecor-4.jpg?w=621&amp;ssl=1 621w, https:\/\/i0.wp.com\/multiformas.com.co\/es\/blog\/wp-content\/uploads\/2018\/02\/tendencias-2018-casadecor-4.jpg?resize=300%2C270&amp;ssl=1 300w, https:\/\/i0.wp.com\/multiformas.com.co\/es\/blog\/wp-content\/uploads\/2018\/02\/tendencias-2018-casadecor-4.jpg?resize=600%2C539&amp;ssl=1 600w\" sizes=\"(max-width: 621px) 100vw, 621px\" data-recalc-dims=\"1\" \/><\/p>\n<p><img data-attachment-id=\"1057\" data-permalink=\"https:\/\/multiformas.com.co\/es\/blog\/2018\/02\/27\/las-tendencias-en-diseno-interior-en-casadecor2018\/tendencias-2018-casadecor-3\/\" data-orig-file=\"https:\/\/i2.wp.com\/multiformas.com.co\/es\/blog\/wp-content\/uploads\/2018\/02\/tendencias-2018-casadecor-3.jpg?fit=621%2C915&amp;ssl=1\" data-orig-size=\"621,915\" data-comments-opened=\"1\" data-image-meta=\"{&quot;aperture&quot;:&quot;11&quot;,&quot;credit&quot;:&quot;&quot;,&quot;camera&quot;:&quot;Canon EOS 5D Mark II&quot;,&quot;caption&quot;:&quot;&quot;,&quot;created_timestamp&quot;:&quot;1518960519&quot;,&quot;copyright&quot;:&quot;&quot;,&quot;focal_length&quot;:&quot;24&quot;,&quot;iso&quot;:&quot;100&quot;,&quot;shutter_speed&quot;:&quot;0.4&quot;,&quot;title&quot;:&quot;&quot;,&quot;orientation&quot;:&quot;1&quot;}\" data-image-title=\"tendencias-2018-casadecor-3\" data-image-description=\"\" data-medium-file=\"https:\/\/i2.wp.com\/multiformas.com.co\/es\/blog\/wp-content\/uploads\/2018\/02\/tendencias-2018-casadecor-3.jpg?fit=204%2C300&amp;ssl=1\" data-large-file=\"https:\/\/i2.wp.com\/multiformas.com.co\/es\/blog\/wp-content\/uploads\/2018\/02\/tendencias-2018-casadecor-3.jpg?fit=621%2C915&amp;ssl=1\" loading=\"lazy\" class=\"aligncenter wp-image-1057 size-full\" src=\"https:\/\/i2.wp.com\/multiformas.com.co\/es\/blog\/wp-content\/uploads\/2018\/02\/tendencias-2018-casadecor-3.jpg?resize=621%2C915&#038;ssl=1\" alt=\"\" width=\"621\" height=\"915\" srcset=\"https:\/\/i2.wp.com\/multiformas.com.co\/es\/blog\/wp-content\/uploads\/2018\/02\/tendencias-2018-casadecor-3.jpg?w=621&amp;ssl=1 621w, https:\/\/i2.wp.com\/multiformas.com.co\/es\/blog\/wp-content\/uploads\/2018\/02\/tendencias-2018-casadecor-3.jpg?resize=204%2C300&amp;ssl=1 204w, https:\/\/i2.wp.com\/multiformas.com.co\/es\/blog\/wp-content\/uploads\/2018\/02\/tendencias-2018-casadecor-3.jpg?resize=600%2C884&amp;ssl=1 600w\" sizes=\"(max-width: 621px) 100vw, 621px\" data-recalc-dims=\"1\" \/><\/p>\n<p>&nbsp;<\/p>\n<p>\u00bfTe sientes inspirado por las tendencias en interiores 2018? para el equipo de PCD Multiformas no hay limites y estamos gustosos de ayudarte a construir tu pr\u00f3ximo sue\u00f1o.<\/p>\n","protected":false},"excerpt":{"rendered":"<p>CasaDecor 2018 (en su 53\u00aa edici\u00f3n) es un evento realizado en Madrid, donde podr\u00e1s apreciar las tendencias de dise\u00f1o para este a\u00f1o que atraparan tus sentidos y ademas marcaran la <a href=\"https:\/\/multiformas.com.co\/es\/blog\/2018\/02\/27\/las-tendencias-en-diseno-interior-en-casadecor2018\/\" class=\"read-more button-fancy -red\"><span class=\"btn-arrow\"><\/span><span class=\"twp-read-more text\">Leer m\u00e1s<\/span><\/a><\/p>\n","protected":false},"author":1,"featured_media":1059,"comment_status":"open","ping_status":"open","sticky":false,"template":"","format":"standard","meta":{"advanced_seo_description":"","spay_email":"","jetpack_publicize_message":"","jetpack_is_tweetstorm":false},"categories":[7],"tags":[119,35,39,37,62,25,44],"jetpack_featured_media_url":"https:\/\/i0.wp.com\/multiformas.com.co\/es\/blog\/wp-content\/uploads\/2018\/02\/tendencias-2018-casadecor-5.jpg?fit=621%2C941&ssl=1","jetpack_publicize_connections":[],"jetpack_sharing_enabled":true,"jetpack_shortlink":"https:\/\/wp.me\/p9kzw1-h0","jetpack_likes_enabled":true,"jetpack-related-posts":[{"id":1460,"url":"https:\/\/multiformas.com.co\/es\/blog\/2020\/03\/18\/tendencias-en-diseno-de-oficinas-para-este-2020\/","url_meta":{"origin":1054,"position":0},"title":"Tendencias en dise\u00f1o de oficinas para este 2020","date":"marzo 18, 2020","format":false,"excerpt":"Este a\u00f1o viene cargado de dinamismo, de cambios en la estructura de trabajo y \u00bfPor qu\u00e9 no? Tambi\u00e9n es hora de darle un giro a tu workplace con las tendencias 2020 en dise\u00f1o de oficinas. \u00a0 Salud y bienestar \u00a0 \u00a0 Tenemos bastante tiempo dando vueltas alrededor de un t\u00e9rmino\u2026","rel":"","context":"En \u00abDecoraci\u00f3n\u00bb","img":{"alt_text":"","src":"https:\/\/i2.wp.com\/multiformas.com.co\/es\/blog\/wp-content\/uploads\/2020\/03\/roundtable-828546_1280.jpg?fit=1200%2C675&ssl=1&resize=350%2C200","width":350,"height":200},"classes":[]},{"id":1091,"url":"https:\/\/multiformas.com.co\/es\/blog\/2018\/03\/08\/las-tendencias-en-mobiliario-que-marcaran-el-2018\/","url_meta":{"origin":1054,"position":1},"title":"Las tendencias en mobiliario que marcaran el 2018","date":"marzo 8, 2018","format":false,"excerpt":"La feria internacional\u00a0IMM Cologne es pionera en mostrarnos cual es la tendencia en mobiliario para este a\u00f1o en curso y es grato para nosotros mostrarte lo que deber\u00eda tener toda oficina y espacio comercial para estar a la altura de los que aprecian el buen gusto. IMM Cologne es una\u2026","rel":"","context":"En \u00abMobiliario\u00bb","img":{"alt_text":"","src":"https:\/\/i0.wp.com\/multiformas.com.co\/es\/blog\/wp-content\/uploads\/2018\/03\/tendencias-mobiliario-11.jpg?fit=1175%2C881&ssl=1&resize=350%2C200","width":350,"height":200},"classes":[]},{"id":1293,"url":"https:\/\/multiformas.com.co\/es\/blog\/2018\/06\/10\/conoce-las-ultimas-tendencias-en-mobiliario-de-oficina\/","url_meta":{"origin":1054,"position":2},"title":"Conoce las ultimas tendencias en mobiliario de oficina","date":"junio 10, 2018","format":false,"excerpt":"Estamos a mitad de a\u00f1o y ya tenemos las nuevas tendencias para el \u00faltimo trimestre del a\u00f1o 2018, colores vibrantes, materiales eternos, y dise\u00f1o sin limites, en PDC Multiformas tenemos listo desde ya miles de ideas para tu nuevo proyecto. \u00a0 La nueva mousse Rafa Garc\u00eda uno de los dise\u00f1adores\u2026","rel":"","context":"En \u00abMobiliario\u00bb","img":{"alt_text":"","src":"https:\/\/i1.wp.com\/multiformas.com.co\/es\/blog\/wp-content\/uploads\/2018\/06\/coleccion-de-muebles-atom-de-boss-design-full.jpg?fit=1000%2C600&ssl=1&resize=350%2C200","width":350,"height":200},"classes":[]},{"id":747,"url":"https:\/\/multiformas.com.co\/es\/blog\/2017\/12\/15\/abanico-de-posibilidades-en-tendencias-de-diseno-para-el-2018\/","url_meta":{"origin":1054,"position":3},"title":"Abanico de posibilidades en tendencias de dise\u00f1o para el 2018","date":"diciembre 15, 2017","format":false,"excerpt":"Imagen de interiorgod \u00a0 Este nuevo a\u00f1o viene cargado de opciones para todos los gustos, no se limita a una tendencia en especifico al contrario podemos combinar y tomar de aqu\u00ed o de all\u00e1 seg\u00fan nuestro gusto. Prep\u00e1rate para navegar en este mar de posibilidades infinitas y crea divertidos dise\u00f1os.\u2026","rel":"","context":"En \u00abDecoraci\u00f3n\u00bb","img":{"alt_text":"","src":"https:\/\/i0.wp.com\/multiformas.com.co\/es\/blog\/wp-content\/uploads\/2017\/12\/industrial-style-men-office-design.jpg?fit=683%2C1024&ssl=1&resize=350%2C200","width":350,"height":200},"classes":[]},{"id":1381,"url":"https:\/\/multiformas.com.co\/es\/blog\/2018\/07\/06\/piensas-renovar-tu-oficina-tendencias-2018\/","url_meta":{"origin":1054,"position":4},"title":"\u00bfPiensas renovar tu oficina? tendencias 2018","date":"julio 6, 2018","format":false,"excerpt":"En el 2018 las formas, los colores y estilos nos han invadido, si a\u00fan tiene dudas para renovar tus espacios en PCD Multiformas te mostramos las tendencias que han prometido quedarse hasta el final. \u00bfPreparado? \u00a0 Minimalismo \u00a0 Mucho se habla del minimalismo, una tendencia que ya lleva bastante tiempo\u2026","rel":"","context":"En \u00abDecoraci\u00f3n\u00bb","img":{"alt_text":"","src":"https:\/\/i2.wp.com\/multiformas.com.co\/es\/blog\/wp-content\/uploads\/2017\/11\/DSC_0304.jpg?fit=1200%2C800&ssl=1&resize=350%2C200","width":350,"height":200},"classes":[]},{"id":1123,"url":"https:\/\/multiformas.com.co\/es\/blog\/2018\/03\/21\/hablemos-del-restaurant-sartoria-y-su-diseno-interior\/","url_meta":{"origin":1054,"position":5},"title":"Hablemos del Restaurant Sartoria y su dise\u00f1o interior","date":"marzo 21, 2018","format":false,"excerpt":"Encontrar una buena trattoria Italiana en Am\u00e9rica Latina no es nada inusual, pero si encontrar una trattoria donde te sientas como dentro de una bodega de vinos si es algo \u00fanico. Conoce como se logro este maravilloso dise\u00f1o interior. \u00a0 \u00a0 \u00a0 Sartoria combina una cafeter\u00eda llamada Buna y el\u2026","rel":"","context":"En \u00abEstilo de Vida\u00bb","img":{"alt_text":"","src":"https:\/\/i1.wp.com\/multiformas.com.co\/es\/blog\/wp-content\/uploads\/2018\/03\/restaurant-sartoria-dise\u00f1o-interior-9.jpg?fit=1200%2C800&ssl=1&resize=350%2C200","width":350,"height":200},"classes":[]}],"_links":{"self":[{"href":"https:\/\/multiformas.com.co\/es\/blog\/wp-json\/wp\/v2\/posts\/1054"}],"collection":[{"href":"https:\/\/multiformas.com.co\/es\/blog\/wp-json\/wp\/v2\/posts"}],"about":[{"href":"https:\/\/multiformas.com.co\/es\/blog\/wp-json\/wp\/v2\/types\/post"}],"author":[{"embeddable":true,"href":"https:\/\/multiformas.com.co\/es\/blog\/wp-json\/wp\/v2\/users\/1"}],"replies":[{"embeddable":true,"href":"https:\/\/multiformas.com.co\/es\/blog\/wp-json\/wp\/v2\/comments?post=1054"}],"version-history":[{"count":5,"href":"https:\/\/multiformas.com.co\/es\/blog\/wp-json\/wp\/v2\/posts\/1054\/revisions"}],"predecessor-version":[{"id":1125,"href":"https:\/\/multiformas.com.co\/es\/blog\/wp-json\/wp\/v2\/posts\/1054\/revisions\/1125"}],"wp:featuredmedia":[{"embeddable":true,"href":"https:\/\/multiformas.com.co\/es\/blog\/wp-json\/wp\/v2\/media\/1059"}],"wp:attachment":[{"href":"https:\/\/multiformas.com.co\/es\/blog\/wp-json\/wp\/v2\/media?parent=1054"}],"wp:term":[{"taxonomy":"category","embeddable":true,"href":"https:\/\/multiformas.com.co\/es\/blog\/wp-json\/wp\/v2\/categories?post=1054"},{"taxonomy":"post_tag","embeddable":true,"href":"https:\/\/multiformas.com.co\/es\/blog\/wp-json\/wp\/v2\/tags?post=1054"}],"curies":[{"name":"wp","href":"https:\/\/api.w.org\/{rel}","templated":true}]}}