{"id":1091,"date":"2018-03-08T23:38:56","date_gmt":"2018-03-08T23:38:56","guid":{"rendered":"https:\/\/multiformas.com.co\/es\/blog\/?p=1091"},"modified":"2018-03-08T23:38:56","modified_gmt":"2018-03-08T23:38:56","slug":"las-tendencias-en-mobiliario-que-marcaran-el-2018","status":"publish","type":"post","link":"https:\/\/multiformas.com.co\/es\/blog\/2018\/03\/08\/las-tendencias-en-mobiliario-que-marcaran-el-2018\/","title":{"rendered":"Las tendencias en mobiliario que marcaran el 2018"},"content":{"rendered":"<p>La feria internacional\u00a0IMM Cologne es pionera en mostrarnos cual es la tendencia en mobiliario para este a\u00f1o en curso y es grato para nosotros mostrarte lo que deber\u00eda tener toda oficina y espacio comercial para estar a la altura de los que aprecian el buen gusto.<\/p>\n<p>IMM Cologne es una exposici\u00f3n Alemana que<strong> re\u00fane a los mejores interioristas, dise\u00f1adores y creativos internacionales<\/strong> quienes marcan la pauta para las empresas de mobiliario y dise\u00f1o interior, <strong>la propuesta incluye muebles y accesorios como lamparas y alfombras para el hogar, oficinas y espacios comerciales.<\/strong><\/p>\n<p>Un dato un poco curioso de este evento es que <strong>solo se permite la entrada (entre semana) a conocidos del tema y especialistas en dise\u00f1o interior, arquitectura y mobiliario<\/strong>, para el resto del com\u00fan solo se permite la entrada los fines de semana, para quienes es posible adquirir alg\u00fan articulo de la exposici\u00f3n ademas de nutrirse de informaci\u00f3n general sobre interiorismo.<\/p>\n<p>&nbsp;<\/p>\n<h3><em><strong>\u00bfQue encontramos este a\u00f1o en Cologne?<\/strong><\/em><\/h3>\n<p>&nbsp;<\/p>\n<p>Este a\u00f1o como cada a\u00f1o <strong>los expositores se enfrentan a la tarea de innovar y presentar piezas de dise\u00f1o funcional<\/strong>, atractivas pero \u00fatiles que puedan incluirse en la tendencia que tiene largo tiempo en la palestra, el minimalismo que ha tomado \u00faltimamente la forma de estilo N\u00f3rdico por la similitud de esquemas.<\/p>\n<p>Por eso no solo vimos <strong>piezas de dise\u00f1o con gracia y belleza<\/strong> expuesta como en un museo, sino que tambi\u00e9n pudimos observar piezas funcionales como alfombras, instalaciones el\u00e9ctricas, l\u00e1mparas, peque\u00f1os muebles, acolchados y tapizados, muebles de estilo, de madera maciza y textiles, ademas de de un sin fin de opciones para cada espacio.<\/p>\n<p>Te mostraremos lo mas relevante de este evento \u00bfest\u00e1s preparado?<\/p>\n<p>&nbsp;<\/p>\n<h3><em>Iluminaci\u00f3n<\/em><\/h3>\n<p>&nbsp;<\/p>\n<figure id=\"attachment_1093\" aria-describedby=\"caption-attachment-1093\" style=\"width: 678px\" class=\"wp-caption aligncenter\"><img data-attachment-id=\"1093\" data-permalink=\"https:\/\/multiformas.com.co\/es\/blog\/2018\/03\/08\/las-tendencias-en-mobiliario-que-marcaran-el-2018\/tendencias-mobiliario-2\/\" data-orig-file=\"https:\/\/i2.wp.com\/multiformas.com.co\/es\/blog\/wp-content\/uploads\/2018\/03\/tendencias-mobiliario-2.jpg?fit=678%2C770&amp;ssl=1\" data-orig-size=\"678,770\" data-comments-opened=\"1\" data-image-meta=\"{&quot;aperture&quot;:&quot;0&quot;,&quot;credit&quot;:&quot;&quot;,&quot;camera&quot;:&quot;&quot;,&quot;caption&quot;:&quot;&quot;,&quot;created_timestamp&quot;:&quot;0&quot;,&quot;copyright&quot;:&quot;&quot;,&quot;focal_length&quot;:&quot;0&quot;,&quot;iso&quot;:&quot;0&quot;,&quot;shutter_speed&quot;:&quot;0&quot;,&quot;title&quot;:&quot;&quot;,&quot;orientation&quot;:&quot;0&quot;}\" data-image-title=\"tendencias-mobiliario-2\" data-image-description=\"\" data-medium-file=\"https:\/\/i2.wp.com\/multiformas.com.co\/es\/blog\/wp-content\/uploads\/2018\/03\/tendencias-mobiliario-2.jpg?fit=264%2C300&amp;ssl=1\" data-large-file=\"https:\/\/i2.wp.com\/multiformas.com.co\/es\/blog\/wp-content\/uploads\/2018\/03\/tendencias-mobiliario-2.jpg?fit=640%2C727&amp;ssl=1\" loading=\"lazy\" class=\"wp-image-1093 size-full\" src=\"https:\/\/i2.wp.com\/multiformas.com.co\/es\/blog\/wp-content\/uploads\/2018\/03\/tendencias-mobiliario-2.jpg?resize=640%2C727&#038;ssl=1\" alt=\"\" width=\"640\" height=\"727\" srcset=\"https:\/\/i2.wp.com\/multiformas.com.co\/es\/blog\/wp-content\/uploads\/2018\/03\/tendencias-mobiliario-2.jpg?w=678&amp;ssl=1 678w, https:\/\/i2.wp.com\/multiformas.com.co\/es\/blog\/wp-content\/uploads\/2018\/03\/tendencias-mobiliario-2.jpg?resize=264%2C300&amp;ssl=1 264w, https:\/\/i2.wp.com\/multiformas.com.co\/es\/blog\/wp-content\/uploads\/2018\/03\/tendencias-mobiliario-2.jpg?resize=600%2C681&amp;ssl=1 600w\" sizes=\"(max-width: 640px) 100vw, 640px\" data-recalc-dims=\"1\" \/><figcaption id=\"caption-attachment-1093\" class=\"wp-caption-text\">Skan<br \/> Dise\u00f1o por Lievore Altherr Molina<\/figcaption><\/figure>\n<p>&nbsp;<\/p>\n<p>Las l\u00e1mparas Skan tienen iluminaci\u00f3n LED y viene en acabado lacado rojo, blanco y gris grafito mate, que se adaptan a cualquier proyecto de interiorismo.<\/p>\n<p>&nbsp;<\/p>\n<figure id=\"attachment_1092\" aria-describedby=\"caption-attachment-1092\" style=\"width: 1219px\" class=\"wp-caption aligncenter\"><img data-attachment-id=\"1092\" data-permalink=\"https:\/\/multiformas.com.co\/es\/blog\/2018\/03\/08\/las-tendencias-en-mobiliario-que-marcaran-el-2018\/tendencias-mobiliario\/\" data-orig-file=\"https:\/\/i1.wp.com\/multiformas.com.co\/es\/blog\/wp-content\/uploads\/2018\/03\/Tendencias-mobiliario.jpg?fit=1219%2C770&amp;ssl=1\" data-orig-size=\"1219,770\" data-comments-opened=\"1\" data-image-meta=\"{&quot;aperture&quot;:&quot;0&quot;,&quot;credit&quot;:&quot;&quot;,&quot;camera&quot;:&quot;&quot;,&quot;caption&quot;:&quot;&quot;,&quot;created_timestamp&quot;:&quot;0&quot;,&quot;copyright&quot;:&quot;&quot;,&quot;focal_length&quot;:&quot;0&quot;,&quot;iso&quot;:&quot;0&quot;,&quot;shutter_speed&quot;:&quot;0&quot;,&quot;title&quot;:&quot;&quot;,&quot;orientation&quot;:&quot;0&quot;}\" data-image-title=\"Tendencias-mobiliario\" data-image-description=\"\" data-medium-file=\"https:\/\/i1.wp.com\/multiformas.com.co\/es\/blog\/wp-content\/uploads\/2018\/03\/Tendencias-mobiliario.jpg?fit=300%2C189&amp;ssl=1\" data-large-file=\"https:\/\/i1.wp.com\/multiformas.com.co\/es\/blog\/wp-content\/uploads\/2018\/03\/Tendencias-mobiliario.jpg?fit=640%2C404&amp;ssl=1\" loading=\"lazy\" class=\"wp-image-1092 size-full\" src=\"https:\/\/i1.wp.com\/multiformas.com.co\/es\/blog\/wp-content\/uploads\/2018\/03\/Tendencias-mobiliario.jpg?resize=640%2C404&#038;ssl=1\" alt=\"\" width=\"640\" height=\"404\" srcset=\"https:\/\/i1.wp.com\/multiformas.com.co\/es\/blog\/wp-content\/uploads\/2018\/03\/Tendencias-mobiliario.jpg?w=1219&amp;ssl=1 1219w, https:\/\/i1.wp.com\/multiformas.com.co\/es\/blog\/wp-content\/uploads\/2018\/03\/Tendencias-mobiliario.jpg?resize=300%2C189&amp;ssl=1 300w, https:\/\/i1.wp.com\/multiformas.com.co\/es\/blog\/wp-content\/uploads\/2018\/03\/Tendencias-mobiliario.jpg?resize=768%2C485&amp;ssl=1 768w, https:\/\/i1.wp.com\/multiformas.com.co\/es\/blog\/wp-content\/uploads\/2018\/03\/Tendencias-mobiliario.jpg?resize=1024%2C647&amp;ssl=1 1024w, https:\/\/i1.wp.com\/multiformas.com.co\/es\/blog\/wp-content\/uploads\/2018\/03\/Tendencias-mobiliario.jpg?resize=600%2C379&amp;ssl=1 600w\" sizes=\"(max-width: 640px) 100vw, 640px\" data-recalc-dims=\"1\" \/><figcaption id=\"caption-attachment-1092\" class=\"wp-caption-text\">Skan<br \/> Dise\u00f1o por Lievore Altherr Molina<\/figcaption><\/figure>\n<p>&nbsp;<\/p>\n<figure id=\"attachment_1094\" aria-describedby=\"caption-attachment-1094\" style=\"width: 1141px\" class=\"wp-caption aligncenter\"><img data-attachment-id=\"1094\" data-permalink=\"https:\/\/multiformas.com.co\/es\/blog\/2018\/03\/08\/las-tendencias-en-mobiliario-que-marcaran-el-2018\/tendencias-mobiliario-4\/\" data-orig-file=\"https:\/\/i2.wp.com\/multiformas.com.co\/es\/blog\/wp-content\/uploads\/2018\/03\/tendencias-mobiliario-4.jpg?fit=1141%2C770&amp;ssl=1\" data-orig-size=\"1141,770\" data-comments-opened=\"1\" data-image-meta=\"{&quot;aperture&quot;:&quot;0&quot;,&quot;credit&quot;:&quot;&quot;,&quot;camera&quot;:&quot;&quot;,&quot;caption&quot;:&quot;&quot;,&quot;created_timestamp&quot;:&quot;0&quot;,&quot;copyright&quot;:&quot;&quot;,&quot;focal_length&quot;:&quot;0&quot;,&quot;iso&quot;:&quot;0&quot;,&quot;shutter_speed&quot;:&quot;0&quot;,&quot;title&quot;:&quot;&quot;,&quot;orientation&quot;:&quot;0&quot;}\" data-image-title=\"tendencias-mobiliario-4\" data-image-description=\"\" data-medium-file=\"https:\/\/i2.wp.com\/multiformas.com.co\/es\/blog\/wp-content\/uploads\/2018\/03\/tendencias-mobiliario-4.jpg?fit=300%2C202&amp;ssl=1\" data-large-file=\"https:\/\/i2.wp.com\/multiformas.com.co\/es\/blog\/wp-content\/uploads\/2018\/03\/tendencias-mobiliario-4.jpg?fit=640%2C432&amp;ssl=1\" loading=\"lazy\" class=\"wp-image-1094 size-full\" src=\"https:\/\/i2.wp.com\/multiformas.com.co\/es\/blog\/wp-content\/uploads\/2018\/03\/tendencias-mobiliario-4.jpg?resize=640%2C432&#038;ssl=1\" alt=\"\" width=\"640\" height=\"432\" srcset=\"https:\/\/i2.wp.com\/multiformas.com.co\/es\/blog\/wp-content\/uploads\/2018\/03\/tendencias-mobiliario-4.jpg?w=1141&amp;ssl=1 1141w, https:\/\/i2.wp.com\/multiformas.com.co\/es\/blog\/wp-content\/uploads\/2018\/03\/tendencias-mobiliario-4.jpg?resize=300%2C202&amp;ssl=1 300w, https:\/\/i2.wp.com\/multiformas.com.co\/es\/blog\/wp-content\/uploads\/2018\/03\/tendencias-mobiliario-4.jpg?resize=768%2C518&amp;ssl=1 768w, https:\/\/i2.wp.com\/multiformas.com.co\/es\/blog\/wp-content\/uploads\/2018\/03\/tendencias-mobiliario-4.jpg?resize=1024%2C691&amp;ssl=1 1024w, https:\/\/i2.wp.com\/multiformas.com.co\/es\/blog\/wp-content\/uploads\/2018\/03\/tendencias-mobiliario-4.jpg?resize=600%2C405&amp;ssl=1 600w, https:\/\/i2.wp.com\/multiformas.com.co\/es\/blog\/wp-content\/uploads\/2018\/03\/tendencias-mobiliario-4.jpg?resize=90%2C60&amp;ssl=1 90w, https:\/\/i2.wp.com\/multiformas.com.co\/es\/blog\/wp-content\/uploads\/2018\/03\/tendencias-mobiliario-4.jpg?resize=250%2C170&amp;ssl=1 250w\" sizes=\"(max-width: 640px) 100vw, 640px\" data-recalc-dims=\"1\" \/><figcaption id=\"caption-attachment-1094\" class=\"wp-caption-text\">Pin son un dise\u00f1o de Ichiro Iwasaki<\/figcaption><\/figure>\n<p>&nbsp;<\/p>\n<p>Esta l\u00e1mpara de aplique es ideal para una iluminaci\u00f3n ambiental funcionando tipo mural o en salas de lectura. Fabricada para dar una iluminaci\u00f3n de luz LED y en acabados negro, blanco, crema y verde.<\/p>\n<p>&nbsp;<\/p>\n<figure id=\"attachment_1095\" aria-describedby=\"caption-attachment-1095\" style=\"width: 770px\" class=\"wp-caption aligncenter\"><img data-attachment-id=\"1095\" data-permalink=\"https:\/\/multiformas.com.co\/es\/blog\/2018\/03\/08\/las-tendencias-en-mobiliario-que-marcaran-el-2018\/tendencias-mobiliario-5\/\" data-orig-file=\"https:\/\/i2.wp.com\/multiformas.com.co\/es\/blog\/wp-content\/uploads\/2018\/03\/tendencias-mobiliario-5.jpg?fit=770%2C770&amp;ssl=1\" data-orig-size=\"770,770\" data-comments-opened=\"1\" data-image-meta=\"{&quot;aperture&quot;:&quot;0&quot;,&quot;credit&quot;:&quot;&quot;,&quot;camera&quot;:&quot;&quot;,&quot;caption&quot;:&quot;&quot;,&quot;created_timestamp&quot;:&quot;0&quot;,&quot;copyright&quot;:&quot;&quot;,&quot;focal_length&quot;:&quot;0&quot;,&quot;iso&quot;:&quot;0&quot;,&quot;shutter_speed&quot;:&quot;0&quot;,&quot;title&quot;:&quot;&quot;,&quot;orientation&quot;:&quot;0&quot;}\" data-image-title=\"tendencias-mobiliario-5\" data-image-description=\"\" data-medium-file=\"https:\/\/i2.wp.com\/multiformas.com.co\/es\/blog\/wp-content\/uploads\/2018\/03\/tendencias-mobiliario-5.jpg?fit=300%2C300&amp;ssl=1\" data-large-file=\"https:\/\/i2.wp.com\/multiformas.com.co\/es\/blog\/wp-content\/uploads\/2018\/03\/tendencias-mobiliario-5.jpg?fit=640%2C640&amp;ssl=1\" loading=\"lazy\" class=\"wp-image-1095 size-full\" src=\"https:\/\/i2.wp.com\/multiformas.com.co\/es\/blog\/wp-content\/uploads\/2018\/03\/tendencias-mobiliario-5.jpg?resize=640%2C640&#038;ssl=1\" alt=\"\" width=\"640\" height=\"640\" srcset=\"https:\/\/i2.wp.com\/multiformas.com.co\/es\/blog\/wp-content\/uploads\/2018\/03\/tendencias-mobiliario-5.jpg?w=770&amp;ssl=1 770w, https:\/\/i2.wp.com\/multiformas.com.co\/es\/blog\/wp-content\/uploads\/2018\/03\/tendencias-mobiliario-5.jpg?resize=150%2C150&amp;ssl=1 150w, https:\/\/i2.wp.com\/multiformas.com.co\/es\/blog\/wp-content\/uploads\/2018\/03\/tendencias-mobiliario-5.jpg?resize=300%2C300&amp;ssl=1 300w, https:\/\/i2.wp.com\/multiformas.com.co\/es\/blog\/wp-content\/uploads\/2018\/03\/tendencias-mobiliario-5.jpg?resize=768%2C768&amp;ssl=1 768w, https:\/\/i2.wp.com\/multiformas.com.co\/es\/blog\/wp-content\/uploads\/2018\/03\/tendencias-mobiliario-5.jpg?resize=600%2C600&amp;ssl=1 600w\" sizes=\"(max-width: 640px) 100vw, 640px\" data-recalc-dims=\"1\" \/><figcaption id=\"caption-attachment-1095\" class=\"wp-caption-text\">Pin son un dise\u00f1o de Ichiro Iwasaki<\/figcaption><\/figure>\n<h3><\/h3>\n<h3><b><i>Sillas y sillones\u00a0<\/i><\/b><\/h3>\n<p>&nbsp;<\/p>\n<p>De la firma italiana Neri&amp;hu presenta esta pieza de la colecci\u00f3n Bay mostrando un estilo simple pero innovador un puff con espaldar con aspecto ligero, perfecto para terrazas y recepciones al aire libre.<\/p>\n<figure id=\"attachment_1097\" aria-describedby=\"caption-attachment-1097\" style=\"width: 621px\" class=\"wp-caption aligncenter\"><img data-attachment-id=\"1097\" data-permalink=\"https:\/\/multiformas.com.co\/es\/blog\/2018\/03\/08\/las-tendencias-en-mobiliario-que-marcaran-el-2018\/tendencias-mobiliario-6\/\" data-orig-file=\"https:\/\/i0.wp.com\/multiformas.com.co\/es\/blog\/wp-content\/uploads\/2018\/03\/tendencias-mobiliario-6.jpg?fit=621%2C463&amp;ssl=1\" data-orig-size=\"621,463\" data-comments-opened=\"1\" data-image-meta=\"{&quot;aperture&quot;:&quot;0&quot;,&quot;credit&quot;:&quot;&quot;,&quot;camera&quot;:&quot;P45+&quot;,&quot;caption&quot;:&quot;&quot;,&quot;created_timestamp&quot;:&quot;1510046295&quot;,&quot;copyright&quot;:&quot;&quot;,&quot;focal_length&quot;:&quot;0&quot;,&quot;iso&quot;:&quot;50&quot;,&quot;shutter_speed&quot;:&quot;1&quot;,&quot;title&quot;:&quot;&quot;,&quot;orientation&quot;:&quot;1&quot;}\" data-image-title=\"tendencias-mobiliario-6\" data-image-description=\"\" data-medium-file=\"https:\/\/i0.wp.com\/multiformas.com.co\/es\/blog\/wp-content\/uploads\/2018\/03\/tendencias-mobiliario-6.jpg?fit=300%2C224&amp;ssl=1\" data-large-file=\"https:\/\/i0.wp.com\/multiformas.com.co\/es\/blog\/wp-content\/uploads\/2018\/03\/tendencias-mobiliario-6.jpg?fit=621%2C463&amp;ssl=1\" loading=\"lazy\" class=\"wp-image-1097 size-full\" src=\"https:\/\/i0.wp.com\/multiformas.com.co\/es\/blog\/wp-content\/uploads\/2018\/03\/tendencias-mobiliario-6.jpg?resize=621%2C463&#038;ssl=1\" alt=\"\" width=\"621\" height=\"463\" srcset=\"https:\/\/i0.wp.com\/multiformas.com.co\/es\/blog\/wp-content\/uploads\/2018\/03\/tendencias-mobiliario-6.jpg?w=621&amp;ssl=1 621w, https:\/\/i0.wp.com\/multiformas.com.co\/es\/blog\/wp-content\/uploads\/2018\/03\/tendencias-mobiliario-6.jpg?resize=300%2C224&amp;ssl=1 300w, https:\/\/i0.wp.com\/multiformas.com.co\/es\/blog\/wp-content\/uploads\/2018\/03\/tendencias-mobiliario-6.jpg?resize=600%2C447&amp;ssl=1 600w\" sizes=\"(max-width: 621px) 100vw, 621px\" data-recalc-dims=\"1\" \/><figcaption id=\"caption-attachment-1097\" class=\"wp-caption-text\"><a href=\"https:\/\/www.bebitalia.com\/es\/sofa-bay\">Neri&amp;Hu. Colecci\u00f3n Bay<\/a><\/figcaption><\/figure>\n<p>&nbsp;<\/p>\n<p>Consta de una estructura de aluminio trenzado con apariencia tejido org\u00e1nico y la pieza central de reposo es tapizada, otorgando elegancia, confort y refinamiento al espacio.<\/p>\n<p>&nbsp;<\/p>\n<figure id=\"attachment_1098\" aria-describedby=\"caption-attachment-1098\" style=\"width: 1200px\" class=\"wp-caption aligncenter\"><img data-attachment-id=\"1098\" data-permalink=\"https:\/\/multiformas.com.co\/es\/blog\/2018\/03\/08\/las-tendencias-en-mobiliario-que-marcaran-el-2018\/tendencias-mobiliario-7\/\" data-orig-file=\"https:\/\/i2.wp.com\/multiformas.com.co\/es\/blog\/wp-content\/uploads\/2018\/03\/tendencias-mobiliario-7.jpg?fit=1200%2C900&amp;ssl=1\" data-orig-size=\"1200,900\" data-comments-opened=\"1\" data-image-meta=\"{&quot;aperture&quot;:&quot;0&quot;,&quot;credit&quot;:&quot;&quot;,&quot;camera&quot;:&quot;&quot;,&quot;caption&quot;:&quot;&quot;,&quot;created_timestamp&quot;:&quot;0&quot;,&quot;copyright&quot;:&quot;&quot;,&quot;focal_length&quot;:&quot;0&quot;,&quot;iso&quot;:&quot;0&quot;,&quot;shutter_speed&quot;:&quot;0&quot;,&quot;title&quot;:&quot;&quot;,&quot;orientation&quot;:&quot;1&quot;}\" data-image-title=\"tendencias-mobiliario-7\" data-image-description=\"\" data-medium-file=\"https:\/\/i2.wp.com\/multiformas.com.co\/es\/blog\/wp-content\/uploads\/2018\/03\/tendencias-mobiliario-7.jpg?fit=300%2C225&amp;ssl=1\" data-large-file=\"https:\/\/i2.wp.com\/multiformas.com.co\/es\/blog\/wp-content\/uploads\/2018\/03\/tendencias-mobiliario-7.jpg?fit=640%2C480&amp;ssl=1\" loading=\"lazy\" class=\"wp-image-1098 size-full\" src=\"https:\/\/i2.wp.com\/multiformas.com.co\/es\/blog\/wp-content\/uploads\/2018\/03\/tendencias-mobiliario-7.jpg?resize=640%2C480&#038;ssl=1\" alt=\"\" width=\"640\" height=\"480\" srcset=\"https:\/\/i2.wp.com\/multiformas.com.co\/es\/blog\/wp-content\/uploads\/2018\/03\/tendencias-mobiliario-7.jpg?w=1200&amp;ssl=1 1200w, https:\/\/i2.wp.com\/multiformas.com.co\/es\/blog\/wp-content\/uploads\/2018\/03\/tendencias-mobiliario-7.jpg?resize=300%2C225&amp;ssl=1 300w, https:\/\/i2.wp.com\/multiformas.com.co\/es\/blog\/wp-content\/uploads\/2018\/03\/tendencias-mobiliario-7.jpg?resize=768%2C576&amp;ssl=1 768w, https:\/\/i2.wp.com\/multiformas.com.co\/es\/blog\/wp-content\/uploads\/2018\/03\/tendencias-mobiliario-7.jpg?resize=1024%2C768&amp;ssl=1 1024w, https:\/\/i2.wp.com\/multiformas.com.co\/es\/blog\/wp-content\/uploads\/2018\/03\/tendencias-mobiliario-7.jpg?resize=600%2C450&amp;ssl=1 600w\" sizes=\"(max-width: 640px) 100vw, 640px\" data-recalc-dims=\"1\" \/><figcaption id=\"caption-attachment-1098\" class=\"wp-caption-text\"><a href=\"https:\/\/ecussleep.com\/es\/producto\/sillon-vega\/\">Sill\u00f3n Vega de Teresa Sapey<\/a><\/figcaption><\/figure>\n<p>&nbsp;<\/p>\n<p>Vega es un sill\u00f3n ideal para ese espacio en la oficina dedicado al descanso, charla y lectura con su aspecto cl\u00e1sico pero moderno y actual.<\/p>\n<p>&nbsp;<\/p>\n<figure id=\"attachment_1100\" aria-describedby=\"caption-attachment-1100\" style=\"width: 525px\" class=\"wp-caption aligncenter\"><img data-attachment-id=\"1100\" data-permalink=\"https:\/\/multiformas.com.co\/es\/blog\/2018\/03\/08\/las-tendencias-en-mobiliario-que-marcaran-el-2018\/tendencia-mobiliario-8-2\/\" data-orig-file=\"https:\/\/i1.wp.com\/multiformas.com.co\/es\/blog\/wp-content\/uploads\/2018\/03\/tendencia-mobiliario-8-2.jpg?fit=525%2C700&amp;ssl=1\" data-orig-size=\"525,700\" data-comments-opened=\"1\" data-image-meta=\"{&quot;aperture&quot;:&quot;0&quot;,&quot;credit&quot;:&quot;&quot;,&quot;camera&quot;:&quot;&quot;,&quot;caption&quot;:&quot;&quot;,&quot;created_timestamp&quot;:&quot;0&quot;,&quot;copyright&quot;:&quot;&quot;,&quot;focal_length&quot;:&quot;0&quot;,&quot;iso&quot;:&quot;0&quot;,&quot;shutter_speed&quot;:&quot;0&quot;,&quot;title&quot;:&quot;&quot;,&quot;orientation&quot;:&quot;1&quot;}\" data-image-title=\"tendencia-mobiliario-8 (2)\" data-image-description=\"\" data-medium-file=\"https:\/\/i1.wp.com\/multiformas.com.co\/es\/blog\/wp-content\/uploads\/2018\/03\/tendencia-mobiliario-8-2.jpg?fit=225%2C300&amp;ssl=1\" data-large-file=\"https:\/\/i1.wp.com\/multiformas.com.co\/es\/blog\/wp-content\/uploads\/2018\/03\/tendencia-mobiliario-8-2.jpg?fit=525%2C700&amp;ssl=1\" loading=\"lazy\" class=\"wp-image-1100 size-full\" src=\"https:\/\/i1.wp.com\/multiformas.com.co\/es\/blog\/wp-content\/uploads\/2018\/03\/tendencia-mobiliario-8-2.jpg?resize=525%2C700&#038;ssl=1\" alt=\"\" width=\"525\" height=\"700\" srcset=\"https:\/\/i1.wp.com\/multiformas.com.co\/es\/blog\/wp-content\/uploads\/2018\/03\/tendencia-mobiliario-8-2.jpg?w=525&amp;ssl=1 525w, https:\/\/i1.wp.com\/multiformas.com.co\/es\/blog\/wp-content\/uploads\/2018\/03\/tendencia-mobiliario-8-2.jpg?resize=225%2C300&amp;ssl=1 225w\" sizes=\"(max-width: 525px) 100vw, 525px\" data-recalc-dims=\"1\" \/><figcaption id=\"caption-attachment-1100\" class=\"wp-caption-text\"><a href=\"https:\/\/menu.as\/en\/furniture\/harbour-chair-shell-steel-base\/\">menu.as<\/a><\/figcaption><\/figure>\n<p>&nbsp;<\/p>\n<p>Esta elegante silla de Menu.as\u00a0 esta dise\u00f1ada en base de acero y tapizada en cuero, es perfecta para oficinas, restaurantes y salas de conferencias ofreciendo comodidad debido a su soporte lumbar y elegancia en sus 6 colores.<\/p>\n<p>&nbsp;<\/p>\n<figure id=\"attachment_1101\" aria-describedby=\"caption-attachment-1101\" style=\"width: 1050px\" class=\"wp-caption aligncenter\"><img data-attachment-id=\"1101\" data-permalink=\"https:\/\/multiformas.com.co\/es\/blog\/2018\/03\/08\/las-tendencias-en-mobiliario-que-marcaran-el-2018\/tendencias-mobiliario-10\/\" data-orig-file=\"https:\/\/i1.wp.com\/multiformas.com.co\/es\/blog\/wp-content\/uploads\/2018\/03\/tendencias-mobiliario.10.jpg?fit=1050%2C1500&amp;ssl=1\" data-orig-size=\"1050,1500\" data-comments-opened=\"1\" data-image-meta=\"{&quot;aperture&quot;:&quot;0&quot;,&quot;credit&quot;:&quot;&quot;,&quot;camera&quot;:&quot;&quot;,&quot;caption&quot;:&quot;&quot;,&quot;created_timestamp&quot;:&quot;0&quot;,&quot;copyright&quot;:&quot;&quot;,&quot;focal_length&quot;:&quot;0&quot;,&quot;iso&quot;:&quot;0&quot;,&quot;shutter_speed&quot;:&quot;0&quot;,&quot;title&quot;:&quot;&quot;,&quot;orientation&quot;:&quot;0&quot;}\" data-image-title=\"tendencias-mobiliario.10\" data-image-description=\"\" data-medium-file=\"https:\/\/i1.wp.com\/multiformas.com.co\/es\/blog\/wp-content\/uploads\/2018\/03\/tendencias-mobiliario.10.jpg?fit=210%2C300&amp;ssl=1\" data-large-file=\"https:\/\/i1.wp.com\/multiformas.com.co\/es\/blog\/wp-content\/uploads\/2018\/03\/tendencias-mobiliario.10.jpg?fit=640%2C914&amp;ssl=1\" loading=\"lazy\" class=\"wp-image-1101 size-full\" src=\"https:\/\/i1.wp.com\/multiformas.com.co\/es\/blog\/wp-content\/uploads\/2018\/03\/tendencias-mobiliario.10.jpg?resize=640%2C914&#038;ssl=1\" alt=\"\" width=\"640\" height=\"914\" srcset=\"https:\/\/i1.wp.com\/multiformas.com.co\/es\/blog\/wp-content\/uploads\/2018\/03\/tendencias-mobiliario.10.jpg?w=1050&amp;ssl=1 1050w, https:\/\/i1.wp.com\/multiformas.com.co\/es\/blog\/wp-content\/uploads\/2018\/03\/tendencias-mobiliario.10.jpg?resize=210%2C300&amp;ssl=1 210w, https:\/\/i1.wp.com\/multiformas.com.co\/es\/blog\/wp-content\/uploads\/2018\/03\/tendencias-mobiliario.10.jpg?resize=768%2C1097&amp;ssl=1 768w, https:\/\/i1.wp.com\/multiformas.com.co\/es\/blog\/wp-content\/uploads\/2018\/03\/tendencias-mobiliario.10.jpg?resize=717%2C1024&amp;ssl=1 717w, https:\/\/i1.wp.com\/multiformas.com.co\/es\/blog\/wp-content\/uploads\/2018\/03\/tendencias-mobiliario.10.jpg?resize=600%2C857&amp;ssl=1 600w\" sizes=\"(max-width: 640px) 100vw, 640px\" data-recalc-dims=\"1\" \/><figcaption id=\"caption-attachment-1101\" class=\"wp-caption-text\">Harbor Chair<\/figcaption><\/figure>\n<p>&nbsp;<\/p>\n<p><img data-attachment-id=\"1102\" data-permalink=\"https:\/\/multiformas.com.co\/es\/blog\/2018\/03\/08\/las-tendencias-en-mobiliario-que-marcaran-el-2018\/tendencias-mobiliario-9\/\" data-orig-file=\"https:\/\/i1.wp.com\/multiformas.com.co\/es\/blog\/wp-content\/uploads\/2018\/03\/tendencias-mobiliario-9.jpg?fit=1019%2C1019&amp;ssl=1\" data-orig-size=\"1019,1019\" data-comments-opened=\"1\" data-image-meta=\"{&quot;aperture&quot;:&quot;0&quot;,&quot;credit&quot;:&quot;&quot;,&quot;camera&quot;:&quot;&quot;,&quot;caption&quot;:&quot;&quot;,&quot;created_timestamp&quot;:&quot;0&quot;,&quot;copyright&quot;:&quot;&quot;,&quot;focal_length&quot;:&quot;0&quot;,&quot;iso&quot;:&quot;0&quot;,&quot;shutter_speed&quot;:&quot;0&quot;,&quot;title&quot;:&quot;&quot;,&quot;orientation&quot;:&quot;0&quot;}\" data-image-title=\"tendencias-mobiliario-9\" data-image-description=\"\" data-medium-file=\"https:\/\/i1.wp.com\/multiformas.com.co\/es\/blog\/wp-content\/uploads\/2018\/03\/tendencias-mobiliario-9.jpg?fit=300%2C300&amp;ssl=1\" data-large-file=\"https:\/\/i1.wp.com\/multiformas.com.co\/es\/blog\/wp-content\/uploads\/2018\/03\/tendencias-mobiliario-9.jpg?fit=640%2C640&amp;ssl=1\" loading=\"lazy\" class=\"aligncenter wp-image-1102 size-full\" src=\"https:\/\/i1.wp.com\/multiformas.com.co\/es\/blog\/wp-content\/uploads\/2018\/03\/tendencias-mobiliario-9.jpg?resize=640%2C640&#038;ssl=1\" alt=\"\" width=\"640\" height=\"640\" srcset=\"https:\/\/i1.wp.com\/multiformas.com.co\/es\/blog\/wp-content\/uploads\/2018\/03\/tendencias-mobiliario-9.jpg?w=1019&amp;ssl=1 1019w, https:\/\/i1.wp.com\/multiformas.com.co\/es\/blog\/wp-content\/uploads\/2018\/03\/tendencias-mobiliario-9.jpg?resize=150%2C150&amp;ssl=1 150w, https:\/\/i1.wp.com\/multiformas.com.co\/es\/blog\/wp-content\/uploads\/2018\/03\/tendencias-mobiliario-9.jpg?resize=300%2C300&amp;ssl=1 300w, https:\/\/i1.wp.com\/multiformas.com.co\/es\/blog\/wp-content\/uploads\/2018\/03\/tendencias-mobiliario-9.jpg?resize=768%2C768&amp;ssl=1 768w, https:\/\/i1.wp.com\/multiformas.com.co\/es\/blog\/wp-content\/uploads\/2018\/03\/tendencias-mobiliario-9.jpg?resize=600%2C600&amp;ssl=1 600w\" sizes=\"(max-width: 640px) 100vw, 640px\" data-recalc-dims=\"1\" \/><\/p>\n<h3><\/h3>\n<h3><\/h3>\n<h3><em><strong>Mesas auxiliares<\/strong><\/em><\/h3>\n<p>&nbsp;<\/p>\n<p>Las mesas de Max Enrich proporcionan un buen soporte en acero y delicadeza al mismo tiempo, viene en diferentes colores (azul, blanco, negro y vino) y tama\u00f1os y figuras geom\u00e9tricas que en conjunto forman una composici\u00f3n perfecta para cualquier sala de espera moderna.<\/p>\n<p>&nbsp;<\/p>\n<figure id=\"attachment_1103\" aria-describedby=\"caption-attachment-1103\" style=\"width: 1024px\" class=\"wp-caption aligncenter\"><img data-attachment-id=\"1103\" data-permalink=\"https:\/\/multiformas.com.co\/es\/blog\/2018\/03\/08\/las-tendencias-en-mobiliario-que-marcaran-el-2018\/tendencias-mobiliario-10-2\/\" data-orig-file=\"https:\/\/i1.wp.com\/multiformas.com.co\/es\/blog\/wp-content\/uploads\/2018\/03\/tendencias-mobiliario-10.jpg?fit=1024%2C768&amp;ssl=1\" data-orig-size=\"1024,768\" data-comments-opened=\"1\" data-image-meta=\"{&quot;aperture&quot;:&quot;0&quot;,&quot;credit&quot;:&quot;&quot;,&quot;camera&quot;:&quot;&quot;,&quot;caption&quot;:&quot;&quot;,&quot;created_timestamp&quot;:&quot;0&quot;,&quot;copyright&quot;:&quot;&quot;,&quot;focal_length&quot;:&quot;0&quot;,&quot;iso&quot;:&quot;0&quot;,&quot;shutter_speed&quot;:&quot;0&quot;,&quot;title&quot;:&quot;&quot;,&quot;orientation&quot;:&quot;0&quot;}\" data-image-title=\"tendencias-mobiliario-10\" data-image-description=\"\" data-medium-file=\"https:\/\/i1.wp.com\/multiformas.com.co\/es\/blog\/wp-content\/uploads\/2018\/03\/tendencias-mobiliario-10.jpg?fit=300%2C225&amp;ssl=1\" data-large-file=\"https:\/\/i1.wp.com\/multiformas.com.co\/es\/blog\/wp-content\/uploads\/2018\/03\/tendencias-mobiliario-10.jpg?fit=640%2C480&amp;ssl=1\" loading=\"lazy\" class=\"wp-image-1103 size-full\" src=\"https:\/\/i1.wp.com\/multiformas.com.co\/es\/blog\/wp-content\/uploads\/2018\/03\/tendencias-mobiliario-10.jpg?resize=640%2C480&#038;ssl=1\" alt=\"\" width=\"640\" height=\"480\" srcset=\"https:\/\/i1.wp.com\/multiformas.com.co\/es\/blog\/wp-content\/uploads\/2018\/03\/tendencias-mobiliario-10.jpg?w=1024&amp;ssl=1 1024w, https:\/\/i1.wp.com\/multiformas.com.co\/es\/blog\/wp-content\/uploads\/2018\/03\/tendencias-mobiliario-10.jpg?resize=300%2C225&amp;ssl=1 300w, https:\/\/i1.wp.com\/multiformas.com.co\/es\/blog\/wp-content\/uploads\/2018\/03\/tendencias-mobiliario-10.jpg?resize=768%2C576&amp;ssl=1 768w, https:\/\/i1.wp.com\/multiformas.com.co\/es\/blog\/wp-content\/uploads\/2018\/03\/tendencias-mobiliario-10.jpg?resize=600%2C450&amp;ssl=1 600w\" sizes=\"(max-width: 640px) 100vw, 640px\" data-recalc-dims=\"1\" \/><figcaption id=\"caption-attachment-1103\" class=\"wp-caption-text\"><a href=\"http:\/\/www.petitefriture.com\/eng\/33\/fiche\/produits\/fiche_produit\/57886\/973\">petitefriture<\/a><\/figcaption><\/figure>\n<p>&nbsp;<\/p>\n<p><img data-attachment-id=\"1104\" data-permalink=\"https:\/\/multiformas.com.co\/es\/blog\/2018\/03\/08\/las-tendencias-en-mobiliario-que-marcaran-el-2018\/tendencia-mobiliario-11\/\" data-orig-file=\"https:\/\/i0.wp.com\/multiformas.com.co\/es\/blog\/wp-content\/uploads\/2018\/03\/tendencia-mobiliario-11.jpg?fit=621%2C414&amp;ssl=1\" data-orig-size=\"621,414\" data-comments-opened=\"1\" data-image-meta=\"{&quot;aperture&quot;:&quot;10&quot;,&quot;credit&quot;:&quot;&quot;,&quot;camera&quot;:&quot;Canon EOS 5D Mark IV&quot;,&quot;caption&quot;:&quot;&quot;,&quot;created_timestamp&quot;:&quot;1508841893&quot;,&quot;copyright&quot;:&quot;&quot;,&quot;focal_length&quot;:&quot;50&quot;,&quot;iso&quot;:&quot;800&quot;,&quot;shutter_speed&quot;:&quot;0.16666666666667&quot;,&quot;title&quot;:&quot;&quot;,&quot;orientation&quot;:&quot;1&quot;}\" data-image-title=\"tendencia-mobiliario-11\" data-image-description=\"\" data-medium-file=\"https:\/\/i0.wp.com\/multiformas.com.co\/es\/blog\/wp-content\/uploads\/2018\/03\/tendencia-mobiliario-11.jpg?fit=300%2C200&amp;ssl=1\" data-large-file=\"https:\/\/i0.wp.com\/multiformas.com.co\/es\/blog\/wp-content\/uploads\/2018\/03\/tendencia-mobiliario-11.jpg?fit=621%2C414&amp;ssl=1\" loading=\"lazy\" class=\"aligncenter wp-image-1104 size-full\" src=\"https:\/\/i0.wp.com\/multiformas.com.co\/es\/blog\/wp-content\/uploads\/2018\/03\/tendencia-mobiliario-11.jpg?resize=621%2C414&#038;ssl=1\" alt=\"\" width=\"621\" height=\"414\" srcset=\"https:\/\/i0.wp.com\/multiformas.com.co\/es\/blog\/wp-content\/uploads\/2018\/03\/tendencia-mobiliario-11.jpg?w=621&amp;ssl=1 621w, https:\/\/i0.wp.com\/multiformas.com.co\/es\/blog\/wp-content\/uploads\/2018\/03\/tendencia-mobiliario-11.jpg?resize=300%2C200&amp;ssl=1 300w, https:\/\/i0.wp.com\/multiformas.com.co\/es\/blog\/wp-content\/uploads\/2018\/03\/tendencia-mobiliario-11.jpg?resize=600%2C400&amp;ssl=1 600w, https:\/\/i0.wp.com\/multiformas.com.co\/es\/blog\/wp-content\/uploads\/2018\/03\/tendencia-mobiliario-11.jpg?resize=90%2C60&amp;ssl=1 90w\" sizes=\"(max-width: 621px) 100vw, 621px\" data-recalc-dims=\"1\" \/><\/p>\n<p>&nbsp;<\/p>\n<p>&nbsp;<\/p>\n<p>La mesa auxiliar de Freistil marca alemana, nos sorprende con la funcionalidad del dise\u00f1o, la asa permite que sea transportada de un espacio a otro sin dificultad y con elegancia.<\/p>\n<p>&nbsp;<\/p>\n<figure id=\"attachment_1099\" aria-describedby=\"caption-attachment-1099\" style=\"width: 621px\" class=\"wp-caption aligncenter\"><img data-attachment-id=\"1099\" data-permalink=\"https:\/\/multiformas.com.co\/es\/blog\/2018\/03\/08\/las-tendencias-en-mobiliario-que-marcaran-el-2018\/tendencia-mobiliario-8\/\" data-orig-file=\"https:\/\/i0.wp.com\/multiformas.com.co\/es\/blog\/wp-content\/uploads\/2018\/03\/tendencia-mobiliario-8.jpg?fit=621%2C415&amp;ssl=1\" data-orig-size=\"621,415\" data-comments-opened=\"1\" data-image-meta=\"{&quot;aperture&quot;:&quot;0&quot;,&quot;credit&quot;:&quot;&quot;,&quot;camera&quot;:&quot;&quot;,&quot;caption&quot;:&quot;&quot;,&quot;created_timestamp&quot;:&quot;0&quot;,&quot;copyright&quot;:&quot;www.studio-khf.de&quot;,&quot;focal_length&quot;:&quot;0&quot;,&quot;iso&quot;:&quot;0&quot;,&quot;shutter_speed&quot;:&quot;0&quot;,&quot;title&quot;:&quot;&quot;,&quot;orientation&quot;:&quot;1&quot;}\" data-image-title=\"tendencia-mobiliario-8\" data-image-description=\"\" data-medium-file=\"https:\/\/i0.wp.com\/multiformas.com.co\/es\/blog\/wp-content\/uploads\/2018\/03\/tendencia-mobiliario-8.jpg?fit=300%2C200&amp;ssl=1\" data-large-file=\"https:\/\/i0.wp.com\/multiformas.com.co\/es\/blog\/wp-content\/uploads\/2018\/03\/tendencia-mobiliario-8.jpg?fit=621%2C415&amp;ssl=1\" loading=\"lazy\" class=\"wp-image-1099 size-full\" src=\"https:\/\/i0.wp.com\/multiformas.com.co\/es\/blog\/wp-content\/uploads\/2018\/03\/tendencia-mobiliario-8.jpg?resize=621%2C415&#038;ssl=1\" alt=\"\" width=\"621\" height=\"415\" srcset=\"https:\/\/i0.wp.com\/multiformas.com.co\/es\/blog\/wp-content\/uploads\/2018\/03\/tendencia-mobiliario-8.jpg?w=621&amp;ssl=1 621w, https:\/\/i0.wp.com\/multiformas.com.co\/es\/blog\/wp-content\/uploads\/2018\/03\/tendencia-mobiliario-8.jpg?resize=300%2C200&amp;ssl=1 300w, https:\/\/i0.wp.com\/multiformas.com.co\/es\/blog\/wp-content\/uploads\/2018\/03\/tendencia-mobiliario-8.jpg?resize=600%2C401&amp;ssl=1 600w, https:\/\/i0.wp.com\/multiformas.com.co\/es\/blog\/wp-content\/uploads\/2018\/03\/tendencia-mobiliario-8.jpg?resize=90%2C60&amp;ssl=1 90w\" sizes=\"(max-width: 621px) 100vw, 621px\" data-recalc-dims=\"1\" \/><figcaption id=\"caption-attachment-1099\" class=\"wp-caption-text\"><a href=\"https:\/\/www.freistil-rolfbenz.com\/en_INT\/products\/158.html\">Freistil Rolf Benz<\/a><\/figcaption><\/figure>\n<p>&nbsp;<\/p>\n<p>&nbsp;<\/p>\n<p>Esperamos que encuentres inspiraci\u00f3n para tu pr\u00f3ximo proyecto, en PCD Multiformas estamos gustosos de ayudarte a elevar tu oficina o espacio comercial a la altura de los grandes con productos de calidad y los mejores dise\u00f1os del mercado.<\/p>\n","protected":false},"excerpt":{"rendered":"<p>La feria internacional\u00a0IMM Cologne es pionera en mostrarnos cual es la tendencia en mobiliario para este a\u00f1o en curso y es grato para nosotros mostrarte lo que deber\u00eda tener toda <a href=\"https:\/\/multiformas.com.co\/es\/blog\/2018\/03\/08\/las-tendencias-en-mobiliario-que-marcaran-el-2018\/\" class=\"read-more button-fancy -red\"><span class=\"btn-arrow\"><\/span><span class=\"twp-read-more text\">Leer m\u00e1s<\/span><\/a><\/p>\n","protected":false},"author":1,"featured_media":1106,"comment_status":"open","ping_status":"open","sticky":false,"template":"","format":"standard","meta":{"advanced_seo_description":"","spay_email":"","jetpack_publicize_message":"","jetpack_is_tweetstorm":false},"categories":[5],"tags":[35,39,37,62,170,25,36],"jetpack_featured_media_url":"https:\/\/i0.wp.com\/multiformas.com.co\/es\/blog\/wp-content\/uploads\/2018\/03\/tendencias-mobiliario-11.jpg?fit=1175%2C881&ssl=1","jetpack_publicize_connections":[],"jetpack_sharing_enabled":true,"jetpack_shortlink":"https:\/\/wp.me\/p9kzw1-hB","jetpack_likes_enabled":true,"jetpack-related-posts":[{"id":616,"url":"https:\/\/multiformas.com.co\/es\/blog\/2017\/12\/06\/mobiliario-de-inspiracion-geometrica-para-impactar\/","url_meta":{"origin":1091,"position":0},"title":"Mobiliario de inspiraci\u00f3n geom\u00e9trica para impactar","date":"diciembre 6, 2017","format":false,"excerpt":"\u00a0 Ning\u00fan amante al dise\u00f1o podr\u00e1 resistirse a la geometr\u00eda tomando control de su oficina; este tipo de dise\u00f1o aunque parece novedoso tiene sus or\u00edgenes en el Modernismo \u00f3 Art Nouveau, como se denomin\u00f3 en Francia y B\u00e9lgica debido a que representaba una renovaci\u00f3n en el dise\u00f1o que imperaba en\u2026","rel":"","context":"En \u00abMobiliario\u00bb","img":{"alt_text":"","src":"https:\/\/i1.wp.com\/multiformas.com.co\/es\/blog\/wp-content\/uploads\/2017\/12\/5450792d50c6d22f3ff6f1da7a974f98-unique-furniture-industrial-furniture.jpg?fit=730%2C548&ssl=1&resize=350%2C200","width":350,"height":200},"classes":[]},{"id":952,"url":"https:\/\/multiformas.com.co\/es\/blog\/2018\/01\/18\/en-el-interior-de-las-oficinas-de-skype-diseno-sin-limites\/","url_meta":{"origin":1091,"position":1},"title":"En el interior de las oficinas de Skype, dise\u00f1o sin limites.","date":"enero 18, 2018","format":false,"excerpt":"Skype los pioneros en telefon\u00eda a trav\u00e9s de Internet nos muestran sus oficinas en Estocolmo, como es de esperarse los dise\u00f1os son exclusivos para la firma, dignos de imitar para tu pr\u00f3ximo proyecto. Las oficinas de Skype en Estocolmo fueron dise\u00f1adas por\u00a0PS Arkitektur\u00a0una empresa dedicada a proyectos de arquitectura y\u2026","rel":"","context":"En \u00abDecoraci\u00f3n\u00bb","img":{"alt_text":"Oficina dise\u00f1o Skype","src":"https:\/\/i2.wp.com\/multiformas.com.co\/es\/blog\/wp-content\/uploads\/2018\/01\/oficina-dise\u00f1o-skype-7.jpg?fit=700%2C462&ssl=1&resize=350%2C200","width":350,"height":200},"classes":[]},{"id":1110,"url":"https:\/\/multiformas.com.co\/es\/blog\/2018\/03\/15\/como-escoger-la-pintura-ideal-para-mi-oficina\/","url_meta":{"origin":1091,"position":2},"title":"\u00bfC\u00f3mo escoger la pintura ideal para mi oficina?","date":"marzo 15, 2018","format":false,"excerpt":"\u00a0 El tema de la pintura casi siempre pasa desapercibido, nos enfocamos m\u00e1s en el mobiliario y los elementos decorativos sin pensar que el tono de pintura adecuado puede hacer que nuestro proyecto de remodelaci\u00f3n sea un \u00e9xito o un fracaso. En PCD Multiformas te ense\u00f1aremos como escoger la pintura\u2026","rel":"","context":"En \u00abDecoraci\u00f3n\u00bb","img":{"alt_text":"Oficina trivago","src":"https:\/\/i0.wp.com\/multiformas.com.co\/es\/blog\/wp-content\/uploads\/2017\/12\/reforma-oficina-trivago3-500x303.jpg?fit=500%2C303&ssl=1&resize=350%2C200","width":350,"height":200},"classes":[]},{"id":1293,"url":"https:\/\/multiformas.com.co\/es\/blog\/2018\/06\/10\/conoce-las-ultimas-tendencias-en-mobiliario-de-oficina\/","url_meta":{"origin":1091,"position":3},"title":"Conoce las ultimas tendencias en mobiliario de oficina","date":"junio 10, 2018","format":false,"excerpt":"Estamos a mitad de a\u00f1o y ya tenemos las nuevas tendencias para el \u00faltimo trimestre del a\u00f1o 2018, colores vibrantes, materiales eternos, y dise\u00f1o sin limites, en PDC Multiformas tenemos listo desde ya miles de ideas para tu nuevo proyecto. \u00a0 La nueva mousse Rafa Garc\u00eda uno de los dise\u00f1adores\u2026","rel":"","context":"En \u00abMobiliario\u00bb","img":{"alt_text":"","src":"https:\/\/i1.wp.com\/multiformas.com.co\/es\/blog\/wp-content\/uploads\/2018\/06\/coleccion-de-muebles-atom-de-boss-design-full.jpg?fit=1000%2C600&ssl=1&resize=350%2C200","width":350,"height":200},"classes":[]},{"id":1313,"url":"https:\/\/multiformas.com.co\/es\/blog\/2018\/06\/14\/como-saber-cual-es-la-mejor-opcion-en-divisiones-para-tu-oficina\/","url_meta":{"origin":1091,"position":4},"title":"C\u00f3mo saber c\u00faal es la mejor opci\u00f3n en divisiones para tu oficina.","date":"junio 14, 2018","format":false,"excerpt":"Las divisiones de oficina son importantes porque nos ayudan a distribuir mejor el espacio, sin embargo debemos saber que para cada necesidad existe un tipo de divisi\u00f3n que se adapta a la perfecci\u00f3n, la pregunta es \u00bfCu\u00e1l es tu necesidad? En PCD Multiformas te ayudamos a identificarla. \u00a0 La necesidad\u2026","rel":"","context":"En \u00abMobiliario\u00bb","img":{"alt_text":"","src":"https:\/\/i1.wp.com\/multiformas.com.co\/es\/blog\/wp-content\/uploads\/2018\/06\/pk30-dark-framed-glass-doors-swing-slide-1-e1488927596882.jpg?fit=1023%2C729&ssl=1&resize=350%2C200","width":350,"height":200},"classes":[]},{"id":1460,"url":"https:\/\/multiformas.com.co\/es\/blog\/2020\/03\/18\/tendencias-en-diseno-de-oficinas-para-este-2020\/","url_meta":{"origin":1091,"position":5},"title":"Tendencias en dise\u00f1o de oficinas para este 2020","date":"marzo 18, 2020","format":false,"excerpt":"Este a\u00f1o viene cargado de dinamismo, de cambios en la estructura de trabajo y \u00bfPor qu\u00e9 no? Tambi\u00e9n es hora de darle un giro a tu workplace con las tendencias 2020 en dise\u00f1o de oficinas. \u00a0 Salud y bienestar \u00a0 \u00a0 Tenemos bastante tiempo dando vueltas alrededor de un t\u00e9rmino\u2026","rel":"","context":"En \u00abDecoraci\u00f3n\u00bb","img":{"alt_text":"","src":"https:\/\/i2.wp.com\/multiformas.com.co\/es\/blog\/wp-content\/uploads\/2020\/03\/roundtable-828546_1280.jpg?fit=1200%2C675&ssl=1&resize=350%2C200","width":350,"height":200},"classes":[]}],"_links":{"self":[{"href":"https:\/\/multiformas.com.co\/es\/blog\/wp-json\/wp\/v2\/posts\/1091"}],"collection":[{"href":"https:\/\/multiformas.com.co\/es\/blog\/wp-json\/wp\/v2\/posts"}],"about":[{"href":"https:\/\/multiformas.com.co\/es\/blog\/wp-json\/wp\/v2\/types\/post"}],"author":[{"embeddable":true,"href":"https:\/\/multiformas.com.co\/es\/blog\/wp-json\/wp\/v2\/users\/1"}],"replies":[{"embeddable":true,"href":"https:\/\/multiformas.com.co\/es\/blog\/wp-json\/wp\/v2\/comments?post=1091"}],"version-history":[{"count":4,"href":"https:\/\/multiformas.com.co\/es\/blog\/wp-json\/wp\/v2\/posts\/1091\/revisions"}],"predecessor-version":[{"id":1108,"href":"https:\/\/multiformas.com.co\/es\/blog\/wp-json\/wp\/v2\/posts\/1091\/revisions\/1108"}],"wp:featuredmedia":[{"embeddable":true,"href":"https:\/\/multiformas.com.co\/es\/blog\/wp-json\/wp\/v2\/media\/1106"}],"wp:attachment":[{"href":"https:\/\/multiformas.com.co\/es\/blog\/wp-json\/wp\/v2\/media?parent=1091"}],"wp:term":[{"taxonomy":"category","embeddable":true,"href":"https:\/\/multiformas.com.co\/es\/blog\/wp-json\/wp\/v2\/categories?post=1091"},{"taxonomy":"post_tag","embeddable":true,"href":"https:\/\/multiformas.com.co\/es\/blog\/wp-json\/wp\/v2\/tags?post=1091"}],"curies":[{"name":"wp","href":"https:\/\/api.w.org\/{rel}","templated":true}]}}