{"id":1110,"date":"2018-03-15T00:33:21","date_gmt":"2018-03-15T00:33:21","guid":{"rendered":"https:\/\/multiformas.com.co\/es\/blog\/?p=1110"},"modified":"2018-03-15T00:33:27","modified_gmt":"2018-03-15T00:33:27","slug":"como-escoger-la-pintura-ideal-para-mi-oficina","status":"publish","type":"post","link":"https:\/\/multiformas.com.co\/es\/blog\/2018\/03\/15\/como-escoger-la-pintura-ideal-para-mi-oficina\/","title":{"rendered":"\u00bfC\u00f3mo escoger la pintura ideal para mi oficina?"},"content":{"rendered":"<p>&nbsp;<\/p>\n<p>El tema de la pintura casi siempre pasa desapercibido, nos enfocamos m\u00e1s en el mobiliario y los elementos decorativos sin pensar que el tono de pintura adecuado puede hacer que nuestro proyecto de remodelaci\u00f3n sea un \u00e9xito o un fracaso. En PCD Multiformas te ense\u00f1aremos como escoger la pintura adecuada para tu oficina.<\/p>\n<p>&nbsp;<\/p>\n<h3><em><strong>Los espacios\u00a0<\/strong><\/em><\/h3>\n<p>&nbsp;<\/p>\n<p>Primero debemos definir el estilo de nuestra oficina tomando en cuenta el mobiliario, para luego escoger el color en funci\u00f3n al dise\u00f1o y las texturas presentes, en este punto la pregunta m\u00e1s frecuente es \u00bfC\u00f3mo dispongo el color, en todas las paredes o solo en una? aqu\u00ed es donde entra en juego el espacio a nivel arquitect\u00f3nico para que saquemos provecho de columnas, marcos y detalles de la estructura, ademas nos indicara si necesitamos ampliar o reducir visualmente el espacio.<\/p>\n<p>&nbsp;<\/p>\n<p>&nbsp;<\/p>\n<figure id=\"attachment_955\" aria-describedby=\"caption-attachment-955\" style=\"width: 700px\" class=\"wp-caption aligncenter\"><img data-attachment-id=\"955\" data-permalink=\"https:\/\/multiformas.com.co\/es\/blog\/2018\/01\/18\/en-el-interior-de-las-oficinas-de-skype-diseno-sin-limites\/ofcina-diseno-skype-2\/\" data-orig-file=\"https:\/\/i1.wp.com\/multiformas.com.co\/es\/blog\/wp-content\/uploads\/2018\/01\/ofcina-dise\u00f1o-skype-2.jpg?fit=700%2C1028&amp;ssl=1\" data-orig-size=\"700,1028\" data-comments-opened=\"1\" data-image-meta=\"{&quot;aperture&quot;:&quot;10&quot;,&quot;credit&quot;:&quot;Jason Strong&quot;,&quot;camera&quot;:&quot;NIKON D3X&quot;,&quot;caption&quot;:&quot;&quot;,&quot;created_timestamp&quot;:&quot;1302102895&quot;,&quot;copyright&quot;:&quot;Jason Strong Photography&quot;,&quot;focal_length&quot;:&quot;24&quot;,&quot;iso&quot;:&quot;100&quot;,&quot;shutter_speed&quot;:&quot;1.3&quot;,&quot;title&quot;:&quot;&quot;,&quot;orientation&quot;:&quot;0&quot;}\" data-image-title=\"ofcina-dise\u00f1o-skype-2\" data-image-description=\"\" data-medium-file=\"https:\/\/i1.wp.com\/multiformas.com.co\/es\/blog\/wp-content\/uploads\/2018\/01\/ofcina-dise\u00f1o-skype-2.jpg?fit=204%2C300&amp;ssl=1\" data-large-file=\"https:\/\/i1.wp.com\/multiformas.com.co\/es\/blog\/wp-content\/uploads\/2018\/01\/ofcina-dise\u00f1o-skype-2.jpg?fit=640%2C940&amp;ssl=1\" loading=\"lazy\" class=\"wp-image-955 size-full\" src=\"https:\/\/i1.wp.com\/multiformas.com.co\/es\/blog\/wp-content\/uploads\/2018\/01\/ofcina-dise\u00f1o-skype-2.jpg?resize=640%2C940&#038;ssl=1\" alt=\"oficina dise\u00f1o skype\" width=\"640\" height=\"940\" srcset=\"https:\/\/i1.wp.com\/multiformas.com.co\/es\/blog\/wp-content\/uploads\/2018\/01\/ofcina-dise\u00f1o-skype-2.jpg?w=700&amp;ssl=1 700w, https:\/\/i1.wp.com\/multiformas.com.co\/es\/blog\/wp-content\/uploads\/2018\/01\/ofcina-dise\u00f1o-skype-2.jpg?resize=204%2C300&amp;ssl=1 204w, https:\/\/i1.wp.com\/multiformas.com.co\/es\/blog\/wp-content\/uploads\/2018\/01\/ofcina-dise\u00f1o-skype-2.jpg?resize=697%2C1024&amp;ssl=1 697w, https:\/\/i1.wp.com\/multiformas.com.co\/es\/blog\/wp-content\/uploads\/2018\/01\/ofcina-dise\u00f1o-skype-2.jpg?resize=600%2C881&amp;ssl=1 600w\" sizes=\"(max-width: 640px) 100vw, 640px\" data-recalc-dims=\"1\" \/><figcaption id=\"caption-attachment-955\" class=\"wp-caption-text\">officesnapshots<\/figcaption><\/figure>\n<p>&nbsp;<\/p>\n<h3><em><strong>Amplitud<\/strong><\/em><\/h3>\n<p>&nbsp;<\/p>\n<p>Si tenemos un espacio reducido y deseamos ampliar el lugar a nivel visual, es recomendable pintar las paredes de un tono fuerte (como en este caso rojo) que sea distinto al tono de techos y paredes que deber\u00e1n ser blancos si queremos amplitud visual.<\/p>\n<p>Puede ser que el blanco no sea tu color predilecto, sobretodo si tienes una empresa divertida y din\u00e1mica, por lo que conviene hacer uso de los vinilos decorativos en las paredes blancas.<\/p>\n<p>&nbsp;<\/p>\n<p>&nbsp;<\/p>\n<figure id=\"attachment_225\" aria-describedby=\"caption-attachment-225\" style=\"width: 670px\" class=\"wp-caption aligncenter\"><img data-attachment-id=\"225\" data-permalink=\"https:\/\/multiformas.com.co\/es\/blog\/2017\/11\/10\/la-imagen-corporativa-de-las-grandes-empresas\/002_mg_2167\/\" data-orig-file=\"https:\/\/i1.wp.com\/multiformas.com.co\/es\/blog\/wp-content\/uploads\/2017\/11\/002_MG_2167.jpg?fit=670%2C446&amp;ssl=1\" data-orig-size=\"670,446\" data-comments-opened=\"1\" data-image-meta=\"{&quot;aperture&quot;:&quot;5&quot;,&quot;credit&quot;:&quot;&quot;,&quot;camera&quot;:&quot;Canon EOS 5D Mark II&quot;,&quot;caption&quot;:&quot;&quot;,&quot;created_timestamp&quot;:&quot;1347375676&quot;,&quot;copyright&quot;:&quot;&quot;,&quot;focal_length&quot;:&quot;28&quot;,&quot;iso&quot;:&quot;400&quot;,&quot;shutter_speed&quot;:&quot;0.05&quot;,&quot;title&quot;:&quot;&quot;,&quot;orientation&quot;:&quot;1&quot;}\" data-image-title=\"002_MG_2167\" data-image-description=\"\" data-medium-file=\"https:\/\/i1.wp.com\/multiformas.com.co\/es\/blog\/wp-content\/uploads\/2017\/11\/002_MG_2167.jpg?fit=300%2C200&amp;ssl=1\" data-large-file=\"https:\/\/i1.wp.com\/multiformas.com.co\/es\/blog\/wp-content\/uploads\/2017\/11\/002_MG_2167.jpg?fit=640%2C426&amp;ssl=1\" loading=\"lazy\" class=\"wp-image-225 size-full\" src=\"https:\/\/i1.wp.com\/multiformas.com.co\/es\/blog\/wp-content\/uploads\/2017\/11\/002_MG_2167.jpg?resize=640%2C426&#038;ssl=1\" alt=\"\" width=\"640\" height=\"426\" srcset=\"https:\/\/i1.wp.com\/multiformas.com.co\/es\/blog\/wp-content\/uploads\/2017\/11\/002_MG_2167.jpg?w=670&amp;ssl=1 670w, https:\/\/i1.wp.com\/multiformas.com.co\/es\/blog\/wp-content\/uploads\/2017\/11\/002_MG_2167.jpg?resize=300%2C200&amp;ssl=1 300w, https:\/\/i1.wp.com\/multiformas.com.co\/es\/blog\/wp-content\/uploads\/2017\/11\/002_MG_2167.jpg?resize=90%2C60&amp;ssl=1 90w\" sizes=\"(max-width: 640px) 100vw, 640px\" data-recalc-dims=\"1\" \/><figcaption id=\"caption-attachment-225\" class=\"wp-caption-text\">Coca-Cola. Foto: jedharrisonfolio.com<\/figcaption><\/figure>\n<p>&nbsp;<\/p>\n<h3><strong><em>Espacios para tomar aire<\/em><\/strong><\/h3>\n<p>&nbsp;<\/p>\n<p>En el caso de una sala de juntas estilo n\u00f3rdico lo ideal son los tonos blancos, grises y pasteles que dan una sensaci\u00f3n de serenidad y tranquilidad donde todas las ideas pueden ser acopladas para dar paso a grandes proyectos.<\/p>\n<p>&nbsp;<\/p>\n<p><img data-attachment-id=\"730\" data-permalink=\"https:\/\/multiformas.com.co\/es\/blog\/2017\/12\/12\/conociendo-las-oficinas-de-trivago\/2560_3000-3\/\" data-orig-file=\"https:\/\/i1.wp.com\/multiformas.com.co\/es\/blog\/wp-content\/uploads\/2017\/12\/2560_3000-3.jpg?fit=650%2C433&amp;ssl=1\" data-orig-size=\"650,433\" data-comments-opened=\"1\" data-image-meta=\"{&quot;aperture&quot;:&quot;3.2&quot;,&quot;credit&quot;:&quot;&quot;,&quot;camera&quot;:&quot;Canon EOS 5D Mark III&quot;,&quot;caption&quot;:&quot;&quot;,&quot;created_timestamp&quot;:&quot;1373032875&quot;,&quot;copyright&quot;:&quot;&quot;,&quot;focal_length&quot;:&quot;24&quot;,&quot;iso&quot;:&quot;100&quot;,&quot;shutter_speed&quot;:&quot;0.016666666666667&quot;,&quot;title&quot;:&quot;&quot;,&quot;orientation&quot;:&quot;1&quot;}\" data-image-title=\"2560_3000 (3)\" data-image-description=\"\" data-medium-file=\"https:\/\/i1.wp.com\/multiformas.com.co\/es\/blog\/wp-content\/uploads\/2017\/12\/2560_3000-3.jpg?fit=300%2C200&amp;ssl=1\" data-large-file=\"https:\/\/i1.wp.com\/multiformas.com.co\/es\/blog\/wp-content\/uploads\/2017\/12\/2560_3000-3.jpg?fit=640%2C426&amp;ssl=1\" loading=\"lazy\" class=\"aligncenter wp-image-730 size-full\" src=\"https:\/\/i1.wp.com\/multiformas.com.co\/es\/blog\/wp-content\/uploads\/2017\/12\/2560_3000-3.jpg?resize=640%2C426&#038;ssl=1\" alt=\"\" width=\"640\" height=\"426\" srcset=\"https:\/\/i1.wp.com\/multiformas.com.co\/es\/blog\/wp-content\/uploads\/2017\/12\/2560_3000-3.jpg?w=650&amp;ssl=1 650w, https:\/\/i1.wp.com\/multiformas.com.co\/es\/blog\/wp-content\/uploads\/2017\/12\/2560_3000-3.jpg?resize=300%2C200&amp;ssl=1 300w, https:\/\/i1.wp.com\/multiformas.com.co\/es\/blog\/wp-content\/uploads\/2017\/12\/2560_3000-3.jpg?resize=600%2C400&amp;ssl=1 600w, https:\/\/i1.wp.com\/multiformas.com.co\/es\/blog\/wp-content\/uploads\/2017\/12\/2560_3000-3.jpg?resize=90%2C60&amp;ssl=1 90w\" sizes=\"(max-width: 640px) 100vw, 640px\" data-recalc-dims=\"1\" \/><\/p>\n<p>&nbsp;<\/p>\n<p>&nbsp;<\/p>\n<h3><em><strong>Despierta la creatividad<\/strong><\/em><\/h3>\n<p>&nbsp;<\/p>\n<p>Las oficinas llenas de color son un aliado para la creatividad y si tenemos un espacio muy amplio terminaremos por llenarlo de colores y objetos sin un concepto definido. Lo ideal en este caso es tomar un solo color vivo como turquesa, fucsia, violeta o verde manzana y uno claro, de manera que el mobiliario y los detalles sean de tu color favorito y las paredes en color blanco.<\/p>\n<p>SI ademas deseamos una oficina acogedora recortar la altura del lugar es lo recomendable, para eso podemos colocar el piso oscuro o del color escogido para los detalles de la decoraci\u00f3n.<\/p>\n<p>&nbsp;<\/p>\n<p>&nbsp;<\/p>\n<figure id=\"attachment_804\" aria-describedby=\"caption-attachment-804\" style=\"width: 558px\" class=\"wp-caption aligncenter\"><img data-attachment-id=\"804\" data-permalink=\"https:\/\/multiformas.com.co\/es\/blog\/2017\/12\/21\/trabajas-en-casa-7-consejos-infalibles-para-decorar-tu-oficina\/8f21a8bd0450416fbe597d791efcccf1\/\" data-orig-file=\"https:\/\/i1.wp.com\/multiformas.com.co\/es\/blog\/wp-content\/uploads\/2017\/12\/8f21a8bd0450416fbe597d791efcccf1.jpg?fit=558%2C558&amp;ssl=1\" data-orig-size=\"558,558\" data-comments-opened=\"1\" data-image-meta=\"{&quot;aperture&quot;:&quot;0&quot;,&quot;credit&quot;:&quot;&quot;,&quot;camera&quot;:&quot;&quot;,&quot;caption&quot;:&quot;&quot;,&quot;created_timestamp&quot;:&quot;0&quot;,&quot;copyright&quot;:&quot;&quot;,&quot;focal_length&quot;:&quot;0&quot;,&quot;iso&quot;:&quot;0&quot;,&quot;shutter_speed&quot;:&quot;0&quot;,&quot;title&quot;:&quot;&quot;,&quot;orientation&quot;:&quot;0&quot;}\" data-image-title=\"8f21a8bd0450416fbe597d791efcccf1\" data-image-description=\"\" data-medium-file=\"https:\/\/i1.wp.com\/multiformas.com.co\/es\/blog\/wp-content\/uploads\/2017\/12\/8f21a8bd0450416fbe597d791efcccf1.jpg?fit=300%2C300&amp;ssl=1\" data-large-file=\"https:\/\/i1.wp.com\/multiformas.com.co\/es\/blog\/wp-content\/uploads\/2017\/12\/8f21a8bd0450416fbe597d791efcccf1.jpg?fit=558%2C558&amp;ssl=1\" loading=\"lazy\" class=\"wp-image-804 size-full\" src=\"https:\/\/i1.wp.com\/multiformas.com.co\/es\/blog\/wp-content\/uploads\/2017\/12\/8f21a8bd0450416fbe597d791efcccf1.jpg?resize=558%2C558&#038;ssl=1\" alt=\"\" width=\"558\" height=\"558\" srcset=\"https:\/\/i1.wp.com\/multiformas.com.co\/es\/blog\/wp-content\/uploads\/2017\/12\/8f21a8bd0450416fbe597d791efcccf1.jpg?w=558&amp;ssl=1 558w, https:\/\/i1.wp.com\/multiformas.com.co\/es\/blog\/wp-content\/uploads\/2017\/12\/8f21a8bd0450416fbe597d791efcccf1.jpg?resize=150%2C150&amp;ssl=1 150w, https:\/\/i1.wp.com\/multiformas.com.co\/es\/blog\/wp-content\/uploads\/2017\/12\/8f21a8bd0450416fbe597d791efcccf1.jpg?resize=300%2C300&amp;ssl=1 300w\" sizes=\"(max-width: 558px) 100vw, 558px\" data-recalc-dims=\"1\" \/><figcaption id=\"caption-attachment-804\" class=\"wp-caption-text\">pbteen<\/figcaption><\/figure>\n<p>&nbsp;<\/p>\n<p>&nbsp;<\/p>\n<h3><em><strong>Compartir espacios<\/strong><\/em><\/h3>\n<p>&nbsp;<\/p>\n<p>Para oficinas abiertas que se conectan con otros espacios, debemos destacar el punto clave del espacio donde se ejecuta toda la acci\u00f3n del d\u00eda, para este fin pintaremos la pared de un color fuerte y el resto de blanco, incluso recomendamos pintar de colores contrastantes los espacios contiguos para diferencias los departamentos o actividades que tengan lugar en un espacio compartido.<\/p>\n<p>&nbsp;<\/p>\n<p>&nbsp;<\/p>\n<figure id=\"attachment_805\" aria-describedby=\"caption-attachment-805\" style=\"width: 564px\" class=\"wp-caption aligncenter\"><img data-attachment-id=\"805\" data-permalink=\"https:\/\/multiformas.com.co\/es\/blog\/2017\/12\/21\/trabajas-en-casa-7-consejos-infalibles-para-decorar-tu-oficina\/709f11633ab5f0c6d48cb2ca45d2b7d6\/\" data-orig-file=\"https:\/\/i0.wp.com\/multiformas.com.co\/es\/blog\/wp-content\/uploads\/2017\/12\/709f11633ab5f0c6d48cb2ca45d2b7d6.jpg?fit=564%2C846&amp;ssl=1\" data-orig-size=\"564,846\" data-comments-opened=\"1\" data-image-meta=\"{&quot;aperture&quot;:&quot;0&quot;,&quot;credit&quot;:&quot;&quot;,&quot;camera&quot;:&quot;&quot;,&quot;caption&quot;:&quot;&quot;,&quot;created_timestamp&quot;:&quot;0&quot;,&quot;copyright&quot;:&quot;&quot;,&quot;focal_length&quot;:&quot;0&quot;,&quot;iso&quot;:&quot;0&quot;,&quot;shutter_speed&quot;:&quot;0&quot;,&quot;title&quot;:&quot;&quot;,&quot;orientation&quot;:&quot;0&quot;}\" data-image-title=\"709f11633ab5f0c6d48cb2ca45d2b7d6\" data-image-description=\"\" data-medium-file=\"https:\/\/i0.wp.com\/multiformas.com.co\/es\/blog\/wp-content\/uploads\/2017\/12\/709f11633ab5f0c6d48cb2ca45d2b7d6.jpg?fit=200%2C300&amp;ssl=1\" data-large-file=\"https:\/\/i0.wp.com\/multiformas.com.co\/es\/blog\/wp-content\/uploads\/2017\/12\/709f11633ab5f0c6d48cb2ca45d2b7d6.jpg?fit=564%2C846&amp;ssl=1\" loading=\"lazy\" class=\"wp-image-805 size-full\" src=\"https:\/\/i0.wp.com\/multiformas.com.co\/es\/blog\/wp-content\/uploads\/2017\/12\/709f11633ab5f0c6d48cb2ca45d2b7d6.jpg?resize=564%2C846&#038;ssl=1\" alt=\"\" width=\"564\" height=\"846\" srcset=\"https:\/\/i0.wp.com\/multiformas.com.co\/es\/blog\/wp-content\/uploads\/2017\/12\/709f11633ab5f0c6d48cb2ca45d2b7d6.jpg?w=564&amp;ssl=1 564w, https:\/\/i0.wp.com\/multiformas.com.co\/es\/blog\/wp-content\/uploads\/2017\/12\/709f11633ab5f0c6d48cb2ca45d2b7d6.jpg?resize=200%2C300&amp;ssl=1 200w\" sizes=\"(max-width: 564px) 100vw, 564px\" data-recalc-dims=\"1\" \/><figcaption id=\"caption-attachment-805\" class=\"wp-caption-text\">abigailahern<\/figcaption><\/figure>\n<p>&nbsp;<\/p>\n<h3><span style=\"font-size: 24px;\"><b><i>Cl\u00e1sicos<\/i><\/b><\/span><em><strong>\u00a0<\/strong><\/em><\/h3>\n<p>&nbsp;<\/p>\n<p>Los espacios cl\u00e1sicos y modernos al mismo tiempo tambi\u00e9n tienen su secreto, combinar la gama de colores claros en distintas tonalidades de beige, blancos y pasteles, con piezas decorativas en colores fuertes aportando detalles \u00fanicos en azul, turquesa y rojo.<\/p>\n<p>&nbsp;<\/p>\n<p>&nbsp;<\/p>\n<figure id=\"attachment_808\" aria-describedby=\"caption-attachment-808\" style=\"width: 500px\" class=\"wp-caption aligncenter\"><img data-attachment-id=\"808\" data-permalink=\"https:\/\/multiformas.com.co\/es\/blog\/2017\/12\/21\/trabajas-en-casa-7-consejos-infalibles-para-decorar-tu-oficina\/fd905a52d414a97aebac5d086f880cdd\/\" data-orig-file=\"https:\/\/i0.wp.com\/multiformas.com.co\/es\/blog\/wp-content\/uploads\/2017\/12\/fd905a52d414a97aebac5d086f880cdd.jpg?fit=500%2C668&amp;ssl=1\" data-orig-size=\"500,668\" data-comments-opened=\"1\" data-image-meta=\"{&quot;aperture&quot;:&quot;0&quot;,&quot;credit&quot;:&quot;&quot;,&quot;camera&quot;:&quot;&quot;,&quot;caption&quot;:&quot;&quot;,&quot;created_timestamp&quot;:&quot;0&quot;,&quot;copyright&quot;:&quot;&quot;,&quot;focal_length&quot;:&quot;0&quot;,&quot;iso&quot;:&quot;0&quot;,&quot;shutter_speed&quot;:&quot;0&quot;,&quot;title&quot;:&quot;&quot;,&quot;orientation&quot;:&quot;0&quot;}\" data-image-title=\"fd905a52d414a97aebac5d086f880cdd\" data-image-description=\"\" data-medium-file=\"https:\/\/i0.wp.com\/multiformas.com.co\/es\/blog\/wp-content\/uploads\/2017\/12\/fd905a52d414a97aebac5d086f880cdd.jpg?fit=225%2C300&amp;ssl=1\" data-large-file=\"https:\/\/i0.wp.com\/multiformas.com.co\/es\/blog\/wp-content\/uploads\/2017\/12\/fd905a52d414a97aebac5d086f880cdd.jpg?fit=500%2C668&amp;ssl=1\" loading=\"lazy\" class=\"wp-image-808 size-full\" src=\"https:\/\/i0.wp.com\/multiformas.com.co\/es\/blog\/wp-content\/uploads\/2017\/12\/fd905a52d414a97aebac5d086f880cdd.jpg?resize=500%2C668&#038;ssl=1\" alt=\"\" width=\"500\" height=\"668\" srcset=\"https:\/\/i0.wp.com\/multiformas.com.co\/es\/blog\/wp-content\/uploads\/2017\/12\/fd905a52d414a97aebac5d086f880cdd.jpg?w=500&amp;ssl=1 500w, https:\/\/i0.wp.com\/multiformas.com.co\/es\/blog\/wp-content\/uploads\/2017\/12\/fd905a52d414a97aebac5d086f880cdd.jpg?resize=225%2C300&amp;ssl=1 225w\" sizes=\"(max-width: 500px) 100vw, 500px\" data-recalc-dims=\"1\" \/><figcaption id=\"caption-attachment-808\" class=\"wp-caption-text\">loombrand<\/figcaption><\/figure>\n<p>&nbsp;<\/p>\n<h3><em><strong>Color sin saturaci\u00f3n\u00a0<\/strong><\/em><\/h3>\n<p>&nbsp;<\/p>\n<p>Para presentar espacios amplios y llenos de color, debemos pintar las paredes y el piso de tonos fuertes y dejar el techo blanco, as\u00ed creamos un ambiente expandido a nivel de altura.<\/p>\n<p>En cuanto a las rayas es mejor cuidar el estilo y no saturarlo llenando todo el espacio de rayas, con una pared o una alfombra es suficiente.<\/p>\n<p>&nbsp;<\/p>\n<p>&nbsp;<\/p>\n<figure id=\"attachment_809\" aria-describedby=\"caption-attachment-809\" style=\"width: 500px\" class=\"wp-caption aligncenter\"><img data-attachment-id=\"809\" data-permalink=\"https:\/\/multiformas.com.co\/es\/blog\/2017\/12\/21\/trabajas-en-casa-7-consejos-infalibles-para-decorar-tu-oficina\/4525a9e899d45e15fbe8d391ec46578c\/\" data-orig-file=\"https:\/\/i1.wp.com\/multiformas.com.co\/es\/blog\/wp-content\/uploads\/2017\/12\/4525a9e899d45e15fbe8d391ec46578c.jpg?fit=500%2C660&amp;ssl=1\" data-orig-size=\"500,660\" data-comments-opened=\"1\" data-image-meta=\"{&quot;aperture&quot;:&quot;0&quot;,&quot;credit&quot;:&quot;&quot;,&quot;camera&quot;:&quot;&quot;,&quot;caption&quot;:&quot;&quot;,&quot;created_timestamp&quot;:&quot;0&quot;,&quot;copyright&quot;:&quot;&quot;,&quot;focal_length&quot;:&quot;0&quot;,&quot;iso&quot;:&quot;0&quot;,&quot;shutter_speed&quot;:&quot;0&quot;,&quot;title&quot;:&quot;&quot;,&quot;orientation&quot;:&quot;0&quot;}\" data-image-title=\"4525a9e899d45e15fbe8d391ec46578c\" data-image-description=\"\" data-medium-file=\"https:\/\/i1.wp.com\/multiformas.com.co\/es\/blog\/wp-content\/uploads\/2017\/12\/4525a9e899d45e15fbe8d391ec46578c.jpg?fit=227%2C300&amp;ssl=1\" data-large-file=\"https:\/\/i1.wp.com\/multiformas.com.co\/es\/blog\/wp-content\/uploads\/2017\/12\/4525a9e899d45e15fbe8d391ec46578c.jpg?fit=500%2C660&amp;ssl=1\" loading=\"lazy\" class=\"wp-image-809 size-full\" src=\"https:\/\/i1.wp.com\/multiformas.com.co\/es\/blog\/wp-content\/uploads\/2017\/12\/4525a9e899d45e15fbe8d391ec46578c.jpg?resize=500%2C660&#038;ssl=1\" alt=\"\" width=\"500\" height=\"660\" srcset=\"https:\/\/i1.wp.com\/multiformas.com.co\/es\/blog\/wp-content\/uploads\/2017\/12\/4525a9e899d45e15fbe8d391ec46578c.jpg?w=500&amp;ssl=1 500w, https:\/\/i1.wp.com\/multiformas.com.co\/es\/blog\/wp-content\/uploads\/2017\/12\/4525a9e899d45e15fbe8d391ec46578c.jpg?resize=227%2C300&amp;ssl=1 227w\" sizes=\"(max-width: 500px) 100vw, 500px\" data-recalc-dims=\"1\" \/><figcaption id=\"caption-attachment-809\" class=\"wp-caption-text\">onlinefabricstore<\/figcaption><\/figure>\n<p>&nbsp;<\/p>\n<p>&nbsp;<\/p>\n<h3><em><strong>Oficinas para todos\u00a0<\/strong><\/em><\/h3>\n<p>&nbsp;<\/p>\n<p>Un aspecto fundamental al momento de buscar un color para tu oficina es tomar en cuenta si es un ambiente separado del resto de las oficinas o es abierto, en este caso pintar cada \u00e1rea de un tono fuerte lograra realzar los espacios y convertir una oficina corriente en una oficina con estilo.<\/p>\n<p>&nbsp;<\/p>\n<p>&nbsp;<\/p>\n<figure id=\"attachment_1114\" aria-describedby=\"caption-attachment-1114\" style=\"width: 610px\" class=\"wp-caption aligncenter\"><img data-attachment-id=\"1114\" data-permalink=\"https:\/\/multiformas.com.co\/es\/blog\/2018\/03\/15\/como-escoger-la-pintura-ideal-para-mi-oficina\/3025567-poster-p-1-how-to-fix-open-offices-bad-for-work-610x342\/\" data-orig-file=\"https:\/\/i1.wp.com\/multiformas.com.co\/es\/blog\/wp-content\/uploads\/2018\/03\/3025567-poster-p-1-how-to-fix-open-offices-bad-for-work-610x342.jpg?fit=610%2C342&amp;ssl=1\" data-orig-size=\"610,342\" data-comments-opened=\"1\" data-image-meta=\"{&quot;aperture&quot;:&quot;0&quot;,&quot;credit&quot;:&quot;&quot;,&quot;camera&quot;:&quot;&quot;,&quot;caption&quot;:&quot;&quot;,&quot;created_timestamp&quot;:&quot;0&quot;,&quot;copyright&quot;:&quot;&quot;,&quot;focal_length&quot;:&quot;0&quot;,&quot;iso&quot;:&quot;0&quot;,&quot;shutter_speed&quot;:&quot;0&quot;,&quot;title&quot;:&quot;&quot;,&quot;orientation&quot;:&quot;0&quot;}\" data-image-title=\"3025567-poster-p-1-how-to-fix-open-offices-bad-for-work-610&#215;342\" data-image-description=\"\" data-medium-file=\"https:\/\/i1.wp.com\/multiformas.com.co\/es\/blog\/wp-content\/uploads\/2018\/03\/3025567-poster-p-1-how-to-fix-open-offices-bad-for-work-610x342.jpg?fit=300%2C168&amp;ssl=1\" data-large-file=\"https:\/\/i1.wp.com\/multiformas.com.co\/es\/blog\/wp-content\/uploads\/2018\/03\/3025567-poster-p-1-how-to-fix-open-offices-bad-for-work-610x342.jpg?fit=610%2C342&amp;ssl=1\" loading=\"lazy\" class=\"wp-image-1114 size-full\" src=\"https:\/\/i1.wp.com\/multiformas.com.co\/es\/blog\/wp-content\/uploads\/2018\/03\/3025567-poster-p-1-how-to-fix-open-offices-bad-for-work-610x342.jpg?resize=610%2C342&#038;ssl=1\" alt=\"\" width=\"610\" height=\"342\" srcset=\"https:\/\/i1.wp.com\/multiformas.com.co\/es\/blog\/wp-content\/uploads\/2018\/03\/3025567-poster-p-1-how-to-fix-open-offices-bad-for-work-610x342.jpg?resize=610%2C342&amp;ssl=1 610w, https:\/\/i1.wp.com\/multiformas.com.co\/es\/blog\/wp-content\/uploads\/2018\/03\/3025567-poster-p-1-how-to-fix-open-offices-bad-for-work-610x342.jpg?resize=300%2C168&amp;ssl=1 300w, https:\/\/i1.wp.com\/multiformas.com.co\/es\/blog\/wp-content\/uploads\/2018\/03\/3025567-poster-p-1-how-to-fix-open-offices-bad-for-work-610x342.jpg?resize=600%2C336&amp;ssl=1 600w\" sizes=\"(max-width: 610px) 100vw, 610px\" data-recalc-dims=\"1\" \/><figcaption id=\"caption-attachment-1114\" class=\"wp-caption-text\">hipertextual<\/figcaption><\/figure>\n<p>&nbsp;<\/p>\n<p>&nbsp;<\/p>\n<p>Sabemos que enfrentar una remodelaci\u00f3n o un nuevo proyecto no es f\u00e1cil, queremos que tus ideas sean sue\u00f1os cumplidos, por eso en PCD Multiformas estaremos gustosos de ayudarte a escoger el estilo, el dise\u00f1o, el mobiliario y el color ideal para tu oficina o espacio comercial, con pinturas para interiores con la mejor calidad, lavables, duraderas, sin olores y vinilos con los colores mas n\u00edtidos y f\u00e1ciles de reemplazar.<\/p>\n<p>No esperes m\u00e1s por la oficina de tus sue\u00f1os.<\/p>\n<p>&nbsp;<\/p>\n<p>&nbsp;<\/p>\n<p>&nbsp;<\/p>\n<p>&nbsp;<\/p>\n","protected":false},"excerpt":{"rendered":"<p>&nbsp; El tema de la pintura casi siempre pasa desapercibido, nos enfocamos m\u00e1s en el mobiliario y los elementos decorativos sin pensar que el tono de pintura adecuado puede hacer <a href=\"https:\/\/multiformas.com.co\/es\/blog\/2018\/03\/15\/como-escoger-la-pintura-ideal-para-mi-oficina\/\" class=\"read-more button-fancy -red\"><span class=\"btn-arrow\"><\/span><span class=\"twp-read-more text\">Leer m\u00e1s<\/span><\/a><\/p>\n","protected":false},"author":1,"featured_media":740,"comment_status":"open","ping_status":"open","sticky":false,"template":"","format":"standard","meta":{"advanced_seo_description":"","spay_email":"","jetpack_publicize_message":"","jetpack_is_tweetstorm":false},"categories":[7],"tags":[35,39,37,62,172,44,171,36],"jetpack_featured_media_url":"https:\/\/i0.wp.com\/multiformas.com.co\/es\/blog\/wp-content\/uploads\/2017\/12\/reforma-oficina-trivago3-500x303.jpg?fit=500%2C303&ssl=1","jetpack_publicize_connections":[],"jetpack_sharing_enabled":true,"jetpack_shortlink":"https:\/\/wp.me\/p9kzw1-hU","jetpack_likes_enabled":true,"jetpack-related-posts":[{"id":1145,"url":"https:\/\/multiformas.com.co\/es\/blog\/2018\/04\/03\/la-estanteria-ideal-para-tu-oficina\/","url_meta":{"origin":1110,"position":0},"title":"La estanter\u00eda ideal para tu oficina","date":"abril 3, 2018","format":false,"excerpt":"Si quieres tener una empresa de vanguardia debes saber que lo mas importante es como te representan sus espacios, la elegancia y el buen gusto deben marcar la pauta en el\u00a0 mobiliario, incluyendo las estanter\u00edas. Pero no te preocupes en PCD Multiformas te ense\u00f1amos todo lo que debes saber para\u2026","rel":"","context":"En \u00abMobiliario\u00bb","img":{"alt_text":"","src":"https:\/\/i0.wp.com\/multiformas.com.co\/es\/blog\/wp-content\/uploads\/2018\/04\/estanterias-de-oficina-11.jpg?fit=826%2C1024&ssl=1&resize=350%2C200","width":350,"height":200},"classes":[]},{"id":952,"url":"https:\/\/multiformas.com.co\/es\/blog\/2018\/01\/18\/en-el-interior-de-las-oficinas-de-skype-diseno-sin-limites\/","url_meta":{"origin":1110,"position":1},"title":"En el interior de las oficinas de Skype, dise\u00f1o sin limites.","date":"enero 18, 2018","format":false,"excerpt":"Skype los pioneros en telefon\u00eda a trav\u00e9s de Internet nos muestran sus oficinas en Estocolmo, como es de esperarse los dise\u00f1os son exclusivos para la firma, dignos de imitar para tu pr\u00f3ximo proyecto. Las oficinas de Skype en Estocolmo fueron dise\u00f1adas por\u00a0PS Arkitektur\u00a0una empresa dedicada a proyectos de arquitectura y\u2026","rel":"","context":"En \u00abDecoraci\u00f3n\u00bb","img":{"alt_text":"Oficina dise\u00f1o Skype","src":"https:\/\/i2.wp.com\/multiformas.com.co\/es\/blog\/wp-content\/uploads\/2018\/01\/oficina-dise\u00f1o-skype-7.jpg?fit=700%2C462&ssl=1&resize=350%2C200","width":350,"height":200},"classes":[]},{"id":1313,"url":"https:\/\/multiformas.com.co\/es\/blog\/2018\/06\/14\/como-saber-cual-es-la-mejor-opcion-en-divisiones-para-tu-oficina\/","url_meta":{"origin":1110,"position":2},"title":"C\u00f3mo saber c\u00faal es la mejor opci\u00f3n en divisiones para tu oficina.","date":"junio 14, 2018","format":false,"excerpt":"Las divisiones de oficina son importantes porque nos ayudan a distribuir mejor el espacio, sin embargo debemos saber que para cada necesidad existe un tipo de divisi\u00f3n que se adapta a la perfecci\u00f3n, la pregunta es \u00bfCu\u00e1l es tu necesidad? En PCD Multiformas te ayudamos a identificarla. \u00a0 La necesidad\u2026","rel":"","context":"En \u00abMobiliario\u00bb","img":{"alt_text":"","src":"https:\/\/i1.wp.com\/multiformas.com.co\/es\/blog\/wp-content\/uploads\/2018\/06\/pk30-dark-framed-glass-doors-swing-slide-1-e1488927596882.jpg?fit=1023%2C729&ssl=1&resize=350%2C200","width":350,"height":200},"classes":[]},{"id":1162,"url":"https:\/\/multiformas.com.co\/es\/blog\/2018\/04\/18\/lo-que-debes-saber-del-diseno-de-interiores\/","url_meta":{"origin":1110,"position":3},"title":"Lo que debes saber del dise\u00f1o de interiores","date":"abril 18, 2018","format":false,"excerpt":"En el dise\u00f1o de interiores no todo vale y no todo el mundo puede hacerlo, sin embargo al contratar a un experto debemos saber cuales son las bases para crear ese ambiente que sue\u00f1as. En PCD Multiformas te contamos lo que debes saber del dise\u00f1o de interiores. \u00a0 \u00bfCu\u00e1l es\u2026","rel":"","context":"En \u00abDecoraci\u00f3n\u00bb","img":{"alt_text":"Oficina dise\u00f1o Skype","src":"https:\/\/i2.wp.com\/multiformas.com.co\/es\/blog\/wp-content\/uploads\/2018\/01\/oficina-dise\u00f1o-skype-7.jpg?fit=700%2C462&ssl=1&resize=350%2C200","width":350,"height":200},"classes":[]},{"id":716,"url":"https:\/\/multiformas.com.co\/es\/blog\/2017\/12\/12\/conociendo-las-oficinas-de-trivago\/","url_meta":{"origin":1110,"position":4},"title":"Conociendo las oficinas de Trivago","date":"diciembre 12, 2017","format":false,"excerpt":"\u00a0 Trabajar en Trivago es un verdadero lujo con sus oficinas frente al mar en Palma de Mallorca, todo un sue\u00f1o. Muy a la usanza de Google cuenta con los colores primarios como un b\u00e1sico queriendo transmitir que ofrecen un servicio indispensable (igual a los colores b\u00e1sicos que aprendimos en\u2026","rel":"","context":"En \u00abDecoraci\u00f3n\u00bb","img":{"alt_text":"","src":"https:\/\/i2.wp.com\/multiformas.com.co\/es\/blog\/wp-content\/uploads\/2017\/12\/reforma-oficina-trivago.jpg?fit=520%2C314&ssl=1&resize=350%2C200","width":350,"height":200},"classes":[]},{"id":1277,"url":"https:\/\/multiformas.com.co\/es\/blog\/2018\/06\/05\/atrevete-a-impactar-con-el-estilo-oriental-para-tu-oficina\/","url_meta":{"origin":1110,"position":5},"title":"Atr\u00e9vete a impactar con el estilo oriental para tu oficina","date":"junio 5, 2018","format":false,"excerpt":"Estamos aburridos de la oficina tradicional, colores claros, escritorio, sillas y l\u00e1mparas simples que no reflejan la personalidad de quien habita el espacio, por eso te proponemos hacer un cambio radical, emplear colores vibrantes o crear un ambiente relajado pero elegante, con el estilo oriental lo puedes hacer, en PCD\u2026","rel":"","context":"En \u00abDecoraci\u00f3n\u00bb","img":{"alt_text":"","src":"https:\/\/i2.wp.com\/multiformas.com.co\/es\/blog\/wp-content\/uploads\/2018\/06\/estilo-oriental-para-oficinas.jpg?fit=560%2C420&ssl=1&resize=350%2C200","width":350,"height":200},"classes":[]}],"_links":{"self":[{"href":"https:\/\/multiformas.com.co\/es\/blog\/wp-json\/wp\/v2\/posts\/1110"}],"collection":[{"href":"https:\/\/multiformas.com.co\/es\/blog\/wp-json\/wp\/v2\/posts"}],"about":[{"href":"https:\/\/multiformas.com.co\/es\/blog\/wp-json\/wp\/v2\/types\/post"}],"author":[{"embeddable":true,"href":"https:\/\/multiformas.com.co\/es\/blog\/wp-json\/wp\/v2\/users\/1"}],"replies":[{"embeddable":true,"href":"https:\/\/multiformas.com.co\/es\/blog\/wp-json\/wp\/v2\/comments?post=1110"}],"version-history":[{"count":6,"href":"https:\/\/multiformas.com.co\/es\/blog\/wp-json\/wp\/v2\/posts\/1110\/revisions"}],"predecessor-version":[{"id":1117,"href":"https:\/\/multiformas.com.co\/es\/blog\/wp-json\/wp\/v2\/posts\/1110\/revisions\/1117"}],"wp:featuredmedia":[{"embeddable":true,"href":"https:\/\/multiformas.com.co\/es\/blog\/wp-json\/wp\/v2\/media\/740"}],"wp:attachment":[{"href":"https:\/\/multiformas.com.co\/es\/blog\/wp-json\/wp\/v2\/media?parent=1110"}],"wp:term":[{"taxonomy":"category","embeddable":true,"href":"https:\/\/multiformas.com.co\/es\/blog\/wp-json\/wp\/v2\/categories?post=1110"},{"taxonomy":"post_tag","embeddable":true,"href":"https:\/\/multiformas.com.co\/es\/blog\/wp-json\/wp\/v2\/tags?post=1110"}],"curies":[{"name":"wp","href":"https:\/\/api.w.org\/{rel}","templated":true}]}}