{"id":1118,"date":"2018-03-16T22:28:08","date_gmt":"2018-03-16T22:28:08","guid":{"rendered":"https:\/\/multiformas.com.co\/es\/blog\/?p=1118"},"modified":"2018-03-16T22:28:08","modified_gmt":"2018-03-16T22:28:08","slug":"lo-que-deberias-saber-antes-de-construir-una-oficina-abierta","status":"publish","type":"post","link":"https:\/\/multiformas.com.co\/es\/blog\/2018\/03\/16\/lo-que-deberias-saber-antes-de-construir-una-oficina-abierta\/","title":{"rendered":"Lo que deber\u00edas saber antes de construir una oficina abierta"},"content":{"rendered":"<h4>Las oficinas abiertas est\u00e1n de moda desde hace ya bastante tiempo, son las reinas de la practicad y solo necesitamos un espacio abierto donde instalar varios m\u00f3dulos con todo lo necesario para ser productivos. Sin embargo, tiene sus contras y te contaremos lo que deber\u00edas saber antes de construir una oficina abierta.<\/h4>\n<h4>Fueron creadas para reducir espacio en empresas que se encontraban en expansi\u00f3n, en este sentido no podemos negar que a medida que nuestra empresa comienza a creer y necesitamos m\u00e1s colaboradores enfrentamos la tarea de encontrar un espacio adecuado para cada uno sin que afecte las finanzas de la empresa.<\/h4>\n<h4>Otro punto a favor de este tipo de estructura es que fomenta la comunicaci\u00f3n entre los colaboradores y gracias a eso aumenta la productividad, porque sin movernos del asiento podemos intercambiar ideas con nuestro vecino, pedir material de trabajo e incluso tener una charla casual.<\/h4>\n<h4>Pero&#8230; \u00bfQu\u00e9 pasa cuando la hipercomunicaci\u00f3n hace su entrada triunfal y comienza a estorbar los objetivos de la empresa?<\/h4>\n<h4>Llegamos a las desventajas, lo que deber\u00edas saber antes de construir una oficina abierta.<\/h4>\n<p>&nbsp;<\/p>\n<h3><em><strong>Las distracciones\u00a0<\/strong><\/em><\/h3>\n<p>&nbsp;<\/p>\n<p><img data-attachment-id=\"726\" data-permalink=\"https:\/\/multiformas.com.co\/es\/blog\/2017\/12\/12\/conociendo-las-oficinas-de-trivago\/1366_2000-7\/\" data-orig-file=\"https:\/\/i0.wp.com\/multiformas.com.co\/es\/blog\/wp-content\/uploads\/2017\/12\/1366_2000-7.jpg?fit=650%2C433&amp;ssl=1\" data-orig-size=\"650,433\" data-comments-opened=\"1\" data-image-meta=\"{&quot;aperture&quot;:&quot;5.6&quot;,&quot;credit&quot;:&quot;&quot;,&quot;camera&quot;:&quot;Canon EOS 5D Mark III&quot;,&quot;caption&quot;:&quot;&quot;,&quot;created_timestamp&quot;:&quot;1372341063&quot;,&quot;copyright&quot;:&quot;&quot;,&quot;focal_length&quot;:&quot;24&quot;,&quot;iso&quot;:&quot;400&quot;,&quot;shutter_speed&quot;:&quot;0.01&quot;,&quot;title&quot;:&quot;&quot;,&quot;orientation&quot;:&quot;1&quot;}\" data-image-title=\"1366_2000 (7)\" data-image-description=\"\" data-medium-file=\"https:\/\/i0.wp.com\/multiformas.com.co\/es\/blog\/wp-content\/uploads\/2017\/12\/1366_2000-7.jpg?fit=300%2C200&amp;ssl=1\" data-large-file=\"https:\/\/i0.wp.com\/multiformas.com.co\/es\/blog\/wp-content\/uploads\/2017\/12\/1366_2000-7.jpg?fit=640%2C426&amp;ssl=1\" loading=\"lazy\" class=\"aligncenter wp-image-726 size-full\" src=\"https:\/\/i0.wp.com\/multiformas.com.co\/es\/blog\/wp-content\/uploads\/2017\/12\/1366_2000-7.jpg?resize=640%2C426&#038;ssl=1\" alt=\"\" width=\"640\" height=\"426\" srcset=\"https:\/\/i0.wp.com\/multiformas.com.co\/es\/blog\/wp-content\/uploads\/2017\/12\/1366_2000-7.jpg?w=650&amp;ssl=1 650w, https:\/\/i0.wp.com\/multiformas.com.co\/es\/blog\/wp-content\/uploads\/2017\/12\/1366_2000-7.jpg?resize=300%2C200&amp;ssl=1 300w, https:\/\/i0.wp.com\/multiformas.com.co\/es\/blog\/wp-content\/uploads\/2017\/12\/1366_2000-7.jpg?resize=600%2C400&amp;ssl=1 600w, https:\/\/i0.wp.com\/multiformas.com.co\/es\/blog\/wp-content\/uploads\/2017\/12\/1366_2000-7.jpg?resize=90%2C60&amp;ssl=1 90w\" sizes=\"(max-width: 640px) 100vw, 640px\" data-recalc-dims=\"1\" \/><\/p>\n<p>&nbsp;<\/p>\n<p>&nbsp;<\/p>\n<h4>El ser humano vive por los est\u00edmulos del ambiente, es imposible que podamos concentrarnos cuando alguien se para detr\u00e1s de nosotros a ver nuestro trabajo, a pedir un favor o incluso contar un chiste fuera de lugar. Cuando estamos en una oficina abierta y escuchamos saludos o percibimos que alguien pasa lo normal es que nuestra atenci\u00f3n se desvi\u00e9, de igual manera cuando escuchamos las conversaciones entre colegas de un puesto cercano.<\/h4>\n<h4>En una oficina abierta los est\u00edmulos pueden ser demasiados y no todos saben como manejar apropiadamente la hipercomunicaci\u00f3n que brinda el nuevo ambiente, en estos casos es com\u00fan ver a empleados con aud\u00edfonos solo para aislarse de las conversaciones que nacen en estos espacios abiertos.<\/h4>\n<p>&nbsp;<\/p>\n<h3>Perdida de la privacidad<\/h3>\n<p>&nbsp;<\/p>\n<p><img data-attachment-id=\"323\" data-permalink=\"https:\/\/multiformas.com.co\/es\/blog\/2017\/11\/16\/holanda-renueva-sus-oficinas-ministeriales-con-gran-estilo\/04_rijnstraat__photo_by_nick_guttrige\/\" data-orig-file=\"https:\/\/i1.wp.com\/multiformas.com.co\/es\/blog\/wp-content\/uploads\/2017\/11\/04_Rijnstraat__Photo_by_Nick_Guttrige.jpg?fit=667%2C1000&amp;ssl=1\" data-orig-size=\"667,1000\" data-comments-opened=\"1\" data-image-meta=\"{&quot;aperture&quot;:&quot;16&quot;,&quot;credit&quot;:&quot;&quot;,&quot;camera&quot;:&quot;X-T2&quot;,&quot;caption&quot;:&quot;&quot;,&quot;created_timestamp&quot;:&quot;1507201333&quot;,&quot;copyright&quot;:&quot;&quot;,&quot;focal_length&quot;:&quot;56&quot;,&quot;iso&quot;:&quot;200&quot;,&quot;shutter_speed&quot;:&quot;0.25&quot;,&quot;title&quot;:&quot;&quot;,&quot;orientation&quot;:&quot;1&quot;}\" data-image-title=\"04_Rijnstraat__Photo_by_Nick_Guttrige\" data-image-description=\"\" data-medium-file=\"https:\/\/i1.wp.com\/multiformas.com.co\/es\/blog\/wp-content\/uploads\/2017\/11\/04_Rijnstraat__Photo_by_Nick_Guttrige.jpg?fit=200%2C300&amp;ssl=1\" data-large-file=\"https:\/\/i1.wp.com\/multiformas.com.co\/es\/blog\/wp-content\/uploads\/2017\/11\/04_Rijnstraat__Photo_by_Nick_Guttrige.jpg?fit=640%2C960&amp;ssl=1\" loading=\"lazy\" class=\"aligncenter wp-image-323 size-full\" src=\"https:\/\/i1.wp.com\/multiformas.com.co\/es\/blog\/wp-content\/uploads\/2017\/11\/04_Rijnstraat__Photo_by_Nick_Guttrige.jpg?resize=640%2C960&#038;ssl=1\" alt=\"\" width=\"640\" height=\"960\" srcset=\"https:\/\/i1.wp.com\/multiformas.com.co\/es\/blog\/wp-content\/uploads\/2017\/11\/04_Rijnstraat__Photo_by_Nick_Guttrige.jpg?w=667&amp;ssl=1 667w, https:\/\/i1.wp.com\/multiformas.com.co\/es\/blog\/wp-content\/uploads\/2017\/11\/04_Rijnstraat__Photo_by_Nick_Guttrige.jpg?resize=200%2C300&amp;ssl=1 200w\" sizes=\"(max-width: 640px) 100vw, 640px\" data-recalc-dims=\"1\" \/><\/p>\n<p>&nbsp;<\/p>\n<h4>Existen momentos de agotamiento extremo y necesitamos parar e incluso existen personas que tienen un ritual diario para enfrentar el trabajo, comen o hacen uso del sanitario frecuentemente por salud, se despojan de los zapatos, hablan sobre el trabajo que hacen mientras lo ejecutan, micro momentos de distracci\u00f3n en Facebook por ejemplo, y miles de cosas que son propias de cada individuo.<\/h4>\n<h4>Una oficina abierta sin la m\u00ednima privacidad somete a cada individuo a un nivel de estr\u00e9s adicional al propio de su actividad laboral, lo que dificulta el bienestar del empleado en su \u00e1rea de trabajo, muchos se sienten desnudos ante anta visibilidad que solo produce un rechazo la nueva estructura de trabajo y en lugar de querer quedarse hasta tarde, querr\u00e1 salir lo mas r\u00e1pido posible.<\/h4>\n<p>&nbsp;<\/p>\n<h3><em><strong>Vigilancia extrema<\/strong><\/em><\/h3>\n<h3><\/h3>\n<figure id=\"attachment_221\" aria-describedby=\"caption-attachment-221\" style=\"width: 664px\" class=\"wp-caption aligncenter\"><img data-attachment-id=\"221\" data-permalink=\"https:\/\/multiformas.com.co\/es\/blog\/2017\/11\/10\/la-imagen-corporativa-de-las-grandes-empresas\/102109_bloomberg_01lc_36755163\/\" data-orig-file=\"https:\/\/i1.wp.com\/multiformas.com.co\/es\/blog\/wp-content\/uploads\/2017\/11\/102109_bloomberg_01lc_36755163.jpg?fit=664%2C441&amp;ssl=1\" data-orig-size=\"664,441\" data-comments-opened=\"1\" data-image-meta=\"{&quot;aperture&quot;:&quot;0&quot;,&quot;credit&quot;:&quot;&quot;,&quot;camera&quot;:&quot;&quot;,&quot;caption&quot;:&quot;&quot;,&quot;created_timestamp&quot;:&quot;0&quot;,&quot;copyright&quot;:&quot;&quot;,&quot;focal_length&quot;:&quot;0&quot;,&quot;iso&quot;:&quot;0&quot;,&quot;shutter_speed&quot;:&quot;0&quot;,&quot;title&quot;:&quot;&quot;,&quot;orientation&quot;:&quot;0&quot;}\" data-image-title=\"102109_bloomberg_01lc_36755163\" data-image-description=\"\" data-medium-file=\"https:\/\/i1.wp.com\/multiformas.com.co\/es\/blog\/wp-content\/uploads\/2017\/11\/102109_bloomberg_01lc_36755163.jpg?fit=300%2C199&amp;ssl=1\" data-large-file=\"https:\/\/i1.wp.com\/multiformas.com.co\/es\/blog\/wp-content\/uploads\/2017\/11\/102109_bloomberg_01lc_36755163.jpg?fit=640%2C425&amp;ssl=1\" loading=\"lazy\" class=\"wp-image-221 size-full\" src=\"https:\/\/i1.wp.com\/multiformas.com.co\/es\/blog\/wp-content\/uploads\/2017\/11\/102109_bloomberg_01lc_36755163.jpg?resize=640%2C425&#038;ssl=1\" alt=\"\" width=\"640\" height=\"425\" srcset=\"https:\/\/i1.wp.com\/multiformas.com.co\/es\/blog\/wp-content\/uploads\/2017\/11\/102109_bloomberg_01lc_36755163.jpg?w=664&amp;ssl=1 664w, https:\/\/i1.wp.com\/multiformas.com.co\/es\/blog\/wp-content\/uploads\/2017\/11\/102109_bloomberg_01lc_36755163.jpg?resize=300%2C199&amp;ssl=1 300w, https:\/\/i1.wp.com\/multiformas.com.co\/es\/blog\/wp-content\/uploads\/2017\/11\/102109_bloomberg_01lc_36755163.jpg?resize=90%2C60&amp;ssl=1 90w\" sizes=\"(max-width: 640px) 100vw, 640px\" data-recalc-dims=\"1\" \/><figcaption id=\"caption-attachment-221\" class=\"wp-caption-text\">Bloomberg sede New York. Foto: nypost.com<\/figcaption><\/figure>\n<p>&nbsp;<\/p>\n<p>&nbsp;<\/p>\n<h4>Los empleados que pasaron de tener oficinas privadas a cub\u00edculos en oficinas abiertas declaran que son interrumpidos con mayor frecuencia que antes, ademas de estar en constante estado de ansiedad al sentirse vigilados por el jefe y los compa\u00f1eros de trabajo.<\/h4>\n<h4>Ciertamente esta situaci\u00f3n es la que todo jefe desea, mantener el control sobre los subalternos con solo pasa la mirada sobre el sal\u00f3n, sin embargo a nivel emocional crea un estado de tensi\u00f3n perjudicial para el empleado que se reflejara en la productividad.<\/h4>\n<p>&nbsp;<\/p>\n<h3><em><strong>\u00a0Ausentismo laboral\u00a0<\/strong><\/em><\/h3>\n<p>&nbsp;<\/p>\n<figure id=\"attachment_215\" aria-describedby=\"caption-attachment-215\" style=\"width: 621px\" class=\"wp-caption aligncenter\"><img data-attachment-id=\"215\" data-permalink=\"https:\/\/multiformas.com.co\/es\/blog\/2017\/11\/10\/la-imagen-corporativa-de-las-grandes-empresas\/microsoft-barcelona-aecom-20\/\" data-orig-file=\"https:\/\/i0.wp.com\/multiformas.com.co\/es\/blog\/wp-content\/uploads\/2017\/11\/microsoft-barcelona-aecom-20.jpg?fit=621%2C414&amp;ssl=1\" data-orig-size=\"621,414\" data-comments-opened=\"1\" data-image-meta=\"{&quot;aperture&quot;:&quot;16&quot;,&quot;credit&quot;:&quot;&quot;,&quot;camera&quot;:&quot;Canon EOS 5D Mark III&quot;,&quot;caption&quot;:&quot;&quot;,&quot;created_timestamp&quot;:&quot;1441892877&quot;,&quot;copyright&quot;:&quot;&quot;,&quot;focal_length&quot;:&quot;29&quot;,&quot;iso&quot;:&quot;100&quot;,&quot;shutter_speed&quot;:&quot;3&quot;,&quot;title&quot;:&quot;&quot;,&quot;orientation&quot;:&quot;1&quot;}\" data-image-title=\"microsoft-barcelona-aecom-20\" data-image-description=\"\" data-medium-file=\"https:\/\/i0.wp.com\/multiformas.com.co\/es\/blog\/wp-content\/uploads\/2017\/11\/microsoft-barcelona-aecom-20.jpg?fit=300%2C200&amp;ssl=1\" data-large-file=\"https:\/\/i0.wp.com\/multiformas.com.co\/es\/blog\/wp-content\/uploads\/2017\/11\/microsoft-barcelona-aecom-20.jpg?fit=621%2C414&amp;ssl=1\" loading=\"lazy\" class=\"wp-image-215 size-full\" src=\"https:\/\/i0.wp.com\/multiformas.com.co\/es\/blog\/wp-content\/uploads\/2017\/11\/microsoft-barcelona-aecom-20.jpg?resize=621%2C414&#038;ssl=1\" alt=\"\" width=\"621\" height=\"414\" srcset=\"https:\/\/i0.wp.com\/multiformas.com.co\/es\/blog\/wp-content\/uploads\/2017\/11\/microsoft-barcelona-aecom-20.jpg?w=621&amp;ssl=1 621w, https:\/\/i0.wp.com\/multiformas.com.co\/es\/blog\/wp-content\/uploads\/2017\/11\/microsoft-barcelona-aecom-20.jpg?resize=300%2C200&amp;ssl=1 300w, https:\/\/i0.wp.com\/multiformas.com.co\/es\/blog\/wp-content\/uploads\/2017\/11\/microsoft-barcelona-aecom-20.jpg?resize=90%2C60&amp;ssl=1 90w\" sizes=\"(max-width: 621px) 100vw, 621px\" data-recalc-dims=\"1\" \/><figcaption id=\"caption-attachment-215\" class=\"wp-caption-text\">Microsoft, sede Barcelona Foto: diariodesign.com<\/figcaption><\/figure>\n<h4>Que pasar\u00eda si tenemos un empleado con s\u00edntomas de gripa que por supuesto ha venido a cumplir con su deber diario, seguramente estaremos m\u00e1s que satisfechos por el compromiso demostrado, pero tambi\u00e9n nos enfrentamos a un problema mayor que la ausencia de un empleado, la propagaci\u00f3n de enfermedades.<\/h4>\n<h4>En una oficina abierta la mayor\u00eda de las enfermedades respiratorias y virus pasan de un cub\u00edculo a otro cual si fuera memor\u00e1ndum o un esfero, en estos casos aumenta la probabilidad del ausentismo laboral e incluso la frecuencia y la cantidad de empleados ausentes.<\/h4>\n<h4>No es que en una oficina tradicional est\u00e1 posibilidad se encuentre descartada, pero es mas f\u00e1cil mantener un virus fuera del alcance de la mayor\u00eda de los empleados para no afectar as\u00ed la productividad.<\/h4>\n<p>&nbsp;<\/p>\n<h3><em><strong>La soluci\u00f3n\u00a0<\/strong><\/em><\/h3>\n<p>&nbsp;<\/p>\n<p><img data-attachment-id=\"472\" data-permalink=\"https:\/\/multiformas.com.co\/es\/blog\/2017\/11\/28\/la-sala-de-espera-el-espacio-mas-importante-de-la-empresa\/dsc_0250\/\" data-orig-file=\"https:\/\/i0.wp.com\/multiformas.com.co\/es\/blog\/wp-content\/uploads\/2017\/11\/DSC_0250.jpg?fit=1200%2C800&amp;ssl=1\" data-orig-size=\"1200,800\" data-comments-opened=\"1\" data-image-meta=\"{&quot;aperture&quot;:&quot;0&quot;,&quot;credit&quot;:&quot;&quot;,&quot;camera&quot;:&quot;&quot;,&quot;caption&quot;:&quot;&quot;,&quot;created_timestamp&quot;:&quot;0&quot;,&quot;copyright&quot;:&quot;&quot;,&quot;focal_length&quot;:&quot;0&quot;,&quot;iso&quot;:&quot;0&quot;,&quot;shutter_speed&quot;:&quot;0&quot;,&quot;title&quot;:&quot;&quot;,&quot;orientation&quot;:&quot;0&quot;}\" data-image-title=\"DSC_0250\" data-image-description=\"\" data-medium-file=\"https:\/\/i0.wp.com\/multiformas.com.co\/es\/blog\/wp-content\/uploads\/2017\/11\/DSC_0250.jpg?fit=300%2C200&amp;ssl=1\" data-large-file=\"https:\/\/i0.wp.com\/multiformas.com.co\/es\/blog\/wp-content\/uploads\/2017\/11\/DSC_0250.jpg?fit=640%2C427&amp;ssl=1\" loading=\"lazy\" class=\"aligncenter wp-image-472 size-full\" src=\"https:\/\/i0.wp.com\/multiformas.com.co\/es\/blog\/wp-content\/uploads\/2017\/11\/DSC_0250.jpg?resize=640%2C427&#038;ssl=1\" alt=\"\" width=\"640\" height=\"427\" srcset=\"https:\/\/i0.wp.com\/multiformas.com.co\/es\/blog\/wp-content\/uploads\/2017\/11\/DSC_0250.jpg?w=1200&amp;ssl=1 1200w, https:\/\/i0.wp.com\/multiformas.com.co\/es\/blog\/wp-content\/uploads\/2017\/11\/DSC_0250.jpg?resize=300%2C200&amp;ssl=1 300w, https:\/\/i0.wp.com\/multiformas.com.co\/es\/blog\/wp-content\/uploads\/2017\/11\/DSC_0250.jpg?resize=768%2C512&amp;ssl=1 768w, https:\/\/i0.wp.com\/multiformas.com.co\/es\/blog\/wp-content\/uploads\/2017\/11\/DSC_0250.jpg?resize=1024%2C683&amp;ssl=1 1024w, https:\/\/i0.wp.com\/multiformas.com.co\/es\/blog\/wp-content\/uploads\/2017\/11\/DSC_0250.jpg?resize=90%2C60&amp;ssl=1 90w\" sizes=\"(max-width: 640px) 100vw, 640px\" data-recalc-dims=\"1\" \/><\/p>\n<p>&nbsp;<\/p>\n<h4>En PCD Multiformas queremos que tu experiencia en oficinas abiertas sea la mejor, para eso recomendamos que analizar el tipo de trabajo que hacen tus empleados, en algunos rubros o \u00e1reas la comunicaci\u00f3n es la pieza clave para la productividad laboral y una oficina abierta puede ser lo ideal, pero en otros la concentraci\u00f3n es mas importante y bajo un ambiente de hipercomunicaci\u00f3n no es posible dar los frutos esperados, para este caso una oficina con divisiones es la mejor opci\u00f3n.<\/h4>\n<h4>Una vez realizado este an\u00e1lisis, podemos asesorarte sobre las \u00e1reas de la empresa que necesitan espacios para la participaci\u00f3n y la charla espontanea, en este caso los espacios de esparcimiento son los indicados.<\/h4>\n<h4>En PCD Multiformas nos preocupamos por tu negocio y deseamos que cada cambio que hagas sea efectivo para aumentar la productividad y la satisfacci\u00f3n de tus empleados, si tienes dudas sobre cual es el tipo de oficina que necesitas nuestros asesores te dar\u00e1n las respuestas indicadas, mientras te preocupas solo por el crecimiento de tu negocio.<\/h4>\n","protected":false},"excerpt":{"rendered":"<p>Las oficinas abiertas est\u00e1n de moda desde hace ya bastante tiempo, son las reinas de la practicad y solo necesitamos un espacio abierto donde instalar varios m\u00f3dulos con todo lo <a href=\"https:\/\/multiformas.com.co\/es\/blog\/2018\/03\/16\/lo-que-deberias-saber-antes-de-construir-una-oficina-abierta\/\" class=\"read-more button-fancy -red\"><span class=\"btn-arrow\"><\/span><span class=\"twp-read-more text\">Leer m\u00e1s<\/span><\/a><\/p>\n","protected":false},"author":1,"featured_media":217,"comment_status":"open","ping_status":"open","sticky":false,"template":"","format":"standard","meta":{"advanced_seo_description":"","spay_email":"","jetpack_publicize_message":"","jetpack_is_tweetstorm":false},"categories":[6],"tags":[119,35,39,37,62,102,18,173,174,137,36],"jetpack_featured_media_url":"https:\/\/i1.wp.com\/multiformas.com.co\/es\/blog\/wp-content\/uploads\/2017\/11\/Nasdaq-2-Main.jpg?fit=1680%2C1067&ssl=1","jetpack_publicize_connections":[],"jetpack_sharing_enabled":true,"jetpack_shortlink":"https:\/\/wp.me\/p9kzw1-i2","jetpack_likes_enabled":true,"jetpack-related-posts":[{"id":952,"url":"https:\/\/multiformas.com.co\/es\/blog\/2018\/01\/18\/en-el-interior-de-las-oficinas-de-skype-diseno-sin-limites\/","url_meta":{"origin":1118,"position":0},"title":"En el interior de las oficinas de Skype, dise\u00f1o sin limites.","date":"enero 18, 2018","format":false,"excerpt":"Skype los pioneros en telefon\u00eda a trav\u00e9s de Internet nos muestran sus oficinas en Estocolmo, como es de esperarse los dise\u00f1os son exclusivos para la firma, dignos de imitar para tu pr\u00f3ximo proyecto. Las oficinas de Skype en Estocolmo fueron dise\u00f1adas por\u00a0PS Arkitektur\u00a0una empresa dedicada a proyectos de arquitectura y\u2026","rel":"","context":"En \u00abDecoraci\u00f3n\u00bb","img":{"alt_text":"Oficina dise\u00f1o Skype","src":"https:\/\/i2.wp.com\/multiformas.com.co\/es\/blog\/wp-content\/uploads\/2018\/01\/oficina-dise\u00f1o-skype-7.jpg?fit=700%2C462&ssl=1&resize=350%2C200","width":350,"height":200},"classes":[]},{"id":1590,"url":"https:\/\/multiformas.com.co\/es\/blog\/2020\/07\/10\/la-mejor-manera-de-disenar-una-oficina-eficiente\/","url_meta":{"origin":1118,"position":1},"title":"La mejor manera de dise\u00f1ar una oficina eficiente","date":"julio 10, 2020","format":false,"excerpt":"\u00a0 Un oficina es una herramienta de negocios, si tenemos un entorno no solamente agradable sino que tambi\u00e9n\u00a0refleje los valores, visi\u00f3n y metas de nuestra empresa se convierte sin duda en una ventaja competitiva. \u00a0 \u00a0 En el dise\u00f1o de oficinas debemos llegar al punto medio, por ejemplo, las oficinas\u2026","rel":"","context":"En \u00abEstilo de Vida\u00bb","img":{"alt_text":"","src":"https:\/\/i2.wp.com\/multiformas.com.co\/es\/blog\/wp-content\/uploads\/2020\/03\/tour-workspace-steelcase.jpg?fit=1166%2C656&ssl=1&resize=350%2C200","width":350,"height":200},"classes":[]},{"id":1381,"url":"https:\/\/multiformas.com.co\/es\/blog\/2018\/07\/06\/piensas-renovar-tu-oficina-tendencias-2018\/","url_meta":{"origin":1118,"position":2},"title":"\u00bfPiensas renovar tu oficina? tendencias 2018","date":"julio 6, 2018","format":false,"excerpt":"En el 2018 las formas, los colores y estilos nos han invadido, si a\u00fan tiene dudas para renovar tus espacios en PCD Multiformas te mostramos las tendencias que han prometido quedarse hasta el final. \u00bfPreparado? \u00a0 Minimalismo \u00a0 Mucho se habla del minimalismo, una tendencia que ya lleva bastante tiempo\u2026","rel":"","context":"En \u00abDecoraci\u00f3n\u00bb","img":{"alt_text":"","src":"https:\/\/i2.wp.com\/multiformas.com.co\/es\/blog\/wp-content\/uploads\/2017\/11\/DSC_0304.jpg?fit=1200%2C800&ssl=1&resize=350%2C200","width":350,"height":200},"classes":[]},{"id":1145,"url":"https:\/\/multiformas.com.co\/es\/blog\/2018\/04\/03\/la-estanteria-ideal-para-tu-oficina\/","url_meta":{"origin":1118,"position":3},"title":"La estanter\u00eda ideal para tu oficina","date":"abril 3, 2018","format":false,"excerpt":"Si quieres tener una empresa de vanguardia debes saber que lo mas importante es como te representan sus espacios, la elegancia y el buen gusto deben marcar la pauta en el\u00a0 mobiliario, incluyendo las estanter\u00edas. Pero no te preocupes en PCD Multiformas te ense\u00f1amos todo lo que debes saber para\u2026","rel":"","context":"En \u00abMobiliario\u00bb","img":{"alt_text":"","src":"https:\/\/i0.wp.com\/multiformas.com.co\/es\/blog\/wp-content\/uploads\/2018\/04\/estanterias-de-oficina-11.jpg?fit=826%2C1024&ssl=1&resize=350%2C200","width":350,"height":200},"classes":[]},{"id":1110,"url":"https:\/\/multiformas.com.co\/es\/blog\/2018\/03\/15\/como-escoger-la-pintura-ideal-para-mi-oficina\/","url_meta":{"origin":1118,"position":4},"title":"\u00bfC\u00f3mo escoger la pintura ideal para mi oficina?","date":"marzo 15, 2018","format":false,"excerpt":"\u00a0 El tema de la pintura casi siempre pasa desapercibido, nos enfocamos m\u00e1s en el mobiliario y los elementos decorativos sin pensar que el tono de pintura adecuado puede hacer que nuestro proyecto de remodelaci\u00f3n sea un \u00e9xito o un fracaso. En PCD Multiformas te ense\u00f1aremos como escoger la pintura\u2026","rel":"","context":"En \u00abDecoraci\u00f3n\u00bb","img":{"alt_text":"Oficina trivago","src":"https:\/\/i0.wp.com\/multiformas.com.co\/es\/blog\/wp-content\/uploads\/2017\/12\/reforma-oficina-trivago3-500x303.jpg?fit=500%2C303&ssl=1&resize=350%2C200","width":350,"height":200},"classes":[]},{"id":1313,"url":"https:\/\/multiformas.com.co\/es\/blog\/2018\/06\/14\/como-saber-cual-es-la-mejor-opcion-en-divisiones-para-tu-oficina\/","url_meta":{"origin":1118,"position":5},"title":"C\u00f3mo saber c\u00faal es la mejor opci\u00f3n en divisiones para tu oficina.","date":"junio 14, 2018","format":false,"excerpt":"Las divisiones de oficina son importantes porque nos ayudan a distribuir mejor el espacio, sin embargo debemos saber que para cada necesidad existe un tipo de divisi\u00f3n que se adapta a la perfecci\u00f3n, la pregunta es \u00bfCu\u00e1l es tu necesidad? En PCD Multiformas te ayudamos a identificarla. \u00a0 La necesidad\u2026","rel":"","context":"En \u00abMobiliario\u00bb","img":{"alt_text":"","src":"https:\/\/i1.wp.com\/multiformas.com.co\/es\/blog\/wp-content\/uploads\/2018\/06\/pk30-dark-framed-glass-doors-swing-slide-1-e1488927596882.jpg?fit=1023%2C729&ssl=1&resize=350%2C200","width":350,"height":200},"classes":[]}],"_links":{"self":[{"href":"https:\/\/multiformas.com.co\/es\/blog\/wp-json\/wp\/v2\/posts\/1118"}],"collection":[{"href":"https:\/\/multiformas.com.co\/es\/blog\/wp-json\/wp\/v2\/posts"}],"about":[{"href":"https:\/\/multiformas.com.co\/es\/blog\/wp-json\/wp\/v2\/types\/post"}],"author":[{"embeddable":true,"href":"https:\/\/multiformas.com.co\/es\/blog\/wp-json\/wp\/v2\/users\/1"}],"replies":[{"embeddable":true,"href":"https:\/\/multiformas.com.co\/es\/blog\/wp-json\/wp\/v2\/comments?post=1118"}],"version-history":[{"count":3,"href":"https:\/\/multiformas.com.co\/es\/blog\/wp-json\/wp\/v2\/posts\/1118\/revisions"}],"predecessor-version":[{"id":1121,"href":"https:\/\/multiformas.com.co\/es\/blog\/wp-json\/wp\/v2\/posts\/1118\/revisions\/1121"}],"wp:featuredmedia":[{"embeddable":true,"href":"https:\/\/multiformas.com.co\/es\/blog\/wp-json\/wp\/v2\/media\/217"}],"wp:attachment":[{"href":"https:\/\/multiformas.com.co\/es\/blog\/wp-json\/wp\/v2\/media?parent=1118"}],"wp:term":[{"taxonomy":"category","embeddable":true,"href":"https:\/\/multiformas.com.co\/es\/blog\/wp-json\/wp\/v2\/categories?post=1118"},{"taxonomy":"post_tag","embeddable":true,"href":"https:\/\/multiformas.com.co\/es\/blog\/wp-json\/wp\/v2\/tags?post=1118"}],"curies":[{"name":"wp","href":"https:\/\/api.w.org\/{rel}","templated":true}]}}