{"id":1181,"date":"2018-04-25T23:35:16","date_gmt":"2018-04-25T23:35:16","guid":{"rendered":"https:\/\/multiformas.com.co\/es\/blog\/?p=1181"},"modified":"2018-04-25T23:35:16","modified_gmt":"2018-04-25T23:35:16","slug":"plantas-y-flores-en-la-oficina-por-que-no","status":"publish","type":"post","link":"https:\/\/multiformas.com.co\/es\/blog\/2018\/04\/25\/plantas-y-flores-en-la-oficina-por-que-no\/","title":{"rendered":"Plantas y flores en la oficina, \u00bfPor qu\u00e9 no?"},"content":{"rendered":"<p>&nbsp;<\/p>\n<p>&nbsp;<\/p>\n<p>Cuando hablamos de flores pensamos en romance, amistad y alegr\u00eda, es com\u00fan observarlas en los hogares y espacios p\u00fablicos, sin embargo es posible obtener sus beneficios dentro de las oficinas el lugar donde pasamos la mayor parte del tiempo. \u00bfComo integrar plantas de manera inteligente a nuestro espacio de trabajo? En PCD Multiformas tenemos los mejores tips para llevar la naturaleza a tu oficina.<\/p>\n<p>&nbsp;<\/p>\n<h3>Lo que debemos saber<\/h3>\n<p>Las plantas forman parte del contexto natural del ser humano, son agradables y placenteras, por eso te daremos 4 razones por las cuales las plantas no deben faltar en tu oficina.<\/p>\n<p>&nbsp;<\/p>\n<h3>Purifican el alma<\/h3>\n<p>Es nuestra naturaleza emocionarnos con los nacimientos, significan vida y prosperidad. Cuando tenemos plantas podemos satisfacer esa necesidad de vida observando cada nuevo brote, cada cambio de color y cada cent\u00edmetro de crecimiento, la belleza de las plantas no es algo que podemos palpar como un objeto, las plantas nos ofrecen vida y nos otorgan esa vitalidad.<\/p>\n<p>&nbsp;<\/p>\n<h3>Y el aire&#8230;<\/h3>\n<p>Todos sabemos desde la escuela primaria que las plantas reducen el di\u00f3xido de carbono en el aire, es decir purifican el oxigeno, esta cualidad es ideal para los espacios cerrados como las oficinas, adem\u00e1s por la transpiraci\u00f3n de las plantas se logra humedecer el ambiente, algo muy beneficioso para las oficinas con aire acondicionado donde casi constantemente podemos presentar resequedad en la piel y en las v\u00edas respiratorias.<\/p>\n<p>&nbsp;<\/p>\n<h2>Adi\u00f3s al estr\u00e9s<\/h2>\n<p>Las oficinas por lo general son espacios sin vida, sin personalidad y monocolor, lo que ocasiona mayor acumulaci\u00f3n de estr\u00e9s al no tener espacio para respirar (mentalmente) un aire nuevo. Las plantas otorgan al espacio esos momentos de tranquilidad, mejoran el animo y por lo tanto las relaciones interpersonales.<\/p>\n<p>&nbsp;<\/p>\n<h3>Mas colores, mas creatividad.<\/h3>\n<p>Las flores tambi\u00e9n se llevan una buena parte del bienestar del individuo, los colores y aromas pueden influir en la productividad, la creatividad, mejora la concentraci\u00f3n\u00a0 y\u00a0 el pensamiento innovador, es decir que las flores pueden lograr una pagina en blanco (a nivel mental) donde puedas comenzar desde cero y producir mejores ideas y soluciones.<\/p>\n<p>&nbsp;<\/p>\n<h3>\u00bfCu\u00e1les son las mejores plantas para la oficina?<\/h3>\n<p>Esta es una de las grandes dudas que tenemos todos los que deseamos una oficina ecol\u00f3gica y la raz\u00f3n por la cual no decidimos a dar el paso es la escasa luz natural y la falta de tiempo para el cuidado. Todos queremos tener plantas hermosas no macetas con hojas marchitas.<\/p>\n<p>Para resolver este problema la misma naturaleza nos da la soluci\u00f3n, existen plantas que son altamente resistentes y exigen poco mantenimiento. Apunta la que m\u00e1s te guste.<\/p>\n<p>&nbsp;<\/p>\n<h3><strong> Cactus<\/strong><\/h3>\n<p>&nbsp;<\/p>\n<figure id=\"attachment_1183\" aria-describedby=\"caption-attachment-1183\" style=\"width: 274px\" class=\"wp-caption aligncenter\"><img data-attachment-id=\"1183\" data-permalink=\"https:\/\/multiformas.com.co\/es\/blog\/2018\/04\/25\/plantas-y-flores-en-la-oficina-por-que-no\/xvl_900\/\" data-orig-file=\"https:\/\/i1.wp.com\/multiformas.com.co\/es\/blog\/wp-content\/uploads\/2018\/04\/XVL_900.jpg?fit=900%2C987&amp;ssl=1\" data-orig-size=\"900,987\" data-comments-opened=\"1\" data-image-meta=\"{&quot;aperture&quot;:&quot;0&quot;,&quot;credit&quot;:&quot;&quot;,&quot;camera&quot;:&quot;&quot;,&quot;caption&quot;:&quot;&quot;,&quot;created_timestamp&quot;:&quot;0&quot;,&quot;copyright&quot;:&quot;&quot;,&quot;focal_length&quot;:&quot;0&quot;,&quot;iso&quot;:&quot;0&quot;,&quot;shutter_speed&quot;:&quot;0&quot;,&quot;title&quot;:&quot;&quot;,&quot;orientation&quot;:&quot;0&quot;}\" data-image-title=\"XVL_900\" data-image-description=\"\" data-medium-file=\"https:\/\/i1.wp.com\/multiformas.com.co\/es\/blog\/wp-content\/uploads\/2018\/04\/XVL_900.jpg?fit=274%2C300&amp;ssl=1\" data-large-file=\"https:\/\/i1.wp.com\/multiformas.com.co\/es\/blog\/wp-content\/uploads\/2018\/04\/XVL_900.jpg?fit=640%2C702&amp;ssl=1\" loading=\"lazy\" class=\"wp-image-1183 size-medium\" src=\"https:\/\/i1.wp.com\/multiformas.com.co\/es\/blog\/wp-content\/uploads\/2018\/04\/XVL_900.jpg?resize=274%2C300&#038;ssl=1\" alt=\"\" width=\"274\" height=\"300\" srcset=\"https:\/\/i1.wp.com\/multiformas.com.co\/es\/blog\/wp-content\/uploads\/2018\/04\/XVL_900.jpg?resize=274%2C300&amp;ssl=1 274w, https:\/\/i1.wp.com\/multiformas.com.co\/es\/blog\/wp-content\/uploads\/2018\/04\/XVL_900.jpg?resize=768%2C842&amp;ssl=1 768w, https:\/\/i1.wp.com\/multiformas.com.co\/es\/blog\/wp-content\/uploads\/2018\/04\/XVL_900.jpg?resize=600%2C658&amp;ssl=1 600w, https:\/\/i1.wp.com\/multiformas.com.co\/es\/blog\/wp-content\/uploads\/2018\/04\/XVL_900.jpg?w=900&amp;ssl=1 900w\" sizes=\"(max-width: 274px) 100vw, 274px\" data-recalc-dims=\"1\" \/><figcaption id=\"caption-attachment-1183\" class=\"wp-caption-text\">Plantas.facilisimo<\/figcaption><\/figure>\n<p>&nbsp;<\/p>\n<p>Famoso por absorber las ondas electromagneticas previniendo el cansancio y el dolor de cabeza.<\/p>\n<p>&nbsp;<\/p>\n<h3><strong>Violeta africana\u00a0<\/strong><\/h3>\n<figure id=\"attachment_1184\" aria-describedby=\"caption-attachment-1184\" style=\"width: 300px\" class=\"wp-caption aligncenter\"><img data-attachment-id=\"1184\" data-permalink=\"https:\/\/multiformas.com.co\/es\/blog\/2018\/04\/25\/plantas-y-flores-en-la-oficina-por-que-no\/hwc_900\/\" data-orig-file=\"https:\/\/i0.wp.com\/multiformas.com.co\/es\/blog\/wp-content\/uploads\/2018\/04\/Hwc_900.jpg?fit=900%2C900&amp;ssl=1\" data-orig-size=\"900,900\" data-comments-opened=\"1\" data-image-meta=\"{&quot;aperture&quot;:&quot;0&quot;,&quot;credit&quot;:&quot;&quot;,&quot;camera&quot;:&quot;&quot;,&quot;caption&quot;:&quot;&quot;,&quot;created_timestamp&quot;:&quot;0&quot;,&quot;copyright&quot;:&quot;&quot;,&quot;focal_length&quot;:&quot;0&quot;,&quot;iso&quot;:&quot;0&quot;,&quot;shutter_speed&quot;:&quot;0&quot;,&quot;title&quot;:&quot;&quot;,&quot;orientation&quot;:&quot;0&quot;}\" data-image-title=\"Hwc_900\" data-image-description=\"\" data-medium-file=\"https:\/\/i0.wp.com\/multiformas.com.co\/es\/blog\/wp-content\/uploads\/2018\/04\/Hwc_900.jpg?fit=300%2C300&amp;ssl=1\" data-large-file=\"https:\/\/i0.wp.com\/multiformas.com.co\/es\/blog\/wp-content\/uploads\/2018\/04\/Hwc_900.jpg?fit=640%2C640&amp;ssl=1\" loading=\"lazy\" class=\"wp-image-1184 size-medium\" src=\"https:\/\/i0.wp.com\/multiformas.com.co\/es\/blog\/wp-content\/uploads\/2018\/04\/Hwc_900.jpg?resize=300%2C300&#038;ssl=1\" alt=\"\" width=\"300\" height=\"300\" srcset=\"https:\/\/i0.wp.com\/multiformas.com.co\/es\/blog\/wp-content\/uploads\/2018\/04\/Hwc_900.jpg?resize=300%2C300&amp;ssl=1 300w, https:\/\/i0.wp.com\/multiformas.com.co\/es\/blog\/wp-content\/uploads\/2018\/04\/Hwc_900.jpg?resize=150%2C150&amp;ssl=1 150w, https:\/\/i0.wp.com\/multiformas.com.co\/es\/blog\/wp-content\/uploads\/2018\/04\/Hwc_900.jpg?resize=768%2C768&amp;ssl=1 768w, https:\/\/i0.wp.com\/multiformas.com.co\/es\/blog\/wp-content\/uploads\/2018\/04\/Hwc_900.jpg?resize=600%2C600&amp;ssl=1 600w, https:\/\/i0.wp.com\/multiformas.com.co\/es\/blog\/wp-content\/uploads\/2018\/04\/Hwc_900.jpg?w=900&amp;ssl=1 900w\" sizes=\"(max-width: 300px) 100vw, 300px\" data-recalc-dims=\"1\" \/><figcaption id=\"caption-attachment-1184\" class=\"wp-caption-text\">Plantas.facilisimo<\/figcaption><\/figure>\n<p>&nbsp;<\/p>\n<p>Poseedora de vivos colores como violeta, azul, blanco y morado, puede florecer durante todo el a\u00f1o, si tu oficina cuenta con ventanales esta planta sera perfecta debido a que necesita una cuota de luz natural.<\/p>\n<p>&nbsp;<\/p>\n<h3><strong>Potus\u00a0<\/strong><\/h3>\n<p>&nbsp;<\/p>\n<figure id=\"attachment_1185\" aria-describedby=\"caption-attachment-1185\" style=\"width: 300px\" class=\"wp-caption aligncenter\"><img data-attachment-id=\"1185\" data-permalink=\"https:\/\/multiformas.com.co\/es\/blog\/2018\/04\/25\/plantas-y-flores-en-la-oficina-por-que-no\/planta-interior-potus\/\" data-orig-file=\"https:\/\/i1.wp.com\/multiformas.com.co\/es\/blog\/wp-content\/uploads\/2018\/04\/planta-interior-potus.jpg?fit=800%2C800&amp;ssl=1\" data-orig-size=\"800,800\" data-comments-opened=\"1\" data-image-meta=\"{&quot;aperture&quot;:&quot;0&quot;,&quot;credit&quot;:&quot;&quot;,&quot;camera&quot;:&quot;&quot;,&quot;caption&quot;:&quot;&quot;,&quot;created_timestamp&quot;:&quot;0&quot;,&quot;copyright&quot;:&quot;&quot;,&quot;focal_length&quot;:&quot;0&quot;,&quot;iso&quot;:&quot;0&quot;,&quot;shutter_speed&quot;:&quot;0&quot;,&quot;title&quot;:&quot;&quot;,&quot;orientation&quot;:&quot;0&quot;}\" data-image-title=\"planta-interior-potus\" data-image-description=\"\" data-medium-file=\"https:\/\/i1.wp.com\/multiformas.com.co\/es\/blog\/wp-content\/uploads\/2018\/04\/planta-interior-potus.jpg?fit=300%2C300&amp;ssl=1\" data-large-file=\"https:\/\/i1.wp.com\/multiformas.com.co\/es\/blog\/wp-content\/uploads\/2018\/04\/planta-interior-potus.jpg?fit=640%2C640&amp;ssl=1\" loading=\"lazy\" class=\"size-medium wp-image-1185\" src=\"https:\/\/i1.wp.com\/multiformas.com.co\/es\/blog\/wp-content\/uploads\/2018\/04\/planta-interior-potus.jpg?resize=300%2C300&#038;ssl=1\" alt=\"\" width=\"300\" height=\"300\" srcset=\"https:\/\/i1.wp.com\/multiformas.com.co\/es\/blog\/wp-content\/uploads\/2018\/04\/planta-interior-potus.jpg?resize=300%2C300&amp;ssl=1 300w, https:\/\/i1.wp.com\/multiformas.com.co\/es\/blog\/wp-content\/uploads\/2018\/04\/planta-interior-potus.jpg?resize=150%2C150&amp;ssl=1 150w, https:\/\/i1.wp.com\/multiformas.com.co\/es\/blog\/wp-content\/uploads\/2018\/04\/planta-interior-potus.jpg?resize=768%2C768&amp;ssl=1 768w, https:\/\/i1.wp.com\/multiformas.com.co\/es\/blog\/wp-content\/uploads\/2018\/04\/planta-interior-potus.jpg?resize=600%2C600&amp;ssl=1 600w, https:\/\/i1.wp.com\/multiformas.com.co\/es\/blog\/wp-content\/uploads\/2018\/04\/planta-interior-potus.jpg?w=800&amp;ssl=1 800w\" sizes=\"(max-width: 300px) 100vw, 300px\" data-recalc-dims=\"1\" \/><figcaption id=\"caption-attachment-1185\" class=\"wp-caption-text\">7deflors<\/figcaption><\/figure>\n<p>&nbsp;<\/p>\n<p>Mantiene el aire limpio y por la gran humedad que aporta al ambiente nos permite prevenir los ojos resecos a causa de las largas horas en el computadoras y las v\u00edas respiratorias tambi\u00e9n resecas, condiciones siempre presentes en ambientes con aire acondicionado.<\/p>\n<p>&nbsp;<\/p>\n<h3><strong>Suculentas\u00a0<\/strong><\/h3>\n<p>&nbsp;<\/p>\n<figure id=\"attachment_1186\" aria-describedby=\"caption-attachment-1186\" style=\"width: 225px\" class=\"wp-caption aligncenter\"><img data-attachment-id=\"1186\" data-permalink=\"https:\/\/multiformas.com.co\/es\/blog\/2018\/04\/25\/plantas-y-flores-en-la-oficina-por-que-no\/descarga-2-2\/\" data-orig-file=\"https:\/\/i1.wp.com\/multiformas.com.co\/es\/blog\/wp-content\/uploads\/2018\/04\/descarga-2.jpg?fit=225%2C225&amp;ssl=1\" data-orig-size=\"225,225\" data-comments-opened=\"1\" data-image-meta=\"{&quot;aperture&quot;:&quot;0&quot;,&quot;credit&quot;:&quot;&quot;,&quot;camera&quot;:&quot;&quot;,&quot;caption&quot;:&quot;&quot;,&quot;created_timestamp&quot;:&quot;0&quot;,&quot;copyright&quot;:&quot;&quot;,&quot;focal_length&quot;:&quot;0&quot;,&quot;iso&quot;:&quot;0&quot;,&quot;shutter_speed&quot;:&quot;0&quot;,&quot;title&quot;:&quot;&quot;,&quot;orientation&quot;:&quot;0&quot;}\" data-image-title=\"descarga (2)\" data-image-description=\"\" data-medium-file=\"https:\/\/i1.wp.com\/multiformas.com.co\/es\/blog\/wp-content\/uploads\/2018\/04\/descarga-2.jpg?fit=225%2C225&amp;ssl=1\" data-large-file=\"https:\/\/i1.wp.com\/multiformas.com.co\/es\/blog\/wp-content\/uploads\/2018\/04\/descarga-2.jpg?fit=225%2C225&amp;ssl=1\" loading=\"lazy\" class=\"size-full wp-image-1186\" src=\"https:\/\/i1.wp.com\/multiformas.com.co\/es\/blog\/wp-content\/uploads\/2018\/04\/descarga-2.jpg?resize=225%2C225&#038;ssl=1\" alt=\"\" width=\"225\" height=\"225\" srcset=\"https:\/\/i1.wp.com\/multiformas.com.co\/es\/blog\/wp-content\/uploads\/2018\/04\/descarga-2.jpg?w=225&amp;ssl=1 225w, https:\/\/i1.wp.com\/multiformas.com.co\/es\/blog\/wp-content\/uploads\/2018\/04\/descarga-2.jpg?resize=150%2C150&amp;ssl=1 150w\" sizes=\"(max-width: 225px) 100vw, 225px\" data-recalc-dims=\"1\" \/><figcaption id=\"caption-attachment-1186\" class=\"wp-caption-text\">Suculentas En Colombia SAS<\/figcaption><\/figure>\n<p>&nbsp;<\/p>\n<p>Especialistas en la retenci\u00f3n de liquido entre sus miembros, se pueden conservar en lugares con poca luz y agua, por lo que son perfectas para personas ocupadas.<\/p>\n<p>&nbsp;<\/p>\n<h3><strong>Cyclamen<\/strong><\/h3>\n<p>&nbsp;<\/p>\n<figure id=\"attachment_1187\" aria-describedby=\"caption-attachment-1187\" style=\"width: 300px\" class=\"wp-caption aligncenter\"><img data-attachment-id=\"1187\" data-permalink=\"https:\/\/multiformas.com.co\/es\/blog\/2018\/04\/25\/plantas-y-flores-en-la-oficina-por-que-no\/winter-cyclamen-plant\/\" data-orig-file=\"https:\/\/i2.wp.com\/multiformas.com.co\/es\/blog\/wp-content\/uploads\/2018\/04\/winter-cyclamen-plant.jpg?fit=450%2C450&amp;ssl=1\" data-orig-size=\"450,450\" data-comments-opened=\"1\" data-image-meta=\"{&quot;aperture&quot;:&quot;0&quot;,&quot;credit&quot;:&quot;&quot;,&quot;camera&quot;:&quot;&quot;,&quot;caption&quot;:&quot;&quot;,&quot;created_timestamp&quot;:&quot;0&quot;,&quot;copyright&quot;:&quot;&quot;,&quot;focal_length&quot;:&quot;0&quot;,&quot;iso&quot;:&quot;0&quot;,&quot;shutter_speed&quot;:&quot;0&quot;,&quot;title&quot;:&quot;&quot;,&quot;orientation&quot;:&quot;0&quot;}\" data-image-title=\"winter-cyclamen-plant\" data-image-description=\"\" data-medium-file=\"https:\/\/i2.wp.com\/multiformas.com.co\/es\/blog\/wp-content\/uploads\/2018\/04\/winter-cyclamen-plant.jpg?fit=300%2C300&amp;ssl=1\" data-large-file=\"https:\/\/i2.wp.com\/multiformas.com.co\/es\/blog\/wp-content\/uploads\/2018\/04\/winter-cyclamen-plant.jpg?fit=450%2C450&amp;ssl=1\" loading=\"lazy\" class=\"size-medium wp-image-1187\" src=\"https:\/\/i2.wp.com\/multiformas.com.co\/es\/blog\/wp-content\/uploads\/2018\/04\/winter-cyclamen-plant.jpg?resize=300%2C300&#038;ssl=1\" alt=\"\" width=\"300\" height=\"300\" srcset=\"https:\/\/i2.wp.com\/multiformas.com.co\/es\/blog\/wp-content\/uploads\/2018\/04\/winter-cyclamen-plant.jpg?resize=300%2C300&amp;ssl=1 300w, https:\/\/i2.wp.com\/multiformas.com.co\/es\/blog\/wp-content\/uploads\/2018\/04\/winter-cyclamen-plant.jpg?resize=150%2C150&amp;ssl=1 150w, https:\/\/i2.wp.com\/multiformas.com.co\/es\/blog\/wp-content\/uploads\/2018\/04\/winter-cyclamen-plant.jpg?w=450&amp;ssl=1 450w\" sizes=\"(max-width: 300px) 100vw, 300px\" data-recalc-dims=\"1\" \/><figcaption id=\"caption-attachment-1187\" class=\"wp-caption-text\">Flowers For Everyone<\/figcaption><\/figure>\n<p>&nbsp;<\/p>\n<p>Es una purificadora del ambiente y ofrece a nivel visual un refrescamiento con sus colores blanco, rosa, violeta y rojo. Es de f\u00e1cil\u00a0mantenimiento solo debe permanecer (en verano) en un lugar sombreado.<\/p>\n<p>&nbsp;<\/p>\n<h3><strong>Lengua de tigre\u00a0<\/strong><\/h3>\n<p>&nbsp;<\/p>\n<figure id=\"attachment_1188\" aria-describedby=\"caption-attachment-1188\" style=\"width: 300px\" class=\"wp-caption aligncenter\"><img data-attachment-id=\"1188\" data-permalink=\"https:\/\/multiformas.com.co\/es\/blog\/2018\/04\/25\/plantas-y-flores-en-la-oficina-por-que-no\/migenacol_lenguadesuegra\/\" data-orig-file=\"https:\/\/i0.wp.com\/multiformas.com.co\/es\/blog\/wp-content\/uploads\/2018\/04\/migenacol_lenguadesuegra.jpg?fit=1242%2C848&amp;ssl=1\" data-orig-size=\"1242,848\" data-comments-opened=\"1\" data-image-meta=\"{&quot;aperture&quot;:&quot;0&quot;,&quot;credit&quot;:&quot;&quot;,&quot;camera&quot;:&quot;&quot;,&quot;caption&quot;:&quot;&quot;,&quot;created_timestamp&quot;:&quot;0&quot;,&quot;copyright&quot;:&quot;&quot;,&quot;focal_length&quot;:&quot;0&quot;,&quot;iso&quot;:&quot;0&quot;,&quot;shutter_speed&quot;:&quot;0&quot;,&quot;title&quot;:&quot;&quot;,&quot;orientation&quot;:&quot;1&quot;}\" data-image-title=\"migenacol_lenguadesuegra\" data-image-description=\"\" data-medium-file=\"https:\/\/i0.wp.com\/multiformas.com.co\/es\/blog\/wp-content\/uploads\/2018\/04\/migenacol_lenguadesuegra.jpg?fit=300%2C205&amp;ssl=1\" data-large-file=\"https:\/\/i0.wp.com\/multiformas.com.co\/es\/blog\/wp-content\/uploads\/2018\/04\/migenacol_lenguadesuegra.jpg?fit=640%2C437&amp;ssl=1\" loading=\"lazy\" class=\"size-medium wp-image-1188\" src=\"https:\/\/i0.wp.com\/multiformas.com.co\/es\/blog\/wp-content\/uploads\/2018\/04\/migenacol_lenguadesuegra.jpg?resize=300%2C205&#038;ssl=1\" alt=\"\" width=\"300\" height=\"205\" srcset=\"https:\/\/i0.wp.com\/multiformas.com.co\/es\/blog\/wp-content\/uploads\/2018\/04\/migenacol_lenguadesuegra.jpg?resize=300%2C205&amp;ssl=1 300w, https:\/\/i0.wp.com\/multiformas.com.co\/es\/blog\/wp-content\/uploads\/2018\/04\/migenacol_lenguadesuegra.jpg?resize=768%2C524&amp;ssl=1 768w, https:\/\/i0.wp.com\/multiformas.com.co\/es\/blog\/wp-content\/uploads\/2018\/04\/migenacol_lenguadesuegra.jpg?resize=1024%2C699&amp;ssl=1 1024w, https:\/\/i0.wp.com\/multiformas.com.co\/es\/blog\/wp-content\/uploads\/2018\/04\/migenacol_lenguadesuegra.jpg?resize=600%2C410&amp;ssl=1 600w, https:\/\/i0.wp.com\/multiformas.com.co\/es\/blog\/wp-content\/uploads\/2018\/04\/migenacol_lenguadesuegra.jpg?resize=250%2C170&amp;ssl=1 250w, https:\/\/i0.wp.com\/multiformas.com.co\/es\/blog\/wp-content\/uploads\/2018\/04\/migenacol_lenguadesuegra.jpg?w=1242&amp;ssl=1 1242w\" sizes=\"(max-width: 300px) 100vw, 300px\" data-recalc-dims=\"1\" \/><figcaption id=\"caption-attachment-1188\" class=\"wp-caption-text\">MiGenacol<\/figcaption><\/figure>\n<p>&nbsp;<\/p>\n<p>Resiste hasta los descuidos, puede sobrevivir sin o poco riego durante mucho tiempo, solo cuenta con hojas verdes de diferentes matices, por lo que es ideal para espacios minimalistas.<\/p>\n<p>&nbsp;<\/p>\n<h3><strong>Espatifilo<\/strong><\/h3>\n<p>&nbsp;<\/p>\n<figure id=\"attachment_1189\" aria-describedby=\"caption-attachment-1189\" style=\"width: 300px\" class=\"wp-caption aligncenter\"><img data-attachment-id=\"1189\" data-permalink=\"https:\/\/multiformas.com.co\/es\/blog\/2018\/04\/25\/plantas-y-flores-en-la-oficina-por-que-no\/espatifilo-factoria\/\" data-orig-file=\"https:\/\/i2.wp.com\/multiformas.com.co\/es\/blog\/wp-content\/uploads\/2018\/04\/ESPATIFILO-FACTORIA.jpg?fit=1000%2C1000&amp;ssl=1\" data-orig-size=\"1000,1000\" data-comments-opened=\"1\" data-image-meta=\"{&quot;aperture&quot;:&quot;0&quot;,&quot;credit&quot;:&quot;&quot;,&quot;camera&quot;:&quot;&quot;,&quot;caption&quot;:&quot;&quot;,&quot;created_timestamp&quot;:&quot;0&quot;,&quot;copyright&quot;:&quot;&quot;,&quot;focal_length&quot;:&quot;0&quot;,&quot;iso&quot;:&quot;0&quot;,&quot;shutter_speed&quot;:&quot;0&quot;,&quot;title&quot;:&quot;&quot;,&quot;orientation&quot;:&quot;0&quot;}\" data-image-title=\"ESPATIFILO FACTORIA\" data-image-description=\"\" data-medium-file=\"https:\/\/i2.wp.com\/multiformas.com.co\/es\/blog\/wp-content\/uploads\/2018\/04\/ESPATIFILO-FACTORIA.jpg?fit=300%2C300&amp;ssl=1\" data-large-file=\"https:\/\/i2.wp.com\/multiformas.com.co\/es\/blog\/wp-content\/uploads\/2018\/04\/ESPATIFILO-FACTORIA.jpg?fit=640%2C640&amp;ssl=1\" loading=\"lazy\" class=\"size-medium wp-image-1189\" src=\"https:\/\/i2.wp.com\/multiformas.com.co\/es\/blog\/wp-content\/uploads\/2018\/04\/ESPATIFILO-FACTORIA.jpg?resize=300%2C300&#038;ssl=1\" alt=\"\" width=\"300\" height=\"300\" srcset=\"https:\/\/i2.wp.com\/multiformas.com.co\/es\/blog\/wp-content\/uploads\/2018\/04\/ESPATIFILO-FACTORIA.jpg?resize=300%2C300&amp;ssl=1 300w, https:\/\/i2.wp.com\/multiformas.com.co\/es\/blog\/wp-content\/uploads\/2018\/04\/ESPATIFILO-FACTORIA.jpg?resize=150%2C150&amp;ssl=1 150w, https:\/\/i2.wp.com\/multiformas.com.co\/es\/blog\/wp-content\/uploads\/2018\/04\/ESPATIFILO-FACTORIA.jpg?resize=768%2C768&amp;ssl=1 768w, https:\/\/i2.wp.com\/multiformas.com.co\/es\/blog\/wp-content\/uploads\/2018\/04\/ESPATIFILO-FACTORIA.jpg?resize=600%2C600&amp;ssl=1 600w, https:\/\/i2.wp.com\/multiformas.com.co\/es\/blog\/wp-content\/uploads\/2018\/04\/ESPATIFILO-FACTORIA.jpg?w=1000&amp;ssl=1 1000w\" sizes=\"(max-width: 300px) 100vw, 300px\" data-recalc-dims=\"1\" \/><figcaption id=\"caption-attachment-1189\" class=\"wp-caption-text\">Vodoo Rose by Factor\u00eda flor<\/figcaption><\/figure>\n<p>&nbsp;<\/p>\n<p>Otro purificador de ambiente y adem\u00e1s elimina los contaminantes que pueden acumularse en los espacios de trabajo. Es una planta elegante y perfecta para interiores.<\/p>\n<p>&nbsp;<\/p>\n<h3>Y las flores que?<\/h3>\n<p>&nbsp;<\/p>\n<p>En cuanto a las flores tenemos m\u00e1s opciones, los coloridos son hermosos y puedes desecharlas cuando ya no est\u00e9n en su m\u00e1ximo esplendor. Recomendamos mantener una planta fija que ayude a purificar el aire y aportar vistosidad con flores naturales de temporada.<\/p>\n<p>Entre las flores perfectas para oficinas puedes escoger Jazmines con una deliciosa fragancia que dura mucho tiempo, rosas blancas, rosas y amarillas que rueden los niveles de ansiedad y nerviosismo. Los tonos mas fuertes como el fucsia y el rojo para d\u00edas llenos de celebraci\u00f3n.<\/p>\n<p>En general las rosas, claveles y orqu\u00eddeas son las m\u00e1s duraderas, por lo que son una buena opcion para dar color a una oficina.<\/p>\n<p>Si a\u00fan piensas que las plantas no son para ti, recomendamos emplear flores y plantas artificiales de alta calidad. En PCD Multiformas podemos crear un ambiente de aspecto natural con plantas artificiales o no, de manera que puedas obtener los beneficios visuales y de salud que aporta la naturaleza a los espacios.<\/p>\n<p>&nbsp;<\/p>\n<p>&nbsp;<\/p>\n<p>&nbsp;<\/p>\n","protected":false},"excerpt":{"rendered":"<p>&nbsp; &nbsp; Cuando hablamos de flores pensamos en romance, amistad y alegr\u00eda, es com\u00fan observarlas en los hogares y espacios p\u00fablicos, sin embargo es posible obtener sus beneficios dentro de <a href=\"https:\/\/multiformas.com.co\/es\/blog\/2018\/04\/25\/plantas-y-flores-en-la-oficina-por-que-no\/\" class=\"read-more button-fancy -red\"><span class=\"btn-arrow\"><\/span><span class=\"twp-read-more text\">Leer m\u00e1s<\/span><\/a><\/p>\n","protected":false},"author":1,"featured_media":321,"comment_status":"open","ping_status":"open","sticky":false,"template":"","format":"standard","meta":{"advanced_seo_description":"","spay_email":"","jetpack_publicize_message":"","jetpack_is_tweetstorm":false},"categories":[6],"tags":[35,184,39,37,62,25,183,36],"jetpack_featured_media_url":"https:\/\/i0.wp.com\/multiformas.com.co\/es\/blog\/wp-content\/uploads\/2017\/11\/03_Rijnstraat__Photo_by_Nick_Guttrige.jpg?fit=667%2C1000&ssl=1","jetpack_publicize_connections":[],"jetpack_sharing_enabled":true,"jetpack_shortlink":"https:\/\/wp.me\/p9kzw1-j3","jetpack_likes_enabled":true,"jetpack-related-posts":[{"id":1313,"url":"https:\/\/multiformas.com.co\/es\/blog\/2018\/06\/14\/como-saber-cual-es-la-mejor-opcion-en-divisiones-para-tu-oficina\/","url_meta":{"origin":1181,"position":0},"title":"C\u00f3mo saber c\u00faal es la mejor opci\u00f3n en divisiones para tu oficina.","date":"junio 14, 2018","format":false,"excerpt":"Las divisiones de oficina son importantes porque nos ayudan a distribuir mejor el espacio, sin embargo debemos saber que para cada necesidad existe un tipo de divisi\u00f3n que se adapta a la perfecci\u00f3n, la pregunta es \u00bfCu\u00e1l es tu necesidad? En PCD Multiformas te ayudamos a identificarla. \u00a0 La necesidad\u2026","rel":"","context":"En \u00abMobiliario\u00bb","img":{"alt_text":"","src":"https:\/\/i1.wp.com\/multiformas.com.co\/es\/blog\/wp-content\/uploads\/2018\/06\/pk30-dark-framed-glass-doors-swing-slide-1-e1488927596882.jpg?fit=1023%2C729&ssl=1&resize=350%2C200","width":350,"height":200},"classes":[]},{"id":952,"url":"https:\/\/multiformas.com.co\/es\/blog\/2018\/01\/18\/en-el-interior-de-las-oficinas-de-skype-diseno-sin-limites\/","url_meta":{"origin":1181,"position":1},"title":"En el interior de las oficinas de Skype, dise\u00f1o sin limites.","date":"enero 18, 2018","format":false,"excerpt":"Skype los pioneros en telefon\u00eda a trav\u00e9s de Internet nos muestran sus oficinas en Estocolmo, como es de esperarse los dise\u00f1os son exclusivos para la firma, dignos de imitar para tu pr\u00f3ximo proyecto. Las oficinas de Skype en Estocolmo fueron dise\u00f1adas por\u00a0PS Arkitektur\u00a0una empresa dedicada a proyectos de arquitectura y\u2026","rel":"","context":"En \u00abDecoraci\u00f3n\u00bb","img":{"alt_text":"Oficina dise\u00f1o Skype","src":"https:\/\/i2.wp.com\/multiformas.com.co\/es\/blog\/wp-content\/uploads\/2018\/01\/oficina-dise\u00f1o-skype-7.jpg?fit=700%2C462&ssl=1&resize=350%2C200","width":350,"height":200},"classes":[]},{"id":1487,"url":"https:\/\/multiformas.com.co\/es\/blog\/2020\/04\/07\/oficinas-pensadas-en-la-salud-de-sus-usuarios\/","url_meta":{"origin":1181,"position":2},"title":"Oficinas pensadas en la salud de sus usuarios.","date":"abril 7, 2020","format":false,"excerpt":"En los momentos m\u00e1s dif\u00edciles de la humanidad es donde nos planteamos si es conveniente seguir andando solos o debemos tomar acciones que beneficien al grupo. Los espacios de trabajo no son la excepci\u00f3n, adem\u00e1s de representar la fuente directa de ingresos a todo nivel, es el lugar donde pasamos\u2026","rel":"","context":"En \u00abDecoraci\u00f3n\u00bb","img":{"alt_text":"","src":"https:\/\/i1.wp.com\/multiformas.com.co\/es\/blog\/wp-content\/uploads\/2020\/04\/building-91228_1280.jpg?fit=1200%2C746&ssl=1&resize=350%2C200","width":350,"height":200},"classes":[]},{"id":1523,"url":"https:\/\/multiformas.com.co\/es\/blog\/2020\/05\/05\/todo-lo-que-necesitas-saber-para-tener-la-mejor-oficina-en-casa\/","url_meta":{"origin":1181,"position":3},"title":"Todo lo que necesitas saber para tener la mejor oficina en casa.","date":"mayo 5, 2020","format":false,"excerpt":"Las oficinas han cambiado bastante en este \u00faltimo tiempo, ahora casi todos trabajamos desde casa, lo que antes pod\u00eda ser un sue\u00f1o ahora es nuestro d\u00eda a d\u00eda. \u00bfTe sientes abrumado por la cotidianidad de tu oficina en casa? Hoy te mostraremos los mejores dise\u00f1os para que tu espacio productivo\u2026","rel":"","context":"En \u00abDecoraci\u00f3n\u00bb","img":{"alt_text":"","src":"https:\/\/i0.wp.com\/multiformas.com.co\/es\/blog\/wp-content\/uploads\/2020\/05\/office-1078869_1280.jpg?fit=1200%2C798&ssl=1&resize=350%2C200","width":350,"height":200},"classes":[]},{"id":1661,"url":"https:\/\/multiformas.com.co\/es\/blog\/2020\/08\/18\/lo-que-toda-girl-boss-necesita-en-su-oficina-en-casa\/","url_meta":{"origin":1181,"position":4},"title":"Lo que toda Girl Boss necesita en su oficina en casa.","date":"agosto 18, 2020","format":false,"excerpt":"Nuestro lugar de trabajo en casa suele ser descuidado por la cotidianidad, sin embargo no tiene que ser necesariamente as\u00ed, es imprescindible contar con un espacio que renueve tus fuerzas, inspire y motive a dar todo de ti. Aqu\u00ed te contaremos como hacer de tu Home Office un espacio especial\u2026","rel":"","context":"En \u00abEstilo de Vida\u00bb","img":{"alt_text":"","src":"https:\/\/i2.wp.com\/multiformas.com.co\/es\/blog\/wp-content\/uploads\/2020\/08\/home-office-1867759_960_720.jpg?fit=960%2C640&ssl=1&resize=350%2C200","width":350,"height":200},"classes":[]},{"id":1110,"url":"https:\/\/multiformas.com.co\/es\/blog\/2018\/03\/15\/como-escoger-la-pintura-ideal-para-mi-oficina\/","url_meta":{"origin":1181,"position":5},"title":"\u00bfC\u00f3mo escoger la pintura ideal para mi oficina?","date":"marzo 15, 2018","format":false,"excerpt":"\u00a0 El tema de la pintura casi siempre pasa desapercibido, nos enfocamos m\u00e1s en el mobiliario y los elementos decorativos sin pensar que el tono de pintura adecuado puede hacer que nuestro proyecto de remodelaci\u00f3n sea un \u00e9xito o un fracaso. En PCD Multiformas te ense\u00f1aremos como escoger la pintura\u2026","rel":"","context":"En \u00abDecoraci\u00f3n\u00bb","img":{"alt_text":"Oficina trivago","src":"https:\/\/i0.wp.com\/multiformas.com.co\/es\/blog\/wp-content\/uploads\/2017\/12\/reforma-oficina-trivago3-500x303.jpg?fit=500%2C303&ssl=1&resize=350%2C200","width":350,"height":200},"classes":[]}],"_links":{"self":[{"href":"https:\/\/multiformas.com.co\/es\/blog\/wp-json\/wp\/v2\/posts\/1181"}],"collection":[{"href":"https:\/\/multiformas.com.co\/es\/blog\/wp-json\/wp\/v2\/posts"}],"about":[{"href":"https:\/\/multiformas.com.co\/es\/blog\/wp-json\/wp\/v2\/types\/post"}],"author":[{"embeddable":true,"href":"https:\/\/multiformas.com.co\/es\/blog\/wp-json\/wp\/v2\/users\/1"}],"replies":[{"embeddable":true,"href":"https:\/\/multiformas.com.co\/es\/blog\/wp-json\/wp\/v2\/comments?post=1181"}],"version-history":[{"count":3,"href":"https:\/\/multiformas.com.co\/es\/blog\/wp-json\/wp\/v2\/posts\/1181\/revisions"}],"predecessor-version":[{"id":1191,"href":"https:\/\/multiformas.com.co\/es\/blog\/wp-json\/wp\/v2\/posts\/1181\/revisions\/1191"}],"wp:featuredmedia":[{"embeddable":true,"href":"https:\/\/multiformas.com.co\/es\/blog\/wp-json\/wp\/v2\/media\/321"}],"wp:attachment":[{"href":"https:\/\/multiformas.com.co\/es\/blog\/wp-json\/wp\/v2\/media?parent=1181"}],"wp:term":[{"taxonomy":"category","embeddable":true,"href":"https:\/\/multiformas.com.co\/es\/blog\/wp-json\/wp\/v2\/categories?post=1181"},{"taxonomy":"post_tag","embeddable":true,"href":"https:\/\/multiformas.com.co\/es\/blog\/wp-json\/wp\/v2\/tags?post=1181"}],"curies":[{"name":"wp","href":"https:\/\/api.w.org\/{rel}","templated":true}]}}