{"id":1381,"date":"2018-07-06T15:53:39","date_gmt":"2018-07-06T15:53:39","guid":{"rendered":"https:\/\/multiformas.com.co\/es\/blog\/?p=1381"},"modified":"2018-07-06T15:53:39","modified_gmt":"2018-07-06T15:53:39","slug":"piensas-renovar-tu-oficina-tendencias-2018","status":"publish","type":"post","link":"https:\/\/multiformas.com.co\/es\/blog\/2018\/07\/06\/piensas-renovar-tu-oficina-tendencias-2018\/","title":{"rendered":"\u00bfPiensas renovar tu oficina? tendencias 2018"},"content":{"rendered":"<p>En el 2018 las formas, los colores y estilos nos han invadido, si a\u00fan tiene dudas para renovar tus espacios en PCD Multiformas te mostramos las tendencias que han prometido quedarse hasta el final. \u00bfPreparado?<\/p>\n<p>&nbsp;<\/p>\n<h2>Minimalismo<\/h2>\n<p>&nbsp;<\/p>\n<p>Mucho se habla del minimalismo, una tendencia que ya lleva bastante tiempo en la palestra y cuando de oficinas, espacios comerciales y educativos se trata, <strong>el minimalismo es una opci\u00f3n viable.<\/strong><\/p>\n<p>La idea principal es que incorpores al espacio <strong>solo los elementos que necesitas<\/strong> ni m\u00e1s ni menos, para centrar el foco en la pieza fundamental, el lugar de trabajo. <strong>Olvida las decoraciones suntuosas y los colores llamativos.<\/strong><\/p>\n<p>&nbsp;<\/p>\n<figure id=\"attachment_1151\" aria-describedby=\"caption-attachment-1151\" style=\"width: 1024px\" class=\"wp-caption alignnone\"><img data-attachment-id=\"1151\" data-permalink=\"https:\/\/multiformas.com.co\/es\/blog\/2018\/04\/03\/la-estanteria-ideal-para-tu-oficina\/estanteria-de-oficina-5\/\" data-orig-file=\"https:\/\/i0.wp.com\/multiformas.com.co\/es\/blog\/wp-content\/uploads\/2018\/04\/estanteria-de-oficina-5.jpg?fit=1024%2C724&amp;ssl=1\" data-orig-size=\"1024,724\" data-comments-opened=\"1\" data-image-meta=\"{&quot;aperture&quot;:&quot;0&quot;,&quot;credit&quot;:&quot;&quot;,&quot;camera&quot;:&quot;&quot;,&quot;caption&quot;:&quot;&quot;,&quot;created_timestamp&quot;:&quot;0&quot;,&quot;copyright&quot;:&quot;&quot;,&quot;focal_length&quot;:&quot;0&quot;,&quot;iso&quot;:&quot;0&quot;,&quot;shutter_speed&quot;:&quot;0&quot;,&quot;title&quot;:&quot;&quot;,&quot;orientation&quot;:&quot;0&quot;}\" data-image-title=\"estanteria-de-oficina-5\" data-image-description=\"\" data-medium-file=\"https:\/\/i0.wp.com\/multiformas.com.co\/es\/blog\/wp-content\/uploads\/2018\/04\/estanteria-de-oficina-5.jpg?fit=300%2C212&amp;ssl=1\" data-large-file=\"https:\/\/i0.wp.com\/multiformas.com.co\/es\/blog\/wp-content\/uploads\/2018\/04\/estanteria-de-oficina-5.jpg?fit=640%2C453&amp;ssl=1\" loading=\"lazy\" class=\"wp-image-1151 size-full\" src=\"https:\/\/i0.wp.com\/multiformas.com.co\/es\/blog\/wp-content\/uploads\/2018\/04\/estanteria-de-oficina-5.jpg?resize=640%2C453&#038;ssl=1\" alt=\"\" width=\"640\" height=\"453\" srcset=\"https:\/\/i0.wp.com\/multiformas.com.co\/es\/blog\/wp-content\/uploads\/2018\/04\/estanteria-de-oficina-5.jpg?w=1024&amp;ssl=1 1024w, https:\/\/i0.wp.com\/multiformas.com.co\/es\/blog\/wp-content\/uploads\/2018\/04\/estanteria-de-oficina-5.jpg?resize=300%2C212&amp;ssl=1 300w, https:\/\/i0.wp.com\/multiformas.com.co\/es\/blog\/wp-content\/uploads\/2018\/04\/estanteria-de-oficina-5.jpg?resize=768%2C543&amp;ssl=1 768w, https:\/\/i0.wp.com\/multiformas.com.co\/es\/blog\/wp-content\/uploads\/2018\/04\/estanteria-de-oficina-5.jpg?resize=600%2C424&amp;ssl=1 600w\" sizes=\"(max-width: 640px) 100vw, 640px\" data-recalc-dims=\"1\" \/><figcaption id=\"caption-attachment-1151\" class=\"wp-caption-text\">about-office<\/figcaption><\/figure>\n<p>&nbsp;<\/p>\n<p>Es importante mantener la menor cantidad de objetos posibles, si cuentas con una biblioteca en tu oficina deber\u00e1s depurarla y <strong>solo mantener los textos de consulta u ocio que realmente lees.<\/strong> Tener un espacio minimalista te ayudara a trabajar de manera m\u00e1s relajada y mejorar\u00e1 tu productividad gracias a que todo el entorno<strong> influir\u00e1 en tu paz interior.<\/strong><\/p>\n<p>Si crees que este estilo es tu mejor opci\u00f3n te recomendamos dejar mucho espacio libre en tu oficina, pintarla de colores claros y adquirir mobiliario de lineas simples, lisos y prolijos, en madera o metal. <strong>Los elementos decorativos deben ser de estructura simple<\/strong> como un cuadro moderno o un jarr\u00f3n de lineas limpias con un par de flores es suficiente.<\/p>\n<p>&nbsp;<\/p>\n<h2>Open Space<\/h2>\n<p>&nbsp;<\/p>\n<p>Son las ya conocidas oficinas abiertas, una tendencia que va arropar a m\u00e1s de una empresa quiera o no. Las ventajas son indiscutibles: <strong>mayor aprovechamiento del espacio f\u00edsico, comunicaci\u00f3n y flujo de ideas<\/strong>, sin embargo como hemos mencionado en art\u00edculos anteriores este tipo de oficina no es para todos.<\/p>\n<p>Primero debes analizar que tipo de empresa tienes y que trabajo se realiza dentro del recinto, si tus empleados necesitan altas dosis de concentraci\u00f3n o por el contrario un buen flujo de comunicaci\u00f3n.<\/p>\n<p>&nbsp;<\/p>\n<figure id=\"attachment_1154\" aria-describedby=\"caption-attachment-1154\" style=\"width: 1024px\" class=\"wp-caption aligncenter\"><img data-attachment-id=\"1154\" data-permalink=\"https:\/\/multiformas.com.co\/es\/blog\/2018\/04\/03\/la-estanteria-ideal-para-tu-oficina\/estanterias-de-oficina-8\/\" data-orig-file=\"https:\/\/i2.wp.com\/multiformas.com.co\/es\/blog\/wp-content\/uploads\/2018\/04\/estanterias-de-oficina-8.jpg?fit=1024%2C627&amp;ssl=1\" data-orig-size=\"1024,627\" data-comments-opened=\"1\" data-image-meta=\"{&quot;aperture&quot;:&quot;0&quot;,&quot;credit&quot;:&quot;&quot;,&quot;camera&quot;:&quot;&quot;,&quot;caption&quot;:&quot;&quot;,&quot;created_timestamp&quot;:&quot;0&quot;,&quot;copyright&quot;:&quot;&quot;,&quot;focal_length&quot;:&quot;0&quot;,&quot;iso&quot;:&quot;0&quot;,&quot;shutter_speed&quot;:&quot;0&quot;,&quot;title&quot;:&quot;&quot;,&quot;orientation&quot;:&quot;0&quot;}\" data-image-title=\"estanterias-de-oficina-8\" data-image-description=\"\" data-medium-file=\"https:\/\/i2.wp.com\/multiformas.com.co\/es\/blog\/wp-content\/uploads\/2018\/04\/estanterias-de-oficina-8.jpg?fit=300%2C184&amp;ssl=1\" data-large-file=\"https:\/\/i2.wp.com\/multiformas.com.co\/es\/blog\/wp-content\/uploads\/2018\/04\/estanterias-de-oficina-8.jpg?fit=640%2C392&amp;ssl=1\" loading=\"lazy\" class=\"wp-image-1154 size-full\" src=\"https:\/\/i2.wp.com\/multiformas.com.co\/es\/blog\/wp-content\/uploads\/2018\/04\/estanterias-de-oficina-8.jpg?resize=640%2C392&#038;ssl=1\" alt=\"\" width=\"640\" height=\"392\" srcset=\"https:\/\/i2.wp.com\/multiformas.com.co\/es\/blog\/wp-content\/uploads\/2018\/04\/estanterias-de-oficina-8.jpg?w=1024&amp;ssl=1 1024w, https:\/\/i2.wp.com\/multiformas.com.co\/es\/blog\/wp-content\/uploads\/2018\/04\/estanterias-de-oficina-8.jpg?resize=300%2C184&amp;ssl=1 300w, https:\/\/i2.wp.com\/multiformas.com.co\/es\/blog\/wp-content\/uploads\/2018\/04\/estanterias-de-oficina-8.jpg?resize=768%2C470&amp;ssl=1 768w, https:\/\/i2.wp.com\/multiformas.com.co\/es\/blog\/wp-content\/uploads\/2018\/04\/estanterias-de-oficina-8.jpg?resize=600%2C367&amp;ssl=1 600w\" sizes=\"(max-width: 640px) 100vw, 640px\" data-recalc-dims=\"1\" \/><figcaption id=\"caption-attachment-1154\" class=\"wp-caption-text\">about-office<\/figcaption><\/figure>\n<p>&nbsp;<\/p>\n<p><strong>\u00bfQuieres tener una oficina Open Space?<\/strong>\u00a0Apunta estos tips.<\/p>\n<ul>\n<li>Deberas encontrar mobiliario que contenga <strong>materiales reductores de ruido, como es el caso de los paneles o divisores absorbentes de ruido<\/strong> que existen entre los escritorios, de esta forma se minimiza el sonido de las conversaciones telef\u00f3nicas que puedan darse a lugar en cada espacio de trabajo, as\u00ed evitaras la reducci\u00f3n de molestias por la falta de intimidad laboral.<\/li>\n<\/ul>\n<p>&nbsp;<\/p>\n<ul>\n<li>Necesitaras de espacios cerrados adicionales que puedan servir para mantener reuniones.<\/li>\n<\/ul>\n<p>&nbsp;<\/p>\n<ul>\n<li>Educar a los usuarios del espacio es importante, <strong>indicar cual es el comportamiento esperado para habitar sanamente en un espacio abierto<\/strong>, cosas como dejar el celular en vibrador y adecuar el volumen de la voz son detalles que deben ser exigidos.<\/li>\n<\/ul>\n<p>Leer m\u00e1s: <strong><a href=\"https:\/\/multiformas.com.co\/es\/blog\/2018\/03\/16\/lo-que-deberias-saber-antes-de-construir-una-oficina-abierta\/\">Lo que deber\u00edas saber antes de construir una oficina abierta<\/a><\/strong><\/p>\n<p>&nbsp;<\/p>\n<h2>La ergonomia<\/h2>\n<p>&nbsp;<\/p>\n<p>En nuestro entorno laboral donde pasamos 12 horas o m\u00e1s en las oficinas, hablar de ergonom\u00eda ya no es un capricho sino una necesidad. <strong>Es importante que tus empleados sean productivos, proactivos y que alcancen las metas propuestas,<\/strong> disminuir el ausentismo laboral y evitar las futuras sanciones a la empresa, son las razones por las cuales la ergonom\u00eda es tan importante en nuestros d\u00edas.<\/p>\n<p>&nbsp;<\/p>\n<figure id=\"attachment_1258\" aria-describedby=\"caption-attachment-1258\" style=\"width: 500px\" class=\"wp-caption aligncenter\"><img data-attachment-id=\"1258\" data-permalink=\"https:\/\/multiformas.com.co\/es\/blog\/?attachment_id=1258\" data-orig-file=\"https:\/\/i0.wp.com\/multiformas.com.co\/es\/blog\/wp-content\/uploads\/2017\/11\/LONDON-PRESIDENTE-FRONTAL-COSTADO.jpg?fit=500%2C750&amp;ssl=1\" data-orig-size=\"500,750\" data-comments-opened=\"1\" data-image-meta=\"{&quot;aperture&quot;:&quot;0&quot;,&quot;credit&quot;:&quot;&quot;,&quot;camera&quot;:&quot;&quot;,&quot;caption&quot;:&quot;&quot;,&quot;created_timestamp&quot;:&quot;0&quot;,&quot;copyright&quot;:&quot;&quot;,&quot;focal_length&quot;:&quot;0&quot;,&quot;iso&quot;:&quot;0&quot;,&quot;shutter_speed&quot;:&quot;0&quot;,&quot;title&quot;:&quot;&quot;,&quot;orientation&quot;:&quot;0&quot;}\" data-image-title=\"LONDON-PRESIDENTE-FRONTAL-COSTADO\" data-image-description=\"\" data-medium-file=\"https:\/\/i0.wp.com\/multiformas.com.co\/es\/blog\/wp-content\/uploads\/2017\/11\/LONDON-PRESIDENTE-FRONTAL-COSTADO.jpg?fit=200%2C300&amp;ssl=1\" data-large-file=\"https:\/\/i0.wp.com\/multiformas.com.co\/es\/blog\/wp-content\/uploads\/2017\/11\/LONDON-PRESIDENTE-FRONTAL-COSTADO.jpg?fit=500%2C750&amp;ssl=1\" loading=\"lazy\" class=\"wp-image-1258 size-full\" src=\"https:\/\/i0.wp.com\/multiformas.com.co\/es\/blog\/wp-content\/uploads\/2017\/11\/LONDON-PRESIDENTE-FRONTAL-COSTADO.jpg?resize=500%2C750&#038;ssl=1\" alt=\"\" width=\"500\" height=\"750\" srcset=\"https:\/\/i0.wp.com\/multiformas.com.co\/es\/blog\/wp-content\/uploads\/2017\/11\/LONDON-PRESIDENTE-FRONTAL-COSTADO.jpg?w=500&amp;ssl=1 500w, https:\/\/i0.wp.com\/multiformas.com.co\/es\/blog\/wp-content\/uploads\/2017\/11\/LONDON-PRESIDENTE-FRONTAL-COSTADO.jpg?resize=200%2C300&amp;ssl=1 200w\" sizes=\"(max-width: 500px) 100vw, 500px\" data-recalc-dims=\"1\" \/><figcaption id=\"caption-attachment-1258\" class=\"wp-caption-text\">UFMAX<\/figcaption><\/figure>\n<p>&nbsp;<\/p>\n<p>Adquiere mobiliario adecuado, b\u00e1sicamente los escritorios deben tener una altura est\u00e1ndar que se pueda adaptar a la mayor\u00eda de los usuarios, sin embargo no todas las empresas est\u00e1n capacitadas para fabricar mobiliario de calidad. Tambi\u00e9n la silla es un punto que debemos analizar, <strong>deben estar acondicionadas al cuerpo humano<\/strong> de manera tal que no produzca en el largo plazo da\u00f1os irreversibles.<\/p>\n<p><strong>\u00bfTe interesa la ergonom\u00eda?<\/strong> no te pierdas nuestro art\u00edculo <strong><a href=\"https:\/\/multiformas.com.co\/es\/blog\/2017\/10\/27\/que-hay-con-las-sillas-de-oficina\/\">\u00bfQu\u00e9 hay con las sillas de oficina?<\/a><\/strong><\/p>\n<p><strong>\u00bfQuieres sillas ergonomicas de calidad?<\/strong> visita <strong><a href=\"https:\/\/ufmax.com\/pwp\/\">UFMAX<\/a><\/strong><\/p>\n<p>Puntos a tomar en cuenta<\/p>\n<ul>\n<li>La iluminaci\u00f3n es importante si deseas un espacio eficiente y deberas contratar expertos.<\/li>\n<li>Los materiales deben ser de calidad para que su inversi\u00f3n dura toda la vida.<\/li>\n<li>Contratar expertos que ofrezcan mantenimiento de sus espacios en cuanto a superficies y cableados es la mejor opci\u00f3n, as\u00ed no tendr\u00e1 que preocuparse por nada.<\/li>\n<\/ul>\n<p>&nbsp;<\/p>\n<figure id=\"attachment_519\" aria-describedby=\"caption-attachment-519\" style=\"width: 1200px\" class=\"wp-caption aligncenter\"><img data-attachment-id=\"519\" data-permalink=\"https:\/\/multiformas.com.co\/es\/blog\/2017\/11\/28\/la-sala-de-espera-el-espacio-mas-importante-de-la-empresa\/dsc_0440\/\" data-orig-file=\"https:\/\/i1.wp.com\/multiformas.com.co\/es\/blog\/wp-content\/uploads\/2017\/11\/DSC_0440.jpg?fit=1200%2C800&amp;ssl=1\" data-orig-size=\"1200,800\" data-comments-opened=\"1\" data-image-meta=\"{&quot;aperture&quot;:&quot;0&quot;,&quot;credit&quot;:&quot;&quot;,&quot;camera&quot;:&quot;&quot;,&quot;caption&quot;:&quot;&quot;,&quot;created_timestamp&quot;:&quot;0&quot;,&quot;copyright&quot;:&quot;&quot;,&quot;focal_length&quot;:&quot;0&quot;,&quot;iso&quot;:&quot;0&quot;,&quot;shutter_speed&quot;:&quot;0&quot;,&quot;title&quot;:&quot;&quot;,&quot;orientation&quot;:&quot;0&quot;}\" data-image-title=\"DSC_0440\" data-image-description=\"\" data-medium-file=\"https:\/\/i1.wp.com\/multiformas.com.co\/es\/blog\/wp-content\/uploads\/2017\/11\/DSC_0440.jpg?fit=300%2C200&amp;ssl=1\" data-large-file=\"https:\/\/i1.wp.com\/multiformas.com.co\/es\/blog\/wp-content\/uploads\/2017\/11\/DSC_0440.jpg?fit=640%2C427&amp;ssl=1\" loading=\"lazy\" class=\"wp-image-519 size-full\" src=\"https:\/\/i1.wp.com\/multiformas.com.co\/es\/blog\/wp-content\/uploads\/2017\/11\/DSC_0440.jpg?resize=640%2C427&#038;ssl=1\" alt=\"\" width=\"640\" height=\"427\" srcset=\"https:\/\/i1.wp.com\/multiformas.com.co\/es\/blog\/wp-content\/uploads\/2017\/11\/DSC_0440.jpg?w=1200&amp;ssl=1 1200w, https:\/\/i1.wp.com\/multiformas.com.co\/es\/blog\/wp-content\/uploads\/2017\/11\/DSC_0440.jpg?resize=300%2C200&amp;ssl=1 300w, https:\/\/i1.wp.com\/multiformas.com.co\/es\/blog\/wp-content\/uploads\/2017\/11\/DSC_0440.jpg?resize=768%2C512&amp;ssl=1 768w, https:\/\/i1.wp.com\/multiformas.com.co\/es\/blog\/wp-content\/uploads\/2017\/11\/DSC_0440.jpg?resize=1024%2C683&amp;ssl=1 1024w, https:\/\/i1.wp.com\/multiformas.com.co\/es\/blog\/wp-content\/uploads\/2017\/11\/DSC_0440.jpg?resize=90%2C60&amp;ssl=1 90w\" sizes=\"(max-width: 640px) 100vw, 640px\" data-recalc-dims=\"1\" \/><figcaption id=\"caption-attachment-519\" class=\"wp-caption-text\">Espacios Multiformas<\/figcaption><\/figure>\n<p>&nbsp;<\/p>\n<p>En <strong><a href=\"https:\/\/multiformas.com.co\/\">PCD Multiformas<\/a><\/strong> tenemos amplia experiencia en la adecuaci\u00f3n, transformaci\u00f3n y construcci\u00f3n de espacios laborales, comerciales y educativos, brindamos asesor\u00eda personalizada para que obtenga el espacio que necesita en el menor tiempo posible. Nosotros nos encargamos de la construcci\u00f3n de sus espacios y usted de hacer creer su negocio.<strong> <a href=\"https:\/\/multiformas.com.co\/contacto.html\">Cont\u00e1ctenos.<\/a><\/strong><\/p>\n<p>&nbsp;<\/p>\n","protected":false},"excerpt":{"rendered":"<p>En el 2018 las formas, los colores y estilos nos han invadido, si a\u00fan tiene dudas para renovar tus espacios en PCD Multiformas te mostramos las tendencias que han prometido <a href=\"https:\/\/multiformas.com.co\/es\/blog\/2018\/07\/06\/piensas-renovar-tu-oficina-tendencias-2018\/\" class=\"read-more button-fancy -red\"><span class=\"btn-arrow\"><\/span><span class=\"twp-read-more text\">Leer m\u00e1s<\/span><\/a><\/p>\n","protected":false},"author":1,"featured_media":492,"comment_status":"open","ping_status":"open","sticky":false,"template":"","format":"standard","meta":{"advanced_seo_description":"","spay_email":"","jetpack_publicize_message":"","jetpack_is_tweetstorm":false},"categories":[7],"tags":[35,39,37,62,25,36,209],"jetpack_featured_media_url":"https:\/\/i2.wp.com\/multiformas.com.co\/es\/blog\/wp-content\/uploads\/2017\/11\/DSC_0304.jpg?fit=1200%2C800&ssl=1","jetpack_publicize_connections":[],"jetpack_sharing_enabled":true,"jetpack_shortlink":"https:\/\/wp.me\/p9kzw1-mh","jetpack_likes_enabled":true,"jetpack-related-posts":[{"id":643,"url":"https:\/\/multiformas.com.co\/es\/blog\/2017\/12\/06\/los-colores-del-2018-segun-pantone\/","url_meta":{"origin":1381,"position":0},"title":"Los colores del 2018 seg\u00fan Pantone.","date":"diciembre 6, 2017","format":false,"excerpt":"\u00a0 Crear una pieza de dise\u00f1o y marcar una tendencia lleva un tiempo considerable, se eval\u00faan ciertos aspectos como el entorno social, el gusto del cliente, sus expectativas en cuanto al dise\u00f1o y la utilidad del mismo, los materiales y el color; por eso hoy te presentaremos las tendencias en\u2026","rel":"","context":"En \u00abDecoraci\u00f3n\u00bb","img":{"alt_text":"","src":"https:\/\/i0.wp.com\/multiformas.com.co\/es\/blog\/wp-content\/uploads\/2017\/12\/2ac877409181ffaa08db87450f5c7685-1.jpg?fit=564%2C691&ssl=1&resize=350%2C200","width":350,"height":200},"classes":[]},{"id":1054,"url":"https:\/\/multiformas.com.co\/es\/blog\/2018\/02\/27\/las-tendencias-en-diseno-interior-en-casadecor2018\/","url_meta":{"origin":1381,"position":1},"title":"Las tendencias en dise\u00f1o interior en CasaDecor2018","date":"febrero 27, 2018","format":false,"excerpt":"CasaDecor 2018 (en su 53\u00aa edici\u00f3n) es un evento realizado en Madrid, donde podr\u00e1s apreciar las tendencias de dise\u00f1o para este a\u00f1o que atraparan tus sentidos y ademas marcaran la pauta para la construcci\u00f3n de los espacios de tu nuevo proyecto. En esta edici\u00f3n hay de todo para todos desde\u2026","rel":"","context":"En \u00abDecoraci\u00f3n\u00bb","img":{"alt_text":"","src":"https:\/\/i0.wp.com\/multiformas.com.co\/es\/blog\/wp-content\/uploads\/2018\/02\/tendencias-2018-casadecor-5.jpg?fit=621%2C941&ssl=1&resize=350%2C200","width":350,"height":200},"classes":[]},{"id":747,"url":"https:\/\/multiformas.com.co\/es\/blog\/2017\/12\/15\/abanico-de-posibilidades-en-tendencias-de-diseno-para-el-2018\/","url_meta":{"origin":1381,"position":2},"title":"Abanico de posibilidades en tendencias de dise\u00f1o para el 2018","date":"diciembre 15, 2017","format":false,"excerpt":"Imagen de interiorgod \u00a0 Este nuevo a\u00f1o viene cargado de opciones para todos los gustos, no se limita a una tendencia en especifico al contrario podemos combinar y tomar de aqu\u00ed o de all\u00e1 seg\u00fan nuestro gusto. Prep\u00e1rate para navegar en este mar de posibilidades infinitas y crea divertidos dise\u00f1os.\u2026","rel":"","context":"En \u00abDecoraci\u00f3n\u00bb","img":{"alt_text":"","src":"https:\/\/i0.wp.com\/multiformas.com.co\/es\/blog\/wp-content\/uploads\/2017\/12\/industrial-style-men-office-design.jpg?fit=683%2C1024&ssl=1&resize=350%2C200","width":350,"height":200},"classes":[]},{"id":1091,"url":"https:\/\/multiformas.com.co\/es\/blog\/2018\/03\/08\/las-tendencias-en-mobiliario-que-marcaran-el-2018\/","url_meta":{"origin":1381,"position":3},"title":"Las tendencias en mobiliario que marcaran el 2018","date":"marzo 8, 2018","format":false,"excerpt":"La feria internacional\u00a0IMM Cologne es pionera en mostrarnos cual es la tendencia en mobiliario para este a\u00f1o en curso y es grato para nosotros mostrarte lo que deber\u00eda tener toda oficina y espacio comercial para estar a la altura de los que aprecian el buen gusto. IMM Cologne es una\u2026","rel":"","context":"En \u00abMobiliario\u00bb","img":{"alt_text":"","src":"https:\/\/i0.wp.com\/multiformas.com.co\/es\/blog\/wp-content\/uploads\/2018\/03\/tendencias-mobiliario-11.jpg?fit=1175%2C881&ssl=1&resize=350%2C200","width":350,"height":200},"classes":[]},{"id":952,"url":"https:\/\/multiformas.com.co\/es\/blog\/2018\/01\/18\/en-el-interior-de-las-oficinas-de-skype-diseno-sin-limites\/","url_meta":{"origin":1381,"position":4},"title":"En el interior de las oficinas de Skype, dise\u00f1o sin limites.","date":"enero 18, 2018","format":false,"excerpt":"Skype los pioneros en telefon\u00eda a trav\u00e9s de Internet nos muestran sus oficinas en Estocolmo, como es de esperarse los dise\u00f1os son exclusivos para la firma, dignos de imitar para tu pr\u00f3ximo proyecto. Las oficinas de Skype en Estocolmo fueron dise\u00f1adas por\u00a0PS Arkitektur\u00a0una empresa dedicada a proyectos de arquitectura y\u2026","rel":"","context":"En \u00abDecoraci\u00f3n\u00bb","img":{"alt_text":"Oficina dise\u00f1o Skype","src":"https:\/\/i2.wp.com\/multiformas.com.co\/es\/blog\/wp-content\/uploads\/2018\/01\/oficina-dise\u00f1o-skype-7.jpg?fit=700%2C462&ssl=1&resize=350%2C200","width":350,"height":200},"classes":[]},{"id":1293,"url":"https:\/\/multiformas.com.co\/es\/blog\/2018\/06\/10\/conoce-las-ultimas-tendencias-en-mobiliario-de-oficina\/","url_meta":{"origin":1381,"position":5},"title":"Conoce las ultimas tendencias en mobiliario de oficina","date":"junio 10, 2018","format":false,"excerpt":"Estamos a mitad de a\u00f1o y ya tenemos las nuevas tendencias para el \u00faltimo trimestre del a\u00f1o 2018, colores vibrantes, materiales eternos, y dise\u00f1o sin limites, en PDC Multiformas tenemos listo desde ya miles de ideas para tu nuevo proyecto. \u00a0 La nueva mousse Rafa Garc\u00eda uno de los dise\u00f1adores\u2026","rel":"","context":"En \u00abMobiliario\u00bb","img":{"alt_text":"","src":"https:\/\/i1.wp.com\/multiformas.com.co\/es\/blog\/wp-content\/uploads\/2018\/06\/coleccion-de-muebles-atom-de-boss-design-full.jpg?fit=1000%2C600&ssl=1&resize=350%2C200","width":350,"height":200},"classes":[]}],"_links":{"self":[{"href":"https:\/\/multiformas.com.co\/es\/blog\/wp-json\/wp\/v2\/posts\/1381"}],"collection":[{"href":"https:\/\/multiformas.com.co\/es\/blog\/wp-json\/wp\/v2\/posts"}],"about":[{"href":"https:\/\/multiformas.com.co\/es\/blog\/wp-json\/wp\/v2\/types\/post"}],"author":[{"embeddable":true,"href":"https:\/\/multiformas.com.co\/es\/blog\/wp-json\/wp\/v2\/users\/1"}],"replies":[{"embeddable":true,"href":"https:\/\/multiformas.com.co\/es\/blog\/wp-json\/wp\/v2\/comments?post=1381"}],"version-history":[{"count":10,"href":"https:\/\/multiformas.com.co\/es\/blog\/wp-json\/wp\/v2\/posts\/1381\/revisions"}],"predecessor-version":[{"id":1391,"href":"https:\/\/multiformas.com.co\/es\/blog\/wp-json\/wp\/v2\/posts\/1381\/revisions\/1391"}],"wp:featuredmedia":[{"embeddable":true,"href":"https:\/\/multiformas.com.co\/es\/blog\/wp-json\/wp\/v2\/media\/492"}],"wp:attachment":[{"href":"https:\/\/multiformas.com.co\/es\/blog\/wp-json\/wp\/v2\/media?parent=1381"}],"wp:term":[{"taxonomy":"category","embeddable":true,"href":"https:\/\/multiformas.com.co\/es\/blog\/wp-json\/wp\/v2\/categories?post=1381"},{"taxonomy":"post_tag","embeddable":true,"href":"https:\/\/multiformas.com.co\/es\/blog\/wp-json\/wp\/v2\/tags?post=1381"}],"curies":[{"name":"wp","href":"https:\/\/api.w.org\/{rel}","templated":true}]}}