{"id":1487,"date":"2020-04-07T00:16:15","date_gmt":"2020-04-07T00:16:15","guid":{"rendered":"https:\/\/multiformas.com.co\/es\/blog\/?p=1487"},"modified":"2020-04-07T00:16:15","modified_gmt":"2020-04-07T00:16:15","slug":"oficinas-pensadas-en-la-salud-de-sus-usuarios","status":"publish","type":"post","link":"https:\/\/multiformas.com.co\/es\/blog\/2020\/04\/07\/oficinas-pensadas-en-la-salud-de-sus-usuarios\/","title":{"rendered":"Oficinas pensadas en la salud de sus usuarios."},"content":{"rendered":"<p>En los momentos m\u00e1s dif\u00edciles de la humanidad es donde nos planteamos si es conveniente seguir andando solos o debemos tomar acciones que beneficien al grupo.<\/p>\n<p>Los espacios de trabajo no son la excepci\u00f3n, adem\u00e1s de representar la fuente directa de ingresos a todo nivel, es el lugar donde pasamos la mayor parte del tiempo y donde estamos m\u00e1s conectados con otros. En este sentido es la oficina y su ambiente, quienes influyen en gran manera en la salud f\u00edsica y mental del individuo.<\/p>\n<p>&nbsp;<\/p>\n<h2><em><strong>Beneficios de mejorar el ambiente laboral\u00a0<\/strong><\/em><\/h2>\n<p>&nbsp;<\/p>\n<p><img data-attachment-id=\"1489\" data-permalink=\"https:\/\/multiformas.com.co\/es\/blog\/2020\/04\/07\/oficinas-pensadas-en-la-salud-de-sus-usuarios\/meeting-2284501_1280\/\" data-orig-file=\"https:\/\/i1.wp.com\/multiformas.com.co\/es\/blog\/wp-content\/uploads\/2020\/04\/meeting-2284501_1280.jpg?fit=1280%2C800&amp;ssl=1\" data-orig-size=\"1280,800\" data-comments-opened=\"1\" data-image-meta=\"{&quot;aperture&quot;:&quot;0&quot;,&quot;credit&quot;:&quot;&quot;,&quot;camera&quot;:&quot;&quot;,&quot;caption&quot;:&quot;&quot;,&quot;created_timestamp&quot;:&quot;0&quot;,&quot;copyright&quot;:&quot;&quot;,&quot;focal_length&quot;:&quot;0&quot;,&quot;iso&quot;:&quot;0&quot;,&quot;shutter_speed&quot;:&quot;0&quot;,&quot;title&quot;:&quot;&quot;,&quot;orientation&quot;:&quot;0&quot;}\" data-image-title=\"meeting-2284501_1280\" data-image-description=\"\" data-medium-file=\"https:\/\/i1.wp.com\/multiformas.com.co\/es\/blog\/wp-content\/uploads\/2020\/04\/meeting-2284501_1280.jpg?fit=300%2C188&amp;ssl=1\" data-large-file=\"https:\/\/i1.wp.com\/multiformas.com.co\/es\/blog\/wp-content\/uploads\/2020\/04\/meeting-2284501_1280.jpg?fit=640%2C400&amp;ssl=1\" loading=\"lazy\" class=\"aligncenter wp-image-1489 size-full\" src=\"https:\/\/i1.wp.com\/multiformas.com.co\/es\/blog\/wp-content\/uploads\/2020\/04\/meeting-2284501_1280.jpg?resize=640%2C400&#038;ssl=1\" alt=\"\" width=\"640\" height=\"400\" srcset=\"https:\/\/i1.wp.com\/multiformas.com.co\/es\/blog\/wp-content\/uploads\/2020\/04\/meeting-2284501_1280.jpg?w=1280&amp;ssl=1 1280w, https:\/\/i1.wp.com\/multiformas.com.co\/es\/blog\/wp-content\/uploads\/2020\/04\/meeting-2284501_1280.jpg?resize=300%2C188&amp;ssl=1 300w, https:\/\/i1.wp.com\/multiformas.com.co\/es\/blog\/wp-content\/uploads\/2020\/04\/meeting-2284501_1280.jpg?resize=768%2C480&amp;ssl=1 768w, https:\/\/i1.wp.com\/multiformas.com.co\/es\/blog\/wp-content\/uploads\/2020\/04\/meeting-2284501_1280.jpg?resize=1024%2C640&amp;ssl=1 1024w\" sizes=\"(max-width: 640px) 100vw, 640px\" data-recalc-dims=\"1\" \/><\/p>\n<p>&nbsp;<\/p>\n<p>Los seres humanos necesitamos de espacios agradables, que representen una mejora a nuestro nivel de vida. Si trabajamos en una oficina anticuada, simple y desprovista no solo de estilo sino tambi\u00e9n de prop\u00f3sito y funcionalidad, inevitablemente nuestra autoestima se ver\u00e1 afectada y nuestro estado de animo deca\u00eddo, pues una empresa en estas condiciones no representa una carrera en ascenso ni desarrollo personal.<\/p>\n<p>Cuando prestamos atenci\u00f3n al dise\u00f1o de nuestras oficinas y hacemos los cambios necesarios, la mejora en estos tres puntos es evidente.<\/p>\n<ul>\n<li><strong>Aumento de la creatividad:<\/strong> una adecuada elecci\u00f3n de colores va a desarrollar la creatividad en lo usuarios del recinto. Colores como el azul y el naranja pueden mejorar la atenci\u00f3n y favorecer la creatividad innovadora.<\/li>\n<li><strong>La energ\u00eda:<\/strong> la disposici\u00f3n diagonal de los objetos puede darnos una sensaci\u00f3n de energ\u00eda y acci\u00f3n, la estructura del dise\u00f1o debe incentivar al usuario a tomar partido de las actividades diarias. Las lineas del trayecto que se trazan en el dise\u00f1o de oficinas deben tomar en cuenta la funcionalidad del recorrido que tomaran los usuarios del espacio.<\/li>\n<li><strong>Cultura empresarial<\/strong>: el dise\u00f1o de oficina puede entorpecer la cultura empresarial si no esta ejecutado a conciencia, por ejemplo, en una empresa que tiene una cultura de jerarqu\u00edas no convienen espacios abiertos con gran cantidad de m\u00f3dulos de relajaci\u00f3n, al contrario los m\u00f3dulos de trabajo bien definidos que disminuyan la interacci\u00f3n entre los miembros del equipo y que adem\u00e1s mejore la concentraci\u00f3n para tareas que deben ser entregadas en plazos cortos de tiempo.<\/li>\n<\/ul>\n<p>&nbsp;<\/p>\n<h2><em><strong>C\u00f3mo podemos mejorar el espacio de trabajo<\/strong><\/em><\/h2>\n<p>&nbsp;<\/p>\n<p>Hablemos de materiales, aquellos que sean naturales llevan la delantera porque nos garantiza un aire m\u00e1s limpio sin olores fuertes a pinturas o elementos t\u00f3xicos. La resistencia del material tambi\u00e9n es un punto importante, debido a que el mobiliario deber\u00e1 soportar un fuerte trafico\u00a0 y verse bien por un largo tiempo.<\/p>\n<p>La cantidad de luz es otro factor importante a la hora de mantener una oficina saludable, debemos procurar mayor luz natural para mejorar la concentraci\u00f3n, favorecer el rendimiento y aumentar los niveles de relajaci\u00f3n mejorando la calidad de los resultados. En relaci\u00f3n a los costos no hay duda que la luz natural podr\u00eda disminuir el costo el\u00e9ctrico hasta un 75%.<\/p>\n<p>&nbsp;<\/p>\n<p><img data-attachment-id=\"1495\" data-permalink=\"https:\/\/multiformas.com.co\/es\/blog\/2020\/04\/07\/oficinas-pensadas-en-la-salud-de-sus-usuarios\/office-1966381_1280\/\" data-orig-file=\"https:\/\/i1.wp.com\/multiformas.com.co\/es\/blog\/wp-content\/uploads\/2020\/04\/office-1966381_1280.jpg?fit=1280%2C716&amp;ssl=1\" data-orig-size=\"1280,716\" data-comments-opened=\"1\" data-image-meta=\"{&quot;aperture&quot;:&quot;0&quot;,&quot;credit&quot;:&quot;&quot;,&quot;camera&quot;:&quot;&quot;,&quot;caption&quot;:&quot;&quot;,&quot;created_timestamp&quot;:&quot;0&quot;,&quot;copyright&quot;:&quot;&quot;,&quot;focal_length&quot;:&quot;0&quot;,&quot;iso&quot;:&quot;0&quot;,&quot;shutter_speed&quot;:&quot;0&quot;,&quot;title&quot;:&quot;&quot;,&quot;orientation&quot;:&quot;0&quot;}\" data-image-title=\"office-1966381_1280\" data-image-description=\"\" data-medium-file=\"https:\/\/i1.wp.com\/multiformas.com.co\/es\/blog\/wp-content\/uploads\/2020\/04\/office-1966381_1280.jpg?fit=300%2C168&amp;ssl=1\" data-large-file=\"https:\/\/i1.wp.com\/multiformas.com.co\/es\/blog\/wp-content\/uploads\/2020\/04\/office-1966381_1280.jpg?fit=640%2C358&amp;ssl=1\" loading=\"lazy\" class=\"aligncenter wp-image-1495 size-full\" src=\"https:\/\/i1.wp.com\/multiformas.com.co\/es\/blog\/wp-content\/uploads\/2020\/04\/office-1966381_1280.jpg?resize=640%2C358&#038;ssl=1\" alt=\"\" width=\"640\" height=\"358\" srcset=\"https:\/\/i1.wp.com\/multiformas.com.co\/es\/blog\/wp-content\/uploads\/2020\/04\/office-1966381_1280.jpg?w=1280&amp;ssl=1 1280w, https:\/\/i1.wp.com\/multiformas.com.co\/es\/blog\/wp-content\/uploads\/2020\/04\/office-1966381_1280.jpg?resize=300%2C168&amp;ssl=1 300w, https:\/\/i1.wp.com\/multiformas.com.co\/es\/blog\/wp-content\/uploads\/2020\/04\/office-1966381_1280.jpg?resize=768%2C430&amp;ssl=1 768w, https:\/\/i1.wp.com\/multiformas.com.co\/es\/blog\/wp-content\/uploads\/2020\/04\/office-1966381_1280.jpg?resize=1024%2C573&amp;ssl=1 1024w\" sizes=\"(max-width: 640px) 100vw, 640px\" data-recalc-dims=\"1\" \/><\/p>\n<p>&nbsp;<\/p>\n<p>La ciencia apunta que si estamos en contacto con la luz natural seremos personas m\u00e1s sanas y felices, ya que con esta fuente de energ\u00eda se reduce la fatiga visual, se evita la depresi\u00f3n, disminuye los s\u00edntomas del asma, mantiene el peso corporal y regula el sistema inmune. Sin embargo estas areas iluminadas deben ser planificadas por expertos para evitar el alumbramiento desagradable que podr\u00eda entorpecer los trabajos realizados en pantallas.<\/p>\n<p>&nbsp;<\/p>\n<p><img data-attachment-id=\"1496\" data-permalink=\"https:\/\/multiformas.com.co\/es\/blog\/2020\/04\/07\/oficinas-pensadas-en-la-salud-de-sus-usuarios\/russia-95311_1280\/\" data-orig-file=\"https:\/\/i0.wp.com\/multiformas.com.co\/es\/blog\/wp-content\/uploads\/2020\/04\/russia-95311_1280.jpg?fit=1280%2C853&amp;ssl=1\" data-orig-size=\"1280,853\" data-comments-opened=\"1\" data-image-meta=\"{&quot;aperture&quot;:&quot;0&quot;,&quot;credit&quot;:&quot;&quot;,&quot;camera&quot;:&quot;&quot;,&quot;caption&quot;:&quot;&quot;,&quot;created_timestamp&quot;:&quot;0&quot;,&quot;copyright&quot;:&quot;&quot;,&quot;focal_length&quot;:&quot;0&quot;,&quot;iso&quot;:&quot;0&quot;,&quot;shutter_speed&quot;:&quot;0&quot;,&quot;title&quot;:&quot;&quot;,&quot;orientation&quot;:&quot;0&quot;}\" data-image-title=\"russia-95311_1280\" data-image-description=\"\" data-medium-file=\"https:\/\/i0.wp.com\/multiformas.com.co\/es\/blog\/wp-content\/uploads\/2020\/04\/russia-95311_1280.jpg?fit=300%2C200&amp;ssl=1\" data-large-file=\"https:\/\/i0.wp.com\/multiformas.com.co\/es\/blog\/wp-content\/uploads\/2020\/04\/russia-95311_1280.jpg?fit=640%2C426&amp;ssl=1\" loading=\"lazy\" class=\"aligncenter wp-image-1496 size-full\" src=\"https:\/\/i0.wp.com\/multiformas.com.co\/es\/blog\/wp-content\/uploads\/2020\/04\/russia-95311_1280.jpg?resize=640%2C427&#038;ssl=1\" alt=\"\" width=\"640\" height=\"427\" srcset=\"https:\/\/i0.wp.com\/multiformas.com.co\/es\/blog\/wp-content\/uploads\/2020\/04\/russia-95311_1280.jpg?w=1280&amp;ssl=1 1280w, https:\/\/i0.wp.com\/multiformas.com.co\/es\/blog\/wp-content\/uploads\/2020\/04\/russia-95311_1280.jpg?resize=300%2C200&amp;ssl=1 300w, https:\/\/i0.wp.com\/multiformas.com.co\/es\/blog\/wp-content\/uploads\/2020\/04\/russia-95311_1280.jpg?resize=768%2C512&amp;ssl=1 768w, https:\/\/i0.wp.com\/multiformas.com.co\/es\/blog\/wp-content\/uploads\/2020\/04\/russia-95311_1280.jpg?resize=1024%2C682&amp;ssl=1 1024w, https:\/\/i0.wp.com\/multiformas.com.co\/es\/blog\/wp-content\/uploads\/2020\/04\/russia-95311_1280.jpg?resize=900%2C600&amp;ssl=1 900w\" sizes=\"(max-width: 640px) 100vw, 640px\" data-recalc-dims=\"1\" \/><\/p>\n<p>&nbsp;<\/p>\n<p>Tambi\u00e9n el control del volumen entre los usuarios del trabajo es importante, tal vez necesites de oficinas que ofrezcan aislamiento para aumentar la concentraci\u00f3n debido al nivel de trabajo, en este caso una oficina con m\u00f3dulos individuales es la mejor opci\u00f3n, por el contrario si el tipo de trabajo realizado requiere de altas dosis de estimulaci\u00f3n auditiva y visual una oficina abierta es lo recomendable.<\/p>\n<p>&nbsp;<\/p>\n<h2><em><strong>La pausa elemental<\/strong><\/em><\/h2>\n<p>&nbsp;<\/p>\n<p><img data-attachment-id=\"1494\" data-permalink=\"https:\/\/multiformas.com.co\/es\/blog\/2020\/04\/07\/oficinas-pensadas-en-la-salud-de-sus-usuarios\/architecture-1837058_1280\/\" data-orig-file=\"https:\/\/i0.wp.com\/multiformas.com.co\/es\/blog\/wp-content\/uploads\/2020\/04\/architecture-1837058_1280.jpg?fit=1280%2C808&amp;ssl=1\" data-orig-size=\"1280,808\" data-comments-opened=\"1\" data-image-meta=\"{&quot;aperture&quot;:&quot;0&quot;,&quot;credit&quot;:&quot;&quot;,&quot;camera&quot;:&quot;&quot;,&quot;caption&quot;:&quot;&quot;,&quot;created_timestamp&quot;:&quot;0&quot;,&quot;copyright&quot;:&quot;&quot;,&quot;focal_length&quot;:&quot;0&quot;,&quot;iso&quot;:&quot;0&quot;,&quot;shutter_speed&quot;:&quot;0&quot;,&quot;title&quot;:&quot;&quot;,&quot;orientation&quot;:&quot;0&quot;}\" data-image-title=\"architecture-1837058_1280\" data-image-description=\"\" data-medium-file=\"https:\/\/i0.wp.com\/multiformas.com.co\/es\/blog\/wp-content\/uploads\/2020\/04\/architecture-1837058_1280.jpg?fit=300%2C189&amp;ssl=1\" data-large-file=\"https:\/\/i0.wp.com\/multiformas.com.co\/es\/blog\/wp-content\/uploads\/2020\/04\/architecture-1837058_1280.jpg?fit=640%2C404&amp;ssl=1\" loading=\"lazy\" class=\"aligncenter wp-image-1494 size-full\" src=\"https:\/\/i0.wp.com\/multiformas.com.co\/es\/blog\/wp-content\/uploads\/2020\/04\/architecture-1837058_1280.jpg?resize=640%2C404&#038;ssl=1\" alt=\"\" width=\"640\" height=\"404\" srcset=\"https:\/\/i0.wp.com\/multiformas.com.co\/es\/blog\/wp-content\/uploads\/2020\/04\/architecture-1837058_1280.jpg?w=1280&amp;ssl=1 1280w, https:\/\/i0.wp.com\/multiformas.com.co\/es\/blog\/wp-content\/uploads\/2020\/04\/architecture-1837058_1280.jpg?resize=300%2C189&amp;ssl=1 300w, https:\/\/i0.wp.com\/multiformas.com.co\/es\/blog\/wp-content\/uploads\/2020\/04\/architecture-1837058_1280.jpg?resize=768%2C485&amp;ssl=1 768w, https:\/\/i0.wp.com\/multiformas.com.co\/es\/blog\/wp-content\/uploads\/2020\/04\/architecture-1837058_1280.jpg?resize=1024%2C646&amp;ssl=1 1024w\" sizes=\"(max-width: 640px) 100vw, 640px\" data-recalc-dims=\"1\" \/><\/p>\n<p>&nbsp;<\/p>\n<p>Es importante tener una pausa antes de entrar en labores, podemos disponer de una antesala c\u00f3moda y refrescante que sirva de transici\u00f3n del mundo exterior hacia el mundo interior de nuestras oficinas. Colores c\u00e1lidos, mobiliario c\u00f3modo seguido de areas de alimentaci\u00f3n donde se proporcione caf\u00e9 reci\u00e9n hecho, podr\u00eda influir en la actitud del empleado para enfrentar su d\u00eda, as\u00ed le permitimos dejar por unos minutos el estr\u00e9s exterior para comenzar sus tareas.<\/p>\n<p>&nbsp;<\/p>\n<h2><strong><em>Espacios flexibles con prop\u00f3sito<\/em><\/strong><\/h2>\n<p>&nbsp;<\/p>\n<p>El costo de tener diferentes espacios para la multitud de actividades que se desempe\u00f1an en una empresa es alto, hoy en d\u00eda no se puede disponer de varios salones con bajo trafico, lo mejor es tener salones flexibles que sirvan para reuniones, presentaciones, sesiones de yoga, desayunos o almuerzos laborales, cocina grupal, mini conferencias y seminarios.<\/p>\n<p>&nbsp;<\/p>\n<p><img data-attachment-id=\"1490\" data-permalink=\"https:\/\/multiformas.com.co\/es\/blog\/2020\/04\/07\/oficinas-pensadas-en-la-salud-de-sus-usuarios\/entrepreneur-593361_1280\/\" data-orig-file=\"https:\/\/i0.wp.com\/multiformas.com.co\/es\/blog\/wp-content\/uploads\/2020\/04\/entrepreneur-593361_1280.jpg?fit=1280%2C847&amp;ssl=1\" data-orig-size=\"1280,847\" data-comments-opened=\"1\" data-image-meta=\"{&quot;aperture&quot;:&quot;0&quot;,&quot;credit&quot;:&quot;&quot;,&quot;camera&quot;:&quot;&quot;,&quot;caption&quot;:&quot;&quot;,&quot;created_timestamp&quot;:&quot;0&quot;,&quot;copyright&quot;:&quot;&quot;,&quot;focal_length&quot;:&quot;0&quot;,&quot;iso&quot;:&quot;0&quot;,&quot;shutter_speed&quot;:&quot;0&quot;,&quot;title&quot;:&quot;&quot;,&quot;orientation&quot;:&quot;0&quot;}\" data-image-title=\"entrepreneur-593361_1280\" data-image-description=\"\" data-medium-file=\"https:\/\/i0.wp.com\/multiformas.com.co\/es\/blog\/wp-content\/uploads\/2020\/04\/entrepreneur-593361_1280.jpg?fit=300%2C199&amp;ssl=1\" data-large-file=\"https:\/\/i0.wp.com\/multiformas.com.co\/es\/blog\/wp-content\/uploads\/2020\/04\/entrepreneur-593361_1280.jpg?fit=640%2C424&amp;ssl=1\" loading=\"lazy\" class=\"aligncenter wp-image-1490 size-full\" src=\"https:\/\/i0.wp.com\/multiformas.com.co\/es\/blog\/wp-content\/uploads\/2020\/04\/entrepreneur-593361_1280.jpg?resize=640%2C424&#038;ssl=1\" alt=\"\" width=\"640\" height=\"424\" srcset=\"https:\/\/i0.wp.com\/multiformas.com.co\/es\/blog\/wp-content\/uploads\/2020\/04\/entrepreneur-593361_1280.jpg?w=1280&amp;ssl=1 1280w, https:\/\/i0.wp.com\/multiformas.com.co\/es\/blog\/wp-content\/uploads\/2020\/04\/entrepreneur-593361_1280.jpg?resize=300%2C199&amp;ssl=1 300w, https:\/\/i0.wp.com\/multiformas.com.co\/es\/blog\/wp-content\/uploads\/2020\/04\/entrepreneur-593361_1280.jpg?resize=768%2C508&amp;ssl=1 768w, https:\/\/i0.wp.com\/multiformas.com.co\/es\/blog\/wp-content\/uploads\/2020\/04\/entrepreneur-593361_1280.jpg?resize=1024%2C678&amp;ssl=1 1024w\" sizes=\"(max-width: 640px) 100vw, 640px\" data-recalc-dims=\"1\" \/><\/p>\n<p>&nbsp;<\/p>\n<p>Los espacios flexibles son aquellos que vienen determinados en funci\u00f3n de las actividades que se desean desempe\u00f1ar, siempre adoptando una variedad de tareas. En las empresas que trabajan por proyectos lo ideal es mantener oficinas flexibles, ya que en algunos proyectos se requerir\u00e1 lugar para 50 personas, algunos 10 o quiz\u00e1s m\u00e1s de 70 trabajadores, incluso mini proyectos de 2 o 4 personas.<\/p>\n<p>&nbsp;<\/p>\n<p><img data-attachment-id=\"1491\" data-permalink=\"https:\/\/multiformas.com.co\/es\/blog\/2020\/04\/07\/oficinas-pensadas-en-la-salud-de-sus-usuarios\/office-1966384_1920\/\" data-orig-file=\"https:\/\/i2.wp.com\/multiformas.com.co\/es\/blog\/wp-content\/uploads\/2020\/04\/office-1966384_1920.jpg?fit=1920%2C1075&amp;ssl=1\" data-orig-size=\"1920,1075\" data-comments-opened=\"1\" data-image-meta=\"{&quot;aperture&quot;:&quot;0&quot;,&quot;credit&quot;:&quot;&quot;,&quot;camera&quot;:&quot;&quot;,&quot;caption&quot;:&quot;&quot;,&quot;created_timestamp&quot;:&quot;0&quot;,&quot;copyright&quot;:&quot;&quot;,&quot;focal_length&quot;:&quot;0&quot;,&quot;iso&quot;:&quot;0&quot;,&quot;shutter_speed&quot;:&quot;0&quot;,&quot;title&quot;:&quot;&quot;,&quot;orientation&quot;:&quot;0&quot;}\" data-image-title=\"office-1966384_1920\" data-image-description=\"\" data-medium-file=\"https:\/\/i2.wp.com\/multiformas.com.co\/es\/blog\/wp-content\/uploads\/2020\/04\/office-1966384_1920.jpg?fit=300%2C168&amp;ssl=1\" data-large-file=\"https:\/\/i2.wp.com\/multiformas.com.co\/es\/blog\/wp-content\/uploads\/2020\/04\/office-1966384_1920.jpg?fit=640%2C358&amp;ssl=1\" loading=\"lazy\" class=\"aligncenter wp-image-1491 size-full\" src=\"https:\/\/i2.wp.com\/multiformas.com.co\/es\/blog\/wp-content\/uploads\/2020\/04\/office-1966384_1920.jpg?resize=640%2C358&#038;ssl=1\" alt=\"\" width=\"640\" height=\"358\" srcset=\"https:\/\/i2.wp.com\/multiformas.com.co\/es\/blog\/wp-content\/uploads\/2020\/04\/office-1966384_1920.jpg?w=1920&amp;ssl=1 1920w, https:\/\/i2.wp.com\/multiformas.com.co\/es\/blog\/wp-content\/uploads\/2020\/04\/office-1966384_1920.jpg?resize=300%2C168&amp;ssl=1 300w, https:\/\/i2.wp.com\/multiformas.com.co\/es\/blog\/wp-content\/uploads\/2020\/04\/office-1966384_1920.jpg?resize=768%2C430&amp;ssl=1 768w, https:\/\/i2.wp.com\/multiformas.com.co\/es\/blog\/wp-content\/uploads\/2020\/04\/office-1966384_1920.jpg?resize=1024%2C573&amp;ssl=1 1024w, https:\/\/i2.wp.com\/multiformas.com.co\/es\/blog\/wp-content\/uploads\/2020\/04\/office-1966384_1920.jpg?resize=1320%2C739&amp;ssl=1 1320w\" sizes=\"(max-width: 640px) 100vw, 640px\" data-recalc-dims=\"1\" \/><\/p>\n<p>&nbsp;<\/p>\n<p>Es posible que necesitemos de la colaboraci\u00f3n de dos o m\u00e1s departamentos y sea necesario que el espacio se movilice en funci\u00f3n de esta din\u00e1mica. Actualmente tambi\u00e9n podemos adoptar una estructura flexible en relaci\u00f3n al espacio del que hace uso el empleado, dejando que este tome la iniciativa de sentarse a trabajar desde el lugar que m\u00e1s le agrade en la oficina, en este caso lo mejor es crear espacios c\u00f3modos tipo salones de descanso, los cuales tambi\u00e9n mejoran la interacci\u00f3n del grupo.<\/p>\n<p>&nbsp;<\/p>\n<h2><em><strong>Aire limpio<\/strong><\/em><\/h2>\n<p>&nbsp;<\/p>\n<p>Las plantas son compa\u00f1eras del hombre desde tiempos inmemoriales, no solo como productoras de alimentos sino tambi\u00e9n como una conexi\u00f3n emocional con el entorno. Se ha comprobado que tener plantas en la oficina reduce en un 30 a 60 % el estr\u00e9s laboral.<\/p>\n<p>&nbsp;<\/p>\n<p><img data-attachment-id=\"1492\" data-permalink=\"https:\/\/multiformas.com.co\/es\/blog\/2020\/04\/07\/oficinas-pensadas-en-la-salud-de-sus-usuarios\/furniture-1840463_1280\/\" data-orig-file=\"https:\/\/i1.wp.com\/multiformas.com.co\/es\/blog\/wp-content\/uploads\/2020\/04\/furniture-1840463_1280.jpg?fit=1280%2C853&amp;ssl=1\" data-orig-size=\"1280,853\" data-comments-opened=\"1\" data-image-meta=\"{&quot;aperture&quot;:&quot;0&quot;,&quot;credit&quot;:&quot;&quot;,&quot;camera&quot;:&quot;&quot;,&quot;caption&quot;:&quot;&quot;,&quot;created_timestamp&quot;:&quot;0&quot;,&quot;copyright&quot;:&quot;&quot;,&quot;focal_length&quot;:&quot;0&quot;,&quot;iso&quot;:&quot;0&quot;,&quot;shutter_speed&quot;:&quot;0&quot;,&quot;title&quot;:&quot;&quot;,&quot;orientation&quot;:&quot;0&quot;}\" data-image-title=\"furniture-1840463_1280\" data-image-description=\"\" data-medium-file=\"https:\/\/i1.wp.com\/multiformas.com.co\/es\/blog\/wp-content\/uploads\/2020\/04\/furniture-1840463_1280.jpg?fit=300%2C200&amp;ssl=1\" data-large-file=\"https:\/\/i1.wp.com\/multiformas.com.co\/es\/blog\/wp-content\/uploads\/2020\/04\/furniture-1840463_1280.jpg?fit=640%2C426&amp;ssl=1\" loading=\"lazy\" class=\"aligncenter wp-image-1492 size-full\" src=\"https:\/\/i1.wp.com\/multiformas.com.co\/es\/blog\/wp-content\/uploads\/2020\/04\/furniture-1840463_1280.jpg?resize=640%2C427&#038;ssl=1\" alt=\"\" width=\"640\" height=\"427\" srcset=\"https:\/\/i1.wp.com\/multiformas.com.co\/es\/blog\/wp-content\/uploads\/2020\/04\/furniture-1840463_1280.jpg?w=1280&amp;ssl=1 1280w, https:\/\/i1.wp.com\/multiformas.com.co\/es\/blog\/wp-content\/uploads\/2020\/04\/furniture-1840463_1280.jpg?resize=300%2C200&amp;ssl=1 300w, https:\/\/i1.wp.com\/multiformas.com.co\/es\/blog\/wp-content\/uploads\/2020\/04\/furniture-1840463_1280.jpg?resize=768%2C512&amp;ssl=1 768w, https:\/\/i1.wp.com\/multiformas.com.co\/es\/blog\/wp-content\/uploads\/2020\/04\/furniture-1840463_1280.jpg?resize=1024%2C682&amp;ssl=1 1024w, https:\/\/i1.wp.com\/multiformas.com.co\/es\/blog\/wp-content\/uploads\/2020\/04\/furniture-1840463_1280.jpg?resize=900%2C600&amp;ssl=1 900w\" sizes=\"(max-width: 640px) 100vw, 640px\" data-recalc-dims=\"1\" \/><\/p>\n<p>&nbsp;<\/p>\n<p>La naturaleza es posible integrarla a cualquier espacio grande o peque\u00f1o, si el lugar no es adecuado para plantas en macetas, las paredes con jardines verticales son la mejor opci\u00f3n, ademas es importante integrar mobiliario de materiales naturales.<\/p>\n<p>&nbsp;<\/p>\n<h2><em><strong>\u00bfDe d\u00f3nde debe partir el cambio?<\/strong><\/em><\/h2>\n<p>&nbsp;<\/p>\n<p><img data-attachment-id=\"1497\" data-permalink=\"https:\/\/multiformas.com.co\/es\/blog\/2020\/04\/07\/oficinas-pensadas-en-la-salud-de-sus-usuarios\/startup-593304_1280\/\" data-orig-file=\"https:\/\/i1.wp.com\/multiformas.com.co\/es\/blog\/wp-content\/uploads\/2020\/04\/startup-593304_1280.jpg?fit=1280%2C718&amp;ssl=1\" data-orig-size=\"1280,718\" data-comments-opened=\"1\" data-image-meta=\"{&quot;aperture&quot;:&quot;0&quot;,&quot;credit&quot;:&quot;&quot;,&quot;camera&quot;:&quot;&quot;,&quot;caption&quot;:&quot;&quot;,&quot;created_timestamp&quot;:&quot;0&quot;,&quot;copyright&quot;:&quot;&quot;,&quot;focal_length&quot;:&quot;0&quot;,&quot;iso&quot;:&quot;0&quot;,&quot;shutter_speed&quot;:&quot;0&quot;,&quot;title&quot;:&quot;&quot;,&quot;orientation&quot;:&quot;0&quot;}\" data-image-title=\"startup-593304_1280\" data-image-description=\"\" data-medium-file=\"https:\/\/i1.wp.com\/multiformas.com.co\/es\/blog\/wp-content\/uploads\/2020\/04\/startup-593304_1280.jpg?fit=300%2C168&amp;ssl=1\" data-large-file=\"https:\/\/i1.wp.com\/multiformas.com.co\/es\/blog\/wp-content\/uploads\/2020\/04\/startup-593304_1280.jpg?fit=640%2C359&amp;ssl=1\" loading=\"lazy\" class=\"aligncenter wp-image-1497 size-full\" src=\"https:\/\/i1.wp.com\/multiformas.com.co\/es\/blog\/wp-content\/uploads\/2020\/04\/startup-593304_1280.jpg?resize=640%2C359&#038;ssl=1\" alt=\"\" width=\"640\" height=\"359\" srcset=\"https:\/\/i1.wp.com\/multiformas.com.co\/es\/blog\/wp-content\/uploads\/2020\/04\/startup-593304_1280.jpg?w=1280&amp;ssl=1 1280w, https:\/\/i1.wp.com\/multiformas.com.co\/es\/blog\/wp-content\/uploads\/2020\/04\/startup-593304_1280.jpg?resize=300%2C168&amp;ssl=1 300w, https:\/\/i1.wp.com\/multiformas.com.co\/es\/blog\/wp-content\/uploads\/2020\/04\/startup-593304_1280.jpg?resize=768%2C431&amp;ssl=1 768w, https:\/\/i1.wp.com\/multiformas.com.co\/es\/blog\/wp-content\/uploads\/2020\/04\/startup-593304_1280.jpg?resize=1024%2C574&amp;ssl=1 1024w\" sizes=\"(max-width: 640px) 100vw, 640px\" data-recalc-dims=\"1\" \/><\/p>\n<p>&nbsp;<\/p>\n<p>En todos los proyectos de remodelaci\u00f3n o construcci\u00f3n de oficinas es importante mantener una comunicaci\u00f3n abierta con los usuarios del espacio. Son los empleados quienes deben intervenir directamente en el proceso de dise\u00f1o, debido a que se encuentran involucrados con la din\u00e1mica que se desarrolla en los espacios que deseamos renovar.<\/p>\n<p>La consecuencia de este proceso pensado en los empleados es una mayor sentido de pertenencia hacia la empresa y a sus los espacios, siendo participes del proceso se reafirma la identidad corporativa desde adentro hacia afuera.<\/p>\n<p>En <a href=\"https:\/\/multiformas.com.co\/\">PCD Multiformas<\/a> estamos para apoyarte y hacer de tus oficinas el mejor lugar para tus empleados, <a href=\"https:\/\/multiformas.com.co\/contacto.html\">Cont\u00e1ctanos<\/a>.<\/p>\n<p>&nbsp;<\/p>\n","protected":false},"excerpt":{"rendered":"<p>En los momentos m\u00e1s dif\u00edciles de la humanidad es donde nos planteamos si es conveniente seguir andando solos o debemos tomar acciones que beneficien al grupo. Los espacios de trabajo <a href=\"https:\/\/multiformas.com.co\/es\/blog\/2020\/04\/07\/oficinas-pensadas-en-la-salud-de-sus-usuarios\/\" class=\"read-more button-fancy -red\"><span class=\"btn-arrow\"><\/span><span class=\"twp-read-more text\">Leer m\u00e1s<\/span><\/a><\/p>\n","protected":false},"author":1,"featured_media":1498,"comment_status":"open","ping_status":"open","sticky":false,"template":"","format":"standard","meta":{"advanced_seo_description":"","spay_email":"","jetpack_publicize_message":"","jetpack_is_tweetstorm":false},"categories":[7,6],"tags":[223,37,44,221,36,222],"jetpack_featured_media_url":"https:\/\/i1.wp.com\/multiformas.com.co\/es\/blog\/wp-content\/uploads\/2020\/04\/building-91228_1280.jpg?fit=1280%2C796&ssl=1","jetpack_publicize_connections":[],"jetpack_sharing_enabled":true,"jetpack_shortlink":"https:\/\/wp.me\/p9kzw1-nZ","jetpack_likes_enabled":true,"jetpack-related-posts":[{"id":1110,"url":"https:\/\/multiformas.com.co\/es\/blog\/2018\/03\/15\/como-escoger-la-pintura-ideal-para-mi-oficina\/","url_meta":{"origin":1487,"position":0},"title":"\u00bfC\u00f3mo escoger la pintura ideal para mi oficina?","date":"marzo 15, 2018","format":false,"excerpt":"\u00a0 El tema de la pintura casi siempre pasa desapercibido, nos enfocamos m\u00e1s en el mobiliario y los elementos decorativos sin pensar que el tono de pintura adecuado puede hacer que nuestro proyecto de remodelaci\u00f3n sea un \u00e9xito o un fracaso. En PCD Multiformas te ense\u00f1aremos como escoger la pintura\u2026","rel":"","context":"En \u00abDecoraci\u00f3n\u00bb","img":{"alt_text":"Oficina trivago","src":"https:\/\/i0.wp.com\/multiformas.com.co\/es\/blog\/wp-content\/uploads\/2017\/12\/reforma-oficina-trivago3-500x303.jpg?fit=500%2C303&ssl=1&resize=350%2C200","width":350,"height":200},"classes":[]},{"id":1181,"url":"https:\/\/multiformas.com.co\/es\/blog\/2018\/04\/25\/plantas-y-flores-en-la-oficina-por-que-no\/","url_meta":{"origin":1487,"position":1},"title":"Plantas y flores en la oficina, \u00bfPor qu\u00e9 no?","date":"abril 25, 2018","format":false,"excerpt":"\u00a0 \u00a0 Cuando hablamos de flores pensamos en romance, amistad y alegr\u00eda, es com\u00fan observarlas en los hogares y espacios p\u00fablicos, sin embargo es posible obtener sus beneficios dentro de las oficinas el lugar donde pasamos la mayor parte del tiempo. \u00bfComo integrar plantas de manera inteligente a nuestro espacio\u2026","rel":"","context":"En \u00abEstilo de Vida\u00bb","img":{"alt_text":"","src":"https:\/\/i0.wp.com\/multiformas.com.co\/es\/blog\/wp-content\/uploads\/2017\/11\/03_Rijnstraat__Photo_by_Nick_Guttrige.jpg?fit=667%2C1000&ssl=1&resize=350%2C200","width":350,"height":200},"classes":[]},{"id":1590,"url":"https:\/\/multiformas.com.co\/es\/blog\/2020\/07\/10\/la-mejor-manera-de-disenar-una-oficina-eficiente\/","url_meta":{"origin":1487,"position":2},"title":"La mejor manera de dise\u00f1ar una oficina eficiente","date":"julio 10, 2020","format":false,"excerpt":"\u00a0 Un oficina es una herramienta de negocios, si tenemos un entorno no solamente agradable sino que tambi\u00e9n\u00a0refleje los valores, visi\u00f3n y metas de nuestra empresa se convierte sin duda en una ventaja competitiva. \u00a0 \u00a0 En el dise\u00f1o de oficinas debemos llegar al punto medio, por ejemplo, las oficinas\u2026","rel":"","context":"En \u00abEstilo de Vida\u00bb","img":{"alt_text":"","src":"https:\/\/i2.wp.com\/multiformas.com.co\/es\/blog\/wp-content\/uploads\/2020\/03\/tour-workspace-steelcase.jpg?fit=1166%2C656&ssl=1&resize=350%2C200","width":350,"height":200},"classes":[]},{"id":1503,"url":"https:\/\/multiformas.com.co\/es\/blog\/2020\/04\/17\/conoce-las-oficinas-mas-dulces-del-mundo\/","url_meta":{"origin":1487,"position":3},"title":"Conoce las oficinas m\u00e1s dulces del mundo.","date":"abril 17, 2020","format":false,"excerpt":"Alguna vez te preguntaste \u00bfC\u00f3mo son las oficinas de las Donuts m\u00e1s famosas del mundo? Te mostramos las oficinas m\u00e1s dulces que jam\u00e1s viste, donde se gestan las deliciosas ideas que nos entrega Dunkin Donuts cada d\u00eda. Logra inspiraci\u00f3n y una nueva visi\u00f3n en el dise\u00f1o de oficinas con este\u2026","rel":"","context":"En \u00abDecoraci\u00f3n\u00bb","img":{"alt_text":"","src":"https:\/\/i0.wp.com\/multiformas.com.co\/es\/blog\/wp-content\/uploads\/2020\/04\/10.jpg?fit=720%2C480&ssl=1&resize=350%2C200","width":350,"height":200},"classes":[]},{"id":952,"url":"https:\/\/multiformas.com.co\/es\/blog\/2018\/01\/18\/en-el-interior-de-las-oficinas-de-skype-diseno-sin-limites\/","url_meta":{"origin":1487,"position":4},"title":"En el interior de las oficinas de Skype, dise\u00f1o sin limites.","date":"enero 18, 2018","format":false,"excerpt":"Skype los pioneros en telefon\u00eda a trav\u00e9s de Internet nos muestran sus oficinas en Estocolmo, como es de esperarse los dise\u00f1os son exclusivos para la firma, dignos de imitar para tu pr\u00f3ximo proyecto. Las oficinas de Skype en Estocolmo fueron dise\u00f1adas por\u00a0PS Arkitektur\u00a0una empresa dedicada a proyectos de arquitectura y\u2026","rel":"","context":"En \u00abDecoraci\u00f3n\u00bb","img":{"alt_text":"Oficina dise\u00f1o Skype","src":"https:\/\/i2.wp.com\/multiformas.com.co\/es\/blog\/wp-content\/uploads\/2018\/01\/oficina-dise\u00f1o-skype-7.jpg?fit=700%2C462&ssl=1&resize=350%2C200","width":350,"height":200},"classes":[]},{"id":1118,"url":"https:\/\/multiformas.com.co\/es\/blog\/2018\/03\/16\/lo-que-deberias-saber-antes-de-construir-una-oficina-abierta\/","url_meta":{"origin":1487,"position":5},"title":"Lo que deber\u00edas saber antes de construir una oficina abierta","date":"marzo 16, 2018","format":false,"excerpt":"Las oficinas abiertas est\u00e1n de moda desde hace ya bastante tiempo, son las reinas de la practicad y solo necesitamos un espacio abierto donde instalar varios m\u00f3dulos con todo lo necesario para ser productivos. Sin embargo, tiene sus contras y te contaremos lo que deber\u00edas saber antes de construir una\u2026","rel":"","context":"En \u00abEstilo de Vida\u00bb","img":{"alt_text":"","src":"https:\/\/i1.wp.com\/multiformas.com.co\/es\/blog\/wp-content\/uploads\/2017\/11\/Nasdaq-2-Main.jpg?fit=1200%2C762&ssl=1&resize=350%2C200","width":350,"height":200},"classes":[]}],"_links":{"self":[{"href":"https:\/\/multiformas.com.co\/es\/blog\/wp-json\/wp\/v2\/posts\/1487"}],"collection":[{"href":"https:\/\/multiformas.com.co\/es\/blog\/wp-json\/wp\/v2\/posts"}],"about":[{"href":"https:\/\/multiformas.com.co\/es\/blog\/wp-json\/wp\/v2\/types\/post"}],"author":[{"embeddable":true,"href":"https:\/\/multiformas.com.co\/es\/blog\/wp-json\/wp\/v2\/users\/1"}],"replies":[{"embeddable":true,"href":"https:\/\/multiformas.com.co\/es\/blog\/wp-json\/wp\/v2\/comments?post=1487"}],"version-history":[{"count":4,"href":"https:\/\/multiformas.com.co\/es\/blog\/wp-json\/wp\/v2\/posts\/1487\/revisions"}],"predecessor-version":[{"id":1501,"href":"https:\/\/multiformas.com.co\/es\/blog\/wp-json\/wp\/v2\/posts\/1487\/revisions\/1501"}],"wp:featuredmedia":[{"embeddable":true,"href":"https:\/\/multiformas.com.co\/es\/blog\/wp-json\/wp\/v2\/media\/1498"}],"wp:attachment":[{"href":"https:\/\/multiformas.com.co\/es\/blog\/wp-json\/wp\/v2\/media?parent=1487"}],"wp:term":[{"taxonomy":"category","embeddable":true,"href":"https:\/\/multiformas.com.co\/es\/blog\/wp-json\/wp\/v2\/categories?post=1487"},{"taxonomy":"post_tag","embeddable":true,"href":"https:\/\/multiformas.com.co\/es\/blog\/wp-json\/wp\/v2\/tags?post=1487"}],"curies":[{"name":"wp","href":"https:\/\/api.w.org\/{rel}","templated":true}]}}