{"id":1567,"date":"2020-06-16T00:00:27","date_gmt":"2020-06-16T00:00:27","guid":{"rendered":"https:\/\/multiformas.com.co\/es\/blog\/?p=1567"},"modified":"2020-06-16T00:00:27","modified_gmt":"2020-06-16T00:00:27","slug":"consejos-utiles-para-volver-a-la-oficina-despues-del-covid-19","status":"publish","type":"post","link":"https:\/\/multiformas.com.co\/es\/blog\/2020\/06\/16\/consejos-utiles-para-volver-a-la-oficina-despues-del-covid-19\/","title":{"rendered":"Consejos \u00fatiles para volver a la oficina despu\u00e9s del COVID-19"},"content":{"rendered":"<p>Muchos de nosotros deseamos regresar pronto a nuestras tareas habituales antes de la pandemia y aunque no existe la certeza de que el retorno sea pronto en todos los sectores de la econom\u00eda, es seguro que al retorno la vida en la oficina necesitara de una reestructuraci\u00f3n en tareas y espacio f\u00edsico.<\/p>\n<p>Para prepararnos para un futuro cercano es conveniente revisar que podemos hacer y que no despu\u00e9s del COVID-19 en nuestras oficinas.<\/p>\n<p>&nbsp;<\/p>\n<p><img data-attachment-id=\"1570\" data-permalink=\"https:\/\/multiformas.com.co\/es\/blog\/2020\/06\/16\/consejos-utiles-para-volver-a-la-oficina-despues-del-covid-19\/people-2605980_960_720\/\" data-orig-file=\"https:\/\/i1.wp.com\/multiformas.com.co\/es\/blog\/wp-content\/uploads\/2020\/06\/people-2605980_960_720.jpg?fit=960%2C640&amp;ssl=1\" data-orig-size=\"960,640\" data-comments-opened=\"1\" data-image-meta=\"{&quot;aperture&quot;:&quot;0&quot;,&quot;credit&quot;:&quot;&quot;,&quot;camera&quot;:&quot;&quot;,&quot;caption&quot;:&quot;&quot;,&quot;created_timestamp&quot;:&quot;0&quot;,&quot;copyright&quot;:&quot;&quot;,&quot;focal_length&quot;:&quot;0&quot;,&quot;iso&quot;:&quot;0&quot;,&quot;shutter_speed&quot;:&quot;0&quot;,&quot;title&quot;:&quot;&quot;,&quot;orientation&quot;:&quot;0&quot;}\" data-image-title=\"people-2605980_960_720\" data-image-description=\"\" data-medium-file=\"https:\/\/i1.wp.com\/multiformas.com.co\/es\/blog\/wp-content\/uploads\/2020\/06\/people-2605980_960_720.jpg?fit=300%2C200&amp;ssl=1\" data-large-file=\"https:\/\/i1.wp.com\/multiformas.com.co\/es\/blog\/wp-content\/uploads\/2020\/06\/people-2605980_960_720.jpg?fit=640%2C427&amp;ssl=1\" loading=\"lazy\" class=\"aligncenter wp-image-1570 size-full\" src=\"https:\/\/i1.wp.com\/multiformas.com.co\/es\/blog\/wp-content\/uploads\/2020\/06\/people-2605980_960_720.jpg?resize=640%2C427&#038;ssl=1\" alt=\"\" width=\"640\" height=\"427\" srcset=\"https:\/\/i1.wp.com\/multiformas.com.co\/es\/blog\/wp-content\/uploads\/2020\/06\/people-2605980_960_720.jpg?w=960&amp;ssl=1 960w, https:\/\/i1.wp.com\/multiformas.com.co\/es\/blog\/wp-content\/uploads\/2020\/06\/people-2605980_960_720.jpg?resize=300%2C200&amp;ssl=1 300w, https:\/\/i1.wp.com\/multiformas.com.co\/es\/blog\/wp-content\/uploads\/2020\/06\/people-2605980_960_720.jpg?resize=768%2C512&amp;ssl=1 768w, https:\/\/i1.wp.com\/multiformas.com.co\/es\/blog\/wp-content\/uploads\/2020\/06\/people-2605980_960_720.jpg?resize=900%2C600&amp;ssl=1 900w\" sizes=\"(max-width: 640px) 100vw, 640px\" data-recalc-dims=\"1\" \/><\/p>\n<p>&nbsp;<\/p>\n<h2><em><strong>Olvida la fotocopiadora<\/strong><\/em><\/h2>\n<p>&nbsp;<\/p>\n<p>No hablamos de dejar de fotocopiar documentos, hablamos de abandonar la actitud que nos impulsa a seguir los pasos de nuestro competidor m\u00e1s grande. Copiar cada paso que dan los grandes de la industria seria un error que puede costar a la empresa millones e incluso llevarla a la quiebra.<\/p>\n<p>Recordemos que estas grandes empresas publicitan sus medidas ante la pandemia como una forma efectiva de resguardar a sus empleados, sin embargo no siempre es as\u00ed, cada gran decisi\u00f3n se basa en peque\u00f1os pasos y determinadas reglas que no todas funcionan y al estar en una situaci\u00f3n \u00fanica en el mundo es probable que la gran estrategia no funcione como deber\u00eda y se tenga que ajustar en el camino, por supuesto nunca sabremos de que forma y como han ajustado los par\u00e1metros nuestros competidores.<\/p>\n<p>Un factor importante en el tipo de estrategia a implementar (en cuanto a horarios, cantidad de operarios e incluso que equipos de protecci\u00f3n son necesarios y cuantos para cumplir el protocolo) es el tama\u00f1o de la empresa. Lo que funciona en una empresa grande no necesariamente funcionara en una de menor escala. Adem\u00e1s la cultura empresarial juega un papel primordial en la efectividad del protocolo a seguir, elementos como el estrato social de los empleados y la regi\u00f3n desde donde operan influye en la facilidad o la dificultad con la que se logren implementar las nuevas pautas.<\/p>\n<p>&nbsp;<\/p>\n<p><img data-attachment-id=\"1571\" data-permalink=\"https:\/\/multiformas.com.co\/es\/blog\/2020\/06\/16\/consejos-utiles-para-volver-a-la-oficina-despues-del-covid-19\/russia-95311_1280-2\/\" data-orig-file=\"https:\/\/i0.wp.com\/multiformas.com.co\/es\/blog\/wp-content\/uploads\/2020\/06\/russia-95311_1280.jpg?fit=1280%2C853&amp;ssl=1\" data-orig-size=\"1280,853\" data-comments-opened=\"1\" data-image-meta=\"{&quot;aperture&quot;:&quot;0&quot;,&quot;credit&quot;:&quot;&quot;,&quot;camera&quot;:&quot;&quot;,&quot;caption&quot;:&quot;&quot;,&quot;created_timestamp&quot;:&quot;0&quot;,&quot;copyright&quot;:&quot;&quot;,&quot;focal_length&quot;:&quot;0&quot;,&quot;iso&quot;:&quot;0&quot;,&quot;shutter_speed&quot;:&quot;0&quot;,&quot;title&quot;:&quot;&quot;,&quot;orientation&quot;:&quot;0&quot;}\" data-image-title=\"russia-95311_1280\" data-image-description=\"\" data-medium-file=\"https:\/\/i0.wp.com\/multiformas.com.co\/es\/blog\/wp-content\/uploads\/2020\/06\/russia-95311_1280.jpg?fit=300%2C200&amp;ssl=1\" data-large-file=\"https:\/\/i0.wp.com\/multiformas.com.co\/es\/blog\/wp-content\/uploads\/2020\/06\/russia-95311_1280.jpg?fit=640%2C426&amp;ssl=1\" loading=\"lazy\" class=\"aligncenter wp-image-1571 size-full\" src=\"https:\/\/i0.wp.com\/multiformas.com.co\/es\/blog\/wp-content\/uploads\/2020\/06\/russia-95311_1280.jpg?resize=640%2C427&#038;ssl=1\" alt=\"\" width=\"640\" height=\"427\" srcset=\"https:\/\/i0.wp.com\/multiformas.com.co\/es\/blog\/wp-content\/uploads\/2020\/06\/russia-95311_1280.jpg?w=1280&amp;ssl=1 1280w, https:\/\/i0.wp.com\/multiformas.com.co\/es\/blog\/wp-content\/uploads\/2020\/06\/russia-95311_1280.jpg?resize=300%2C200&amp;ssl=1 300w, https:\/\/i0.wp.com\/multiformas.com.co\/es\/blog\/wp-content\/uploads\/2020\/06\/russia-95311_1280.jpg?resize=768%2C512&amp;ssl=1 768w, https:\/\/i0.wp.com\/multiformas.com.co\/es\/blog\/wp-content\/uploads\/2020\/06\/russia-95311_1280.jpg?resize=1024%2C682&amp;ssl=1 1024w, https:\/\/i0.wp.com\/multiformas.com.co\/es\/blog\/wp-content\/uploads\/2020\/06\/russia-95311_1280.jpg?resize=900%2C600&amp;ssl=1 900w\" sizes=\"(max-width: 640px) 100vw, 640px\" data-recalc-dims=\"1\" \/><\/p>\n<p>&nbsp;<\/p>\n<h2><em><strong>Piensa en el ma\u00f1ana<\/strong><\/em><\/h2>\n<p>&nbsp;<\/p>\n<p>Es probable que te encuentres en un punto crucial para tu empresa, necesitas regresar a toda costa y es totalmente comprensible, sin embargo tomando en cuenta que no sabemos cuando realmente terminar\u00e1n los per\u00edodos de aislamiento o si todo volver\u00e1 a la normalidad despu\u00e9s del COVID-19, conviene hacer una revisi\u00f3n a fondo de la empresa. Es de vital importancia pensar que esta nueva realidad puede durar m\u00e1s de lo previsto y si es as\u00ed \u00bfqu\u00e9 estrategias vamos a implementar para la nueva realidad a largo plazo?, \u00bfcuanto tiempo puede sobrevivir nuestra empresa en estas condiciones?. Revisa tus canales de distribuci\u00f3n y las comunicaciones con el p\u00fablico, en estos momentos las personas necesitan de empresas con las cuales sentirse seguros para sus compras, devoluciones y dudas, esto se logra con una comunicaci\u00f3n abierta y constante.<\/p>\n<p>&nbsp;<\/p>\n<p><img data-attachment-id=\"1579\" data-permalink=\"https:\/\/multiformas.com.co\/es\/blog\/2020\/06\/16\/consejos-utiles-para-volver-a-la-oficina-despues-del-covid-19\/mobile-phone-1917737_1280\/\" data-orig-file=\"https:\/\/i0.wp.com\/multiformas.com.co\/es\/blog\/wp-content\/uploads\/2020\/06\/mobile-phone-1917737_1280.jpg?fit=1280%2C853&amp;ssl=1\" data-orig-size=\"1280,853\" data-comments-opened=\"1\" data-image-meta=\"{&quot;aperture&quot;:&quot;0&quot;,&quot;credit&quot;:&quot;&quot;,&quot;camera&quot;:&quot;&quot;,&quot;caption&quot;:&quot;&quot;,&quot;created_timestamp&quot;:&quot;0&quot;,&quot;copyright&quot;:&quot;&quot;,&quot;focal_length&quot;:&quot;0&quot;,&quot;iso&quot;:&quot;0&quot;,&quot;shutter_speed&quot;:&quot;0&quot;,&quot;title&quot;:&quot;&quot;,&quot;orientation&quot;:&quot;0&quot;}\" data-image-title=\"mobile-phone-1917737_1280\" data-image-description=\"\" data-medium-file=\"https:\/\/i0.wp.com\/multiformas.com.co\/es\/blog\/wp-content\/uploads\/2020\/06\/mobile-phone-1917737_1280.jpg?fit=300%2C200&amp;ssl=1\" data-large-file=\"https:\/\/i0.wp.com\/multiformas.com.co\/es\/blog\/wp-content\/uploads\/2020\/06\/mobile-phone-1917737_1280.jpg?fit=640%2C426&amp;ssl=1\" loading=\"lazy\" class=\"aligncenter wp-image-1579 size-full\" src=\"https:\/\/i0.wp.com\/multiformas.com.co\/es\/blog\/wp-content\/uploads\/2020\/06\/mobile-phone-1917737_1280.jpg?resize=640%2C427&#038;ssl=1\" alt=\"\" width=\"640\" height=\"427\" srcset=\"https:\/\/i0.wp.com\/multiformas.com.co\/es\/blog\/wp-content\/uploads\/2020\/06\/mobile-phone-1917737_1280.jpg?w=1280&amp;ssl=1 1280w, https:\/\/i0.wp.com\/multiformas.com.co\/es\/blog\/wp-content\/uploads\/2020\/06\/mobile-phone-1917737_1280.jpg?resize=300%2C200&amp;ssl=1 300w, https:\/\/i0.wp.com\/multiformas.com.co\/es\/blog\/wp-content\/uploads\/2020\/06\/mobile-phone-1917737_1280.jpg?resize=768%2C512&amp;ssl=1 768w, https:\/\/i0.wp.com\/multiformas.com.co\/es\/blog\/wp-content\/uploads\/2020\/06\/mobile-phone-1917737_1280.jpg?resize=1024%2C682&amp;ssl=1 1024w, https:\/\/i0.wp.com\/multiformas.com.co\/es\/blog\/wp-content\/uploads\/2020\/06\/mobile-phone-1917737_1280.jpg?resize=900%2C600&amp;ssl=1 900w\" sizes=\"(max-width: 640px) 100vw, 640px\" data-recalc-dims=\"1\" \/><\/p>\n<p>&nbsp;<\/p>\n<h2><\/h2>\n<h2><em><strong>Revisar el catalogo de productos o servicios<\/strong><\/em><\/h2>\n<p>&nbsp;<\/p>\n<p>Reinventarse es la palabra que mejor describe nuestra nueva situaci\u00f3n. Debemos revisar que productos y servicios estamos ofreciendo, si son imprescindibles o por el contrario no forma parte de la escala de prioridades de nuestros clientes en estos momentos. Algunos de nuestros servicios pueden ser necesarios pero no bien presentados o necesitan algunos ajustes para poder seguir siendo atractivos, recuerda que lo importante en estos momentos es generar seguridad en la poblaci\u00f3n. Mostrar la forma en la que proteges a tus clientes es importante, las personas quieren saber que medidas de seguridad b\u00e1sicas estas implementando para proteger tus productos y a tus empleados, as\u00ed sentir\u00e1n que los estas protegiendo a ellos.<\/p>\n<p>&nbsp;<\/p>\n<p><img data-attachment-id=\"1580\" data-permalink=\"https:\/\/multiformas.com.co\/es\/blog\/2020\/06\/16\/consejos-utiles-para-volver-a-la-oficina-despues-del-covid-19\/target-group-3460039_1280\/\" data-orig-file=\"https:\/\/i1.wp.com\/multiformas.com.co\/es\/blog\/wp-content\/uploads\/2020\/06\/target-group-3460039_1280.jpg?fit=1280%2C570&amp;ssl=1\" data-orig-size=\"1280,570\" data-comments-opened=\"1\" data-image-meta=\"{&quot;aperture&quot;:&quot;0&quot;,&quot;credit&quot;:&quot;&quot;,&quot;camera&quot;:&quot;&quot;,&quot;caption&quot;:&quot;&quot;,&quot;created_timestamp&quot;:&quot;0&quot;,&quot;copyright&quot;:&quot;&quot;,&quot;focal_length&quot;:&quot;0&quot;,&quot;iso&quot;:&quot;0&quot;,&quot;shutter_speed&quot;:&quot;0&quot;,&quot;title&quot;:&quot;&quot;,&quot;orientation&quot;:&quot;0&quot;}\" data-image-title=\"target-group-3460039_1280\" data-image-description=\"\" data-medium-file=\"https:\/\/i1.wp.com\/multiformas.com.co\/es\/blog\/wp-content\/uploads\/2020\/06\/target-group-3460039_1280.jpg?fit=300%2C134&amp;ssl=1\" data-large-file=\"https:\/\/i1.wp.com\/multiformas.com.co\/es\/blog\/wp-content\/uploads\/2020\/06\/target-group-3460039_1280.jpg?fit=640%2C285&amp;ssl=1\" loading=\"lazy\" class=\"aligncenter wp-image-1580 size-full\" src=\"https:\/\/i1.wp.com\/multiformas.com.co\/es\/blog\/wp-content\/uploads\/2020\/06\/target-group-3460039_1280.jpg?resize=640%2C285&#038;ssl=1\" alt=\"\" width=\"640\" height=\"285\" srcset=\"https:\/\/i1.wp.com\/multiformas.com.co\/es\/blog\/wp-content\/uploads\/2020\/06\/target-group-3460039_1280.jpg?w=1280&amp;ssl=1 1280w, https:\/\/i1.wp.com\/multiformas.com.co\/es\/blog\/wp-content\/uploads\/2020\/06\/target-group-3460039_1280.jpg?resize=300%2C134&amp;ssl=1 300w, https:\/\/i1.wp.com\/multiformas.com.co\/es\/blog\/wp-content\/uploads\/2020\/06\/target-group-3460039_1280.jpg?resize=768%2C342&amp;ssl=1 768w, https:\/\/i1.wp.com\/multiformas.com.co\/es\/blog\/wp-content\/uploads\/2020\/06\/target-group-3460039_1280.jpg?resize=1024%2C456&amp;ssl=1 1024w\" sizes=\"(max-width: 640px) 100vw, 640px\" data-recalc-dims=\"1\" \/><\/p>\n<p>&nbsp;<\/p>\n<p>&nbsp;<\/p>\n<h2><em><strong>De empleado a mejores amigos<\/strong><\/em><\/h2>\n<p>&nbsp;<\/p>\n<p>El mejor socio comercial que podemos tener en estos momentos son nuestros empleados, brindar comodidades para atender el trabajo virtual o presencial (en relaci\u00f3n a horarios, equipos y plataformas) ser\u00e1 determinante para transitar con \u00e9xito este camino desconocido. Nuestros empleados son hoy m\u00e1s que nunca la ventana de la empresa al mundo, el contacto con el cliente, la cara y la voz de nuestro grupo de trabajo.<\/p>\n<p>Dar lineamientos claros, respetar los horarios de trabajo y comprender la situaci\u00f3n excepcional que estamos viviendo todos te dar\u00e1 una ventaja competitiva sobre el resto de empresas que se encuentran en la misma situaci\u00f3n. Actuar con prontitud y ser asertivo en las decisiones que tomamos para nuestros clientes internos (empleados) y externos puede ser el punto de partida para una nueva etapa de crecimiento.<\/p>\n<p>&nbsp;<\/p>\n<p><img data-attachment-id=\"1581\" data-permalink=\"https:\/\/multiformas.com.co\/es\/blog\/2020\/06\/16\/consejos-utiles-para-volver-a-la-oficina-despues-del-covid-19\/call-center-2944062_1280\/\" data-orig-file=\"https:\/\/i2.wp.com\/multiformas.com.co\/es\/blog\/wp-content\/uploads\/2020\/06\/call-center-2944062_1280.jpg?fit=1280%2C603&amp;ssl=1\" data-orig-size=\"1280,603\" data-comments-opened=\"1\" data-image-meta=\"{&quot;aperture&quot;:&quot;0&quot;,&quot;credit&quot;:&quot;&quot;,&quot;camera&quot;:&quot;&quot;,&quot;caption&quot;:&quot;&quot;,&quot;created_timestamp&quot;:&quot;0&quot;,&quot;copyright&quot;:&quot;&quot;,&quot;focal_length&quot;:&quot;0&quot;,&quot;iso&quot;:&quot;0&quot;,&quot;shutter_speed&quot;:&quot;0&quot;,&quot;title&quot;:&quot;&quot;,&quot;orientation&quot;:&quot;0&quot;}\" data-image-title=\"call-center-2944062_1280\" data-image-description=\"\" data-medium-file=\"https:\/\/i2.wp.com\/multiformas.com.co\/es\/blog\/wp-content\/uploads\/2020\/06\/call-center-2944062_1280.jpg?fit=300%2C141&amp;ssl=1\" data-large-file=\"https:\/\/i2.wp.com\/multiformas.com.co\/es\/blog\/wp-content\/uploads\/2020\/06\/call-center-2944062_1280.jpg?fit=640%2C301&amp;ssl=1\" loading=\"lazy\" class=\"aligncenter wp-image-1581 size-full\" src=\"https:\/\/i2.wp.com\/multiformas.com.co\/es\/blog\/wp-content\/uploads\/2020\/06\/call-center-2944062_1280.jpg?resize=640%2C302&#038;ssl=1\" alt=\"\" width=\"640\" height=\"302\" srcset=\"https:\/\/i2.wp.com\/multiformas.com.co\/es\/blog\/wp-content\/uploads\/2020\/06\/call-center-2944062_1280.jpg?w=1280&amp;ssl=1 1280w, https:\/\/i2.wp.com\/multiformas.com.co\/es\/blog\/wp-content\/uploads\/2020\/06\/call-center-2944062_1280.jpg?resize=300%2C141&amp;ssl=1 300w, https:\/\/i2.wp.com\/multiformas.com.co\/es\/blog\/wp-content\/uploads\/2020\/06\/call-center-2944062_1280.jpg?resize=768%2C362&amp;ssl=1 768w, https:\/\/i2.wp.com\/multiformas.com.co\/es\/blog\/wp-content\/uploads\/2020\/06\/call-center-2944062_1280.jpg?resize=1024%2C482&amp;ssl=1 1024w\" sizes=\"(max-width: 640px) 100vw, 640px\" data-recalc-dims=\"1\" \/><\/p>\n<p>&nbsp;<\/p>\n<p>&nbsp;<\/p>\n<h2><em><strong>Redise\u00f1ar los espacios de trabajo<\/strong><\/em><\/h2>\n<p>&nbsp;<\/p>\n<p>Si bien es cierto que ahora la mayor\u00eda de las empresas o casi todas est\u00e1n trabajando remoto, no quiere decir que las oficinas van a desaparecer, tampoco es una locura pensar en remodelar sus espacios de trabajo. La vuelta a la normalidad es un hecho en alg\u00fan punto de este recorrido del COVID-19 y aunque no sabemos cuando terminara todo, si sabemos que los cambios ser\u00e1n duraderos en el futuro y uno de ellos es poseer espacios de trabajo seguros.<\/p>\n<p>Volver a lo b\u00e1sico puede ser una soluci\u00f3n razonable, las oficinas cerradas que delimiten el contacto humano, el redise\u00f1o del recorrido que hacen los empleados para llegar a zonas se baja seguridad como el espacio de toma de alimentos, ba\u00f1os, equipos comunes como las fotocopiadoras, impresoras, salas de espera y salones de reuniones, ser\u00e1 de vital importancia en esta nueva realidad.<\/p>\n<p>Tambi\u00e9n es bueno contar con expertos que nos ayuden a reorganizar los espacios si pensamos en prescindir de algunas estaciones de trabajo. Las oficinas actuales han sido pensadas para lograr una interacci\u00f3n entre los usuarios, con la nueva realidad debemos revisar si esta interacci\u00f3n es un beneficio o una perdida (debido al riesgo a largo plazo), en ese caso las oficinas deber\u00e1n ser adaptadas volviendo a las oficinas cerradas y dise\u00f1ando espacios que incluyan equipos de desinfecci\u00f3n.<\/p>\n<p>&nbsp;<\/p>\n<p><img data-attachment-id=\"1578\" data-permalink=\"https:\/\/multiformas.com.co\/es\/blog\/2020\/06\/16\/consejos-utiles-para-volver-a-la-oficina-despues-del-covid-19\/office-594119_1280\/\" data-orig-file=\"https:\/\/i0.wp.com\/multiformas.com.co\/es\/blog\/wp-content\/uploads\/2020\/06\/office-594119_1280.jpg?fit=1280%2C847&amp;ssl=1\" data-orig-size=\"1280,847\" data-comments-opened=\"1\" data-image-meta=\"{&quot;aperture&quot;:&quot;0&quot;,&quot;credit&quot;:&quot;&quot;,&quot;camera&quot;:&quot;&quot;,&quot;caption&quot;:&quot;&quot;,&quot;created_timestamp&quot;:&quot;0&quot;,&quot;copyright&quot;:&quot;&quot;,&quot;focal_length&quot;:&quot;0&quot;,&quot;iso&quot;:&quot;0&quot;,&quot;shutter_speed&quot;:&quot;0&quot;,&quot;title&quot;:&quot;&quot;,&quot;orientation&quot;:&quot;0&quot;}\" data-image-title=\"office-594119_1280\" data-image-description=\"\" data-medium-file=\"https:\/\/i0.wp.com\/multiformas.com.co\/es\/blog\/wp-content\/uploads\/2020\/06\/office-594119_1280.jpg?fit=300%2C199&amp;ssl=1\" data-large-file=\"https:\/\/i0.wp.com\/multiformas.com.co\/es\/blog\/wp-content\/uploads\/2020\/06\/office-594119_1280.jpg?fit=640%2C424&amp;ssl=1\" loading=\"lazy\" class=\"aligncenter wp-image-1578 size-full\" src=\"https:\/\/i0.wp.com\/multiformas.com.co\/es\/blog\/wp-content\/uploads\/2020\/06\/office-594119_1280.jpg?resize=640%2C424&#038;ssl=1\" alt=\"\" width=\"640\" height=\"424\" srcset=\"https:\/\/i0.wp.com\/multiformas.com.co\/es\/blog\/wp-content\/uploads\/2020\/06\/office-594119_1280.jpg?w=1280&amp;ssl=1 1280w, https:\/\/i0.wp.com\/multiformas.com.co\/es\/blog\/wp-content\/uploads\/2020\/06\/office-594119_1280.jpg?resize=300%2C199&amp;ssl=1 300w, https:\/\/i0.wp.com\/multiformas.com.co\/es\/blog\/wp-content\/uploads\/2020\/06\/office-594119_1280.jpg?resize=768%2C508&amp;ssl=1 768w, https:\/\/i0.wp.com\/multiformas.com.co\/es\/blog\/wp-content\/uploads\/2020\/06\/office-594119_1280.jpg?resize=1024%2C678&amp;ssl=1 1024w\" sizes=\"(max-width: 640px) 100vw, 640px\" data-recalc-dims=\"1\" \/><\/p>\n<p>&nbsp;<\/p>\n<h2><em><strong>Es hora de ser flexibles<\/strong><\/em><\/h2>\n<p>&nbsp;<\/p>\n<p>Es probable que las decisiones que se tomen durante la pandemia deban ser revisadas y cambiadas mientras se ajusta la realidad, algunas estrategias generadas a largo plazo eventualmente deber\u00e1n ser cambiadas de acuerdo a la informaci\u00f3n que recopilemos de nuestra empresa, nuestros productos o servicios, nuestros empleados, los clientes y el entorno.<\/p>\n<p>Ser din\u00e1mico puede llevarte por un camino m\u00e1s placentero, absorber toda la informaci\u00f3n posible (sin caer en el desespero) para transformarla en acciones positivas, tomarse el tiempo para monitorear el comportamiento de nuestro grupo de trabajo y el de la competencia te dar\u00e1 herramientas valiosas para tomar las mejores decisiones a futuro.<\/p>\n<p>Si quieres saber como tus oficinas pueden adaptarse a la nueva realidad de trabajo, <em><strong><a href=\"https:\/\/multiformas.com.co\/contacto.html\">cont\u00e1ctanos.\u00a0<\/a><\/strong><\/em><\/p>\n","protected":false},"excerpt":{"rendered":"<p>Muchos de nosotros deseamos regresar pronto a nuestras tareas habituales antes de la pandemia y aunque no existe la certeza de que el retorno sea pronto en todos los sectores <a href=\"https:\/\/multiformas.com.co\/es\/blog\/2020\/06\/16\/consejos-utiles-para-volver-a-la-oficina-despues-del-covid-19\/\" class=\"read-more button-fancy -red\"><span class=\"btn-arrow\"><\/span><span class=\"twp-read-more text\">Leer m\u00e1s<\/span><\/a><\/p>\n","protected":false},"author":1,"featured_media":1573,"comment_status":"open","ping_status":"open","sticky":false,"template":"","format":"standard","meta":{"advanced_seo_description":"","spay_email":"","jetpack_publicize_message":"","jetpack_is_tweetstorm":false},"categories":[6],"tags":[242,37,243,244,36,245],"jetpack_featured_media_url":"https:\/\/i2.wp.com\/multiformas.com.co\/es\/blog\/wp-content\/uploads\/2020\/06\/virus-4971922_1280.jpg?fit=1280%2C918&ssl=1","jetpack_publicize_connections":[],"jetpack_sharing_enabled":true,"jetpack_shortlink":"https:\/\/wp.me\/p9kzw1-ph","jetpack_likes_enabled":true,"jetpack-related-posts":[{"id":1487,"url":"https:\/\/multiformas.com.co\/es\/blog\/2020\/04\/07\/oficinas-pensadas-en-la-salud-de-sus-usuarios\/","url_meta":{"origin":1567,"position":0},"title":"Oficinas pensadas en la salud de sus usuarios.","date":"abril 7, 2020","format":false,"excerpt":"En los momentos m\u00e1s dif\u00edciles de la humanidad es donde nos planteamos si es conveniente seguir andando solos o debemos tomar acciones que beneficien al grupo. Los espacios de trabajo no son la excepci\u00f3n, adem\u00e1s de representar la fuente directa de ingresos a todo nivel, es el lugar donde pasamos\u2026","rel":"","context":"En \u00abDecoraci\u00f3n\u00bb","img":{"alt_text":"","src":"https:\/\/i1.wp.com\/multiformas.com.co\/es\/blog\/wp-content\/uploads\/2020\/04\/building-91228_1280.jpg?fit=1200%2C746&ssl=1&resize=350%2C200","width":350,"height":200},"classes":[]},{"id":1590,"url":"https:\/\/multiformas.com.co\/es\/blog\/2020\/07\/10\/la-mejor-manera-de-disenar-una-oficina-eficiente\/","url_meta":{"origin":1567,"position":1},"title":"La mejor manera de dise\u00f1ar una oficina eficiente","date":"julio 10, 2020","format":false,"excerpt":"\u00a0 Un oficina es una herramienta de negocios, si tenemos un entorno no solamente agradable sino que tambi\u00e9n\u00a0refleje los valores, visi\u00f3n y metas de nuestra empresa se convierte sin duda en una ventaja competitiva. \u00a0 \u00a0 En el dise\u00f1o de oficinas debemos llegar al punto medio, por ejemplo, las oficinas\u2026","rel":"","context":"En \u00abEstilo de Vida\u00bb","img":{"alt_text":"","src":"https:\/\/i2.wp.com\/multiformas.com.co\/es\/blog\/wp-content\/uploads\/2020\/03\/tour-workspace-steelcase.jpg?fit=1166%2C656&ssl=1&resize=350%2C200","width":350,"height":200},"classes":[]},{"id":952,"url":"https:\/\/multiformas.com.co\/es\/blog\/2018\/01\/18\/en-el-interior-de-las-oficinas-de-skype-diseno-sin-limites\/","url_meta":{"origin":1567,"position":2},"title":"En el interior de las oficinas de Skype, dise\u00f1o sin limites.","date":"enero 18, 2018","format":false,"excerpt":"Skype los pioneros en telefon\u00eda a trav\u00e9s de Internet nos muestran sus oficinas en Estocolmo, como es de esperarse los dise\u00f1os son exclusivos para la firma, dignos de imitar para tu pr\u00f3ximo proyecto. Las oficinas de Skype en Estocolmo fueron dise\u00f1adas por\u00a0PS Arkitektur\u00a0una empresa dedicada a proyectos de arquitectura y\u2026","rel":"","context":"En \u00abDecoraci\u00f3n\u00bb","img":{"alt_text":"Oficina dise\u00f1o Skype","src":"https:\/\/i2.wp.com\/multiformas.com.co\/es\/blog\/wp-content\/uploads\/2018\/01\/oficina-dise\u00f1o-skype-7.jpg?fit=700%2C462&ssl=1&resize=350%2C200","width":350,"height":200},"classes":[]},{"id":1503,"url":"https:\/\/multiformas.com.co\/es\/blog\/2020\/04\/17\/conoce-las-oficinas-mas-dulces-del-mundo\/","url_meta":{"origin":1567,"position":3},"title":"Conoce las oficinas m\u00e1s dulces del mundo.","date":"abril 17, 2020","format":false,"excerpt":"Alguna vez te preguntaste \u00bfC\u00f3mo son las oficinas de las Donuts m\u00e1s famosas del mundo? Te mostramos las oficinas m\u00e1s dulces que jam\u00e1s viste, donde se gestan las deliciosas ideas que nos entrega Dunkin Donuts cada d\u00eda. Logra inspiraci\u00f3n y una nueva visi\u00f3n en el dise\u00f1o de oficinas con este\u2026","rel":"","context":"En \u00abDecoraci\u00f3n\u00bb","img":{"alt_text":"","src":"https:\/\/i0.wp.com\/multiformas.com.co\/es\/blog\/wp-content\/uploads\/2020\/04\/10.jpg?fit=720%2C480&ssl=1&resize=350%2C200","width":350,"height":200},"classes":[]},{"id":1181,"url":"https:\/\/multiformas.com.co\/es\/blog\/2018\/04\/25\/plantas-y-flores-en-la-oficina-por-que-no\/","url_meta":{"origin":1567,"position":4},"title":"Plantas y flores en la oficina, \u00bfPor qu\u00e9 no?","date":"abril 25, 2018","format":false,"excerpt":"\u00a0 \u00a0 Cuando hablamos de flores pensamos en romance, amistad y alegr\u00eda, es com\u00fan observarlas en los hogares y espacios p\u00fablicos, sin embargo es posible obtener sus beneficios dentro de las oficinas el lugar donde pasamos la mayor parte del tiempo. \u00bfComo integrar plantas de manera inteligente a nuestro espacio\u2026","rel":"","context":"En \u00abEstilo de Vida\u00bb","img":{"alt_text":"","src":"https:\/\/i0.wp.com\/multiformas.com.co\/es\/blog\/wp-content\/uploads\/2017\/11\/03_Rijnstraat__Photo_by_Nick_Guttrige.jpg?fit=667%2C1000&ssl=1&resize=350%2C200","width":350,"height":200},"classes":[]},{"id":1716,"url":"https:\/\/multiformas.com.co\/es\/blog\/2020\/10\/15\/acustica-para-oficinas\/","url_meta":{"origin":1567,"position":5},"title":"Ac\u00fastica para oficinas","date":"octubre 15, 2020","format":false,"excerpt":"El dise\u00f1o de oficinas incluye dilemas pr\u00e1cticos y de dise\u00f1o que difieren de los que encontramos al dise\u00f1ar una casa residencial. Cuestiones de privacidad, concentraci\u00f3n, trabajo agradable, iluminaci\u00f3n adecuada para el trabajo y tambi\u00e9n ac\u00fastica vienen a la mente de los dise\u00f1adores que buscan soluciones avanzadas a todos los problemas.\u2026","rel":"","context":"En \u00abEstilo de Vida\u00bb","img":{"alt_text":"","src":"https:\/\/i1.wp.com\/multiformas.com.co\/es\/blog\/wp-content\/uploads\/2020\/10\/1-14-1200x800.jpg?fit=1200%2C800&ssl=1&resize=350%2C200","width":350,"height":200},"classes":[]}],"_links":{"self":[{"href":"https:\/\/multiformas.com.co\/es\/blog\/wp-json\/wp\/v2\/posts\/1567"}],"collection":[{"href":"https:\/\/multiformas.com.co\/es\/blog\/wp-json\/wp\/v2\/posts"}],"about":[{"href":"https:\/\/multiformas.com.co\/es\/blog\/wp-json\/wp\/v2\/types\/post"}],"author":[{"embeddable":true,"href":"https:\/\/multiformas.com.co\/es\/blog\/wp-json\/wp\/v2\/users\/1"}],"replies":[{"embeddable":true,"href":"https:\/\/multiformas.com.co\/es\/blog\/wp-json\/wp\/v2\/comments?post=1567"}],"version-history":[{"count":6,"href":"https:\/\/multiformas.com.co\/es\/blog\/wp-json\/wp\/v2\/posts\/1567\/revisions"}],"predecessor-version":[{"id":1584,"href":"https:\/\/multiformas.com.co\/es\/blog\/wp-json\/wp\/v2\/posts\/1567\/revisions\/1584"}],"wp:featuredmedia":[{"embeddable":true,"href":"https:\/\/multiformas.com.co\/es\/blog\/wp-json\/wp\/v2\/media\/1573"}],"wp:attachment":[{"href":"https:\/\/multiformas.com.co\/es\/blog\/wp-json\/wp\/v2\/media?parent=1567"}],"wp:term":[{"taxonomy":"category","embeddable":true,"href":"https:\/\/multiformas.com.co\/es\/blog\/wp-json\/wp\/v2\/categories?post=1567"},{"taxonomy":"post_tag","embeddable":true,"href":"https:\/\/multiformas.com.co\/es\/blog\/wp-json\/wp\/v2\/tags?post=1567"}],"curies":[{"name":"wp","href":"https:\/\/api.w.org\/{rel}","templated":true}]}}