{"id":210,"date":"2017-11-10T17:28:25","date_gmt":"2017-11-10T17:28:25","guid":{"rendered":"https:\/\/multiformas.com.co\/es\/blog\/?p=210"},"modified":"2018-02-21T00:18:25","modified_gmt":"2018-02-21T00:18:25","slug":"la-imagen-corporativa-de-las-grandes-empresas","status":"publish","type":"post","link":"https:\/\/multiformas.com.co\/es\/blog\/2017\/11\/10\/la-imagen-corporativa-de-las-grandes-empresas\/","title":{"rendered":"La imagen corporativa de las grandes empresas"},"content":{"rendered":"<p>Las grandes empresas siempre est\u00e1n pendiente de los detalles en cuanto a productos y a su imagen corporativa. La mayor\u00eda enfoca la imagen corporativa en logotipos y empaques, sin embargo cuando observamos sus oficinas o centros de trabajo, vemos con gran desilusi\u00f3n que est\u00e1n lejos de la innovaci\u00f3n y la calidad que ofrecen, este no es el caso de las empresas que presentaremos a continuaci\u00f3n, debido a que enfocan la imagen corporativa desde la intimidad de la empresa en sus espacios corporativos, con dise\u00f1os innovadores, ambientes agradables y bien pensados, espacios \u00f3ptimos para favorecer la productividad y enriquecer la imagen corporativa.<\/p>\n<p>&nbsp;<\/p>\n<div data-carousel-extra='{\"blog_id\":1,\"permalink\":\"https:\\\/\\\/multiformas.com.co\\\/es\\\/blog\\\/2017\\\/11\\\/10\\\/la-imagen-corporativa-de-las-grandes-empresas\\\/\"}' id='gallery-1' class='gallery galleryid-210 gallery-columns-1 gallery-size-full'><figure class='gallery-item'>\n\t\t\t<div class='gallery-icon landscape'>\n\t\t\t\t<img width=\"621\" height=\"414\" src=\"https:\/\/i1.wp.com\/multiformas.com.co\/es\/blog\/wp-content\/uploads\/2017\/11\/microsoft-barcelona-aecom-10.jpg?fit=621%2C414&amp;ssl=1\" class=\"attachment-full size-full\" alt=\"\" loading=\"lazy\" aria-describedby=\"gallery-1-214\" srcset=\"https:\/\/i1.wp.com\/multiformas.com.co\/es\/blog\/wp-content\/uploads\/2017\/11\/microsoft-barcelona-aecom-10.jpg?w=621&amp;ssl=1 621w, https:\/\/i1.wp.com\/multiformas.com.co\/es\/blog\/wp-content\/uploads\/2017\/11\/microsoft-barcelona-aecom-10.jpg?resize=300%2C200&amp;ssl=1 300w, https:\/\/i1.wp.com\/multiformas.com.co\/es\/blog\/wp-content\/uploads\/2017\/11\/microsoft-barcelona-aecom-10.jpg?resize=90%2C60&amp;ssl=1 90w\" sizes=\"(max-width: 621px) 100vw, 621px\" data-attachment-id=\"214\" data-permalink=\"https:\/\/multiformas.com.co\/es\/blog\/2017\/11\/10\/la-imagen-corporativa-de-las-grandes-empresas\/microsoft-barcelona-aecom-10\/\" data-orig-file=\"https:\/\/i1.wp.com\/multiformas.com.co\/es\/blog\/wp-content\/uploads\/2017\/11\/microsoft-barcelona-aecom-10.jpg?fit=621%2C414&amp;ssl=1\" data-orig-size=\"621,414\" data-comments-opened=\"1\" data-image-meta=\"{&quot;aperture&quot;:&quot;16&quot;,&quot;credit&quot;:&quot;&quot;,&quot;camera&quot;:&quot;Canon EOS 5D Mark III&quot;,&quot;caption&quot;:&quot;&quot;,&quot;created_timestamp&quot;:&quot;1441888631&quot;,&quot;copyright&quot;:&quot;&quot;,&quot;focal_length&quot;:&quot;26&quot;,&quot;iso&quot;:&quot;100&quot;,&quot;shutter_speed&quot;:&quot;3&quot;,&quot;title&quot;:&quot;&quot;,&quot;orientation&quot;:&quot;1&quot;}\" data-image-title=\"microsoft-barcelona-aecom-10\" data-image-description=\"\" data-medium-file=\"https:\/\/i1.wp.com\/multiformas.com.co\/es\/blog\/wp-content\/uploads\/2017\/11\/microsoft-barcelona-aecom-10.jpg?fit=300%2C200&amp;ssl=1\" data-large-file=\"https:\/\/i1.wp.com\/multiformas.com.co\/es\/blog\/wp-content\/uploads\/2017\/11\/microsoft-barcelona-aecom-10.jpg?fit=621%2C414&amp;ssl=1\" \/>\n\t\t\t<\/div>\n\t\t\t\t<figcaption class='wp-caption-text gallery-caption' id='gallery-1-214'>\n\t\t\t\tMicrosoft, sede Barcelona Foto: diariodesign.com\n\t\t\t\t<\/figcaption><\/figure><figure class='gallery-item'>\n\t\t\t<div class='gallery-icon landscape'>\n\t\t\t\t<img width=\"621\" height=\"414\" src=\"https:\/\/i0.wp.com\/multiformas.com.co\/es\/blog\/wp-content\/uploads\/2017\/11\/microsoft-barcelona-aecom-20.jpg?fit=621%2C414&amp;ssl=1\" class=\"attachment-full size-full\" alt=\"\" loading=\"lazy\" aria-describedby=\"gallery-1-215\" srcset=\"https:\/\/i0.wp.com\/multiformas.com.co\/es\/blog\/wp-content\/uploads\/2017\/11\/microsoft-barcelona-aecom-20.jpg?w=621&amp;ssl=1 621w, https:\/\/i0.wp.com\/multiformas.com.co\/es\/blog\/wp-content\/uploads\/2017\/11\/microsoft-barcelona-aecom-20.jpg?resize=300%2C200&amp;ssl=1 300w, https:\/\/i0.wp.com\/multiformas.com.co\/es\/blog\/wp-content\/uploads\/2017\/11\/microsoft-barcelona-aecom-20.jpg?resize=90%2C60&amp;ssl=1 90w\" sizes=\"(max-width: 621px) 100vw, 621px\" data-attachment-id=\"215\" data-permalink=\"https:\/\/multiformas.com.co\/es\/blog\/2017\/11\/10\/la-imagen-corporativa-de-las-grandes-empresas\/microsoft-barcelona-aecom-20\/\" data-orig-file=\"https:\/\/i0.wp.com\/multiformas.com.co\/es\/blog\/wp-content\/uploads\/2017\/11\/microsoft-barcelona-aecom-20.jpg?fit=621%2C414&amp;ssl=1\" data-orig-size=\"621,414\" data-comments-opened=\"1\" data-image-meta=\"{&quot;aperture&quot;:&quot;16&quot;,&quot;credit&quot;:&quot;&quot;,&quot;camera&quot;:&quot;Canon EOS 5D Mark III&quot;,&quot;caption&quot;:&quot;&quot;,&quot;created_timestamp&quot;:&quot;1441892877&quot;,&quot;copyright&quot;:&quot;&quot;,&quot;focal_length&quot;:&quot;29&quot;,&quot;iso&quot;:&quot;100&quot;,&quot;shutter_speed&quot;:&quot;3&quot;,&quot;title&quot;:&quot;&quot;,&quot;orientation&quot;:&quot;1&quot;}\" data-image-title=\"microsoft-barcelona-aecom-20\" data-image-description=\"\" data-medium-file=\"https:\/\/i0.wp.com\/multiformas.com.co\/es\/blog\/wp-content\/uploads\/2017\/11\/microsoft-barcelona-aecom-20.jpg?fit=300%2C200&amp;ssl=1\" data-large-file=\"https:\/\/i0.wp.com\/multiformas.com.co\/es\/blog\/wp-content\/uploads\/2017\/11\/microsoft-barcelona-aecom-20.jpg?fit=621%2C414&amp;ssl=1\" \/>\n\t\t\t<\/div>\n\t\t\t\t<figcaption class='wp-caption-text gallery-caption' id='gallery-1-215'>\n\t\t\t\tMicrosoft, sede Barcelona Foto: diariodesign.com\n\t\t\t\t<\/figcaption><\/figure><figure class='gallery-item'>\n\t\t\t<div class='gallery-icon landscape'>\n\t\t\t\t<img width=\"1680\" height=\"1067\" src=\"https:\/\/i1.wp.com\/multiformas.com.co\/es\/blog\/wp-content\/uploads\/2017\/11\/Nasdaq-2-Main.jpg?fit=1680%2C1067&amp;ssl=1\" class=\"attachment-full size-full\" alt=\"\" loading=\"lazy\" aria-describedby=\"gallery-1-217\" srcset=\"https:\/\/i1.wp.com\/multiformas.com.co\/es\/blog\/wp-content\/uploads\/2017\/11\/Nasdaq-2-Main.jpg?w=1680&amp;ssl=1 1680w, https:\/\/i1.wp.com\/multiformas.com.co\/es\/blog\/wp-content\/uploads\/2017\/11\/Nasdaq-2-Main.jpg?resize=300%2C191&amp;ssl=1 300w, https:\/\/i1.wp.com\/multiformas.com.co\/es\/blog\/wp-content\/uploads\/2017\/11\/Nasdaq-2-Main.jpg?resize=768%2C488&amp;ssl=1 768w, https:\/\/i1.wp.com\/multiformas.com.co\/es\/blog\/wp-content\/uploads\/2017\/11\/Nasdaq-2-Main.jpg?resize=1024%2C650&amp;ssl=1 1024w, https:\/\/i1.wp.com\/multiformas.com.co\/es\/blog\/wp-content\/uploads\/2017\/11\/Nasdaq-2-Main.jpg?w=1280&amp;ssl=1 1280w\" sizes=\"(max-width: 640px) 100vw, 640px\" data-attachment-id=\"217\" data-permalink=\"https:\/\/multiformas.com.co\/es\/blog\/2017\/11\/10\/la-imagen-corporativa-de-las-grandes-empresas\/nasdaq-2-main\/\" data-orig-file=\"https:\/\/i1.wp.com\/multiformas.com.co\/es\/blog\/wp-content\/uploads\/2017\/11\/Nasdaq-2-Main.jpg?fit=1680%2C1067&amp;ssl=1\" data-orig-size=\"1680,1067\" data-comments-opened=\"1\" data-image-meta=\"{&quot;aperture&quot;:&quot;0&quot;,&quot;credit&quot;:&quot;&quot;,&quot;camera&quot;:&quot;&quot;,&quot;caption&quot;:&quot;&quot;,&quot;created_timestamp&quot;:&quot;0&quot;,&quot;copyright&quot;:&quot;&quot;,&quot;focal_length&quot;:&quot;0&quot;,&quot;iso&quot;:&quot;0&quot;,&quot;shutter_speed&quot;:&quot;0&quot;,&quot;title&quot;:&quot;&quot;,&quot;orientation&quot;:&quot;0&quot;}\" data-image-title=\"Nasdaq-2-Main\" data-image-description=\"\" data-medium-file=\"https:\/\/i1.wp.com\/multiformas.com.co\/es\/blog\/wp-content\/uploads\/2017\/11\/Nasdaq-2-Main.jpg?fit=300%2C191&amp;ssl=1\" data-large-file=\"https:\/\/i1.wp.com\/multiformas.com.co\/es\/blog\/wp-content\/uploads\/2017\/11\/Nasdaq-2-Main.jpg?fit=640%2C406&amp;ssl=1\" \/>\n\t\t\t<\/div>\n\t\t\t\t<figcaption class='wp-caption-text gallery-caption' id='gallery-1-217'>\n\t\t\t\tNasdaq, sede Londres. Foto: oktra.co.uk\n\t\t\t\t<\/figcaption><\/figure><figure class='gallery-item'>\n\t\t\t<div class='gallery-icon landscape'>\n\t\t\t\t<img width=\"2000\" height=\"1333\" src=\"https:\/\/i1.wp.com\/multiformas.com.co\/es\/blog\/wp-content\/uploads\/2017\/11\/facebook-canada-14.jpg?fit=2000%2C1333&amp;ssl=1\" class=\"attachment-full size-full\" alt=\"\" loading=\"lazy\" aria-describedby=\"gallery-1-218\" srcset=\"https:\/\/i1.wp.com\/multiformas.com.co\/es\/blog\/wp-content\/uploads\/2017\/11\/facebook-canada-14.jpg?w=2000&amp;ssl=1 2000w, https:\/\/i1.wp.com\/multiformas.com.co\/es\/blog\/wp-content\/uploads\/2017\/11\/facebook-canada-14.jpg?resize=300%2C200&amp;ssl=1 300w, https:\/\/i1.wp.com\/multiformas.com.co\/es\/blog\/wp-content\/uploads\/2017\/11\/facebook-canada-14.jpg?resize=768%2C512&amp;ssl=1 768w, https:\/\/i1.wp.com\/multiformas.com.co\/es\/blog\/wp-content\/uploads\/2017\/11\/facebook-canada-14.jpg?resize=1024%2C682&amp;ssl=1 1024w, https:\/\/i1.wp.com\/multiformas.com.co\/es\/blog\/wp-content\/uploads\/2017\/11\/facebook-canada-14.jpg?resize=90%2C60&amp;ssl=1 90w, https:\/\/i1.wp.com\/multiformas.com.co\/es\/blog\/wp-content\/uploads\/2017\/11\/facebook-canada-14.jpg?w=1280&amp;ssl=1 1280w, https:\/\/i1.wp.com\/multiformas.com.co\/es\/blog\/wp-content\/uploads\/2017\/11\/facebook-canada-14.jpg?w=1920&amp;ssl=1 1920w\" sizes=\"(max-width: 640px) 100vw, 640px\" data-attachment-id=\"218\" data-permalink=\"https:\/\/multiformas.com.co\/es\/blog\/2017\/11\/10\/la-imagen-corporativa-de-las-grandes-empresas\/facebook-canada-14\/\" data-orig-file=\"https:\/\/i1.wp.com\/multiformas.com.co\/es\/blog\/wp-content\/uploads\/2017\/11\/facebook-canada-14.jpg?fit=2000%2C1333&amp;ssl=1\" data-orig-size=\"2000,1333\" data-comments-opened=\"1\" data-image-meta=\"{&quot;aperture&quot;:&quot;3.5&quot;,&quot;credit&quot;:&quot;&quot;,&quot;camera&quot;:&quot;Canon EOS Rebel T6s&quot;,&quot;caption&quot;:&quot;&quot;,&quot;created_timestamp&quot;:&quot;1461796054&quot;,&quot;copyright&quot;:&quot;&quot;,&quot;focal_length&quot;:&quot;18&quot;,&quot;iso&quot;:&quot;100&quot;,&quot;shutter_speed&quot;:&quot;0.033333333333333&quot;,&quot;title&quot;:&quot;&quot;,&quot;orientation&quot;:&quot;1&quot;}\" data-image-title=\"facebook canada-14\" data-image-description=\"\" data-medium-file=\"https:\/\/i1.wp.com\/multiformas.com.co\/es\/blog\/wp-content\/uploads\/2017\/11\/facebook-canada-14.jpg?fit=300%2C200&amp;ssl=1\" data-large-file=\"https:\/\/i1.wp.com\/multiformas.com.co\/es\/blog\/wp-content\/uploads\/2017\/11\/facebook-canada-14.jpg?fit=640%2C426&amp;ssl=1\" \/>\n\t\t\t<\/div>\n\t\t\t\t<figcaption class='wp-caption-text gallery-caption' id='gallery-1-218'>\n\t\t\t\tFacebook sede Canada. Foto: mobilesyrup.com\n\t\t\t\t<\/figcaption><\/figure><figure class='gallery-item'>\n\t\t\t<div class='gallery-icon landscape'>\n\t\t\t\t<img width=\"1200\" height=\"799\" src=\"https:\/\/i0.wp.com\/multiformas.com.co\/es\/blog\/wp-content\/uploads\/2017\/11\/facebook-ny.jpg?fit=1200%2C799&amp;ssl=1\" class=\"attachment-full size-full\" alt=\"\" loading=\"lazy\" aria-describedby=\"gallery-1-219\" srcset=\"https:\/\/i0.wp.com\/multiformas.com.co\/es\/blog\/wp-content\/uploads\/2017\/11\/facebook-ny.jpg?w=1200&amp;ssl=1 1200w, https:\/\/i0.wp.com\/multiformas.com.co\/es\/blog\/wp-content\/uploads\/2017\/11\/facebook-ny.jpg?resize=300%2C200&amp;ssl=1 300w, https:\/\/i0.wp.com\/multiformas.com.co\/es\/blog\/wp-content\/uploads\/2017\/11\/facebook-ny.jpg?resize=768%2C511&amp;ssl=1 768w, https:\/\/i0.wp.com\/multiformas.com.co\/es\/blog\/wp-content\/uploads\/2017\/11\/facebook-ny.jpg?resize=1024%2C682&amp;ssl=1 1024w, https:\/\/i0.wp.com\/multiformas.com.co\/es\/blog\/wp-content\/uploads\/2017\/11\/facebook-ny.jpg?resize=90%2C60&amp;ssl=1 90w\" sizes=\"(max-width: 640px) 100vw, 640px\" data-attachment-id=\"219\" data-permalink=\"https:\/\/multiformas.com.co\/es\/blog\/2017\/11\/10\/la-imagen-corporativa-de-las-grandes-empresas\/facebook-ny\/\" data-orig-file=\"https:\/\/i0.wp.com\/multiformas.com.co\/es\/blog\/wp-content\/uploads\/2017\/11\/facebook-ny.jpg?fit=1200%2C799&amp;ssl=1\" data-orig-size=\"1200,799\" data-comments-opened=\"1\" data-image-meta=\"{&quot;aperture&quot;:&quot;0&quot;,&quot;credit&quot;:&quot;&quot;,&quot;camera&quot;:&quot;&quot;,&quot;caption&quot;:&quot;&quot;,&quot;created_timestamp&quot;:&quot;0&quot;,&quot;copyright&quot;:&quot;&quot;,&quot;focal_length&quot;:&quot;0&quot;,&quot;iso&quot;:&quot;0&quot;,&quot;shutter_speed&quot;:&quot;0&quot;,&quot;title&quot;:&quot;&quot;,&quot;orientation&quot;:&quot;0&quot;}\" data-image-title=\"facebook ny\" data-image-description=\"\" data-medium-file=\"https:\/\/i0.wp.com\/multiformas.com.co\/es\/blog\/wp-content\/uploads\/2017\/11\/facebook-ny.jpg?fit=300%2C200&amp;ssl=1\" data-large-file=\"https:\/\/i0.wp.com\/multiformas.com.co\/es\/blog\/wp-content\/uploads\/2017\/11\/facebook-ny.jpg?fit=640%2C426&amp;ssl=1\" \/>\n\t\t\t<\/div>\n\t\t\t\t<figcaption class='wp-caption-text gallery-caption' id='gallery-1-219'>\n\t\t\t\tFacebook sede New York. Foto: businessinsider.com\n\t\t\t\t<\/figcaption><\/figure><figure class='gallery-item'>\n\t\t\t<div class='gallery-icon landscape'>\n\t\t\t\t<img width=\"1000\" height=\"666\" src=\"https:\/\/i2.wp.com\/multiformas.com.co\/es\/blog\/wp-content\/uploads\/2017\/11\/bloomberg-london-office.jpg?fit=1000%2C666&amp;ssl=1\" class=\"attachment-full size-full\" alt=\"\" loading=\"lazy\" aria-describedby=\"gallery-1-220\" srcset=\"https:\/\/i2.wp.com\/multiformas.com.co\/es\/blog\/wp-content\/uploads\/2017\/11\/bloomberg-london-office.jpg?w=1000&amp;ssl=1 1000w, https:\/\/i2.wp.com\/multiformas.com.co\/es\/blog\/wp-content\/uploads\/2017\/11\/bloomberg-london-office.jpg?resize=300%2C200&amp;ssl=1 300w, https:\/\/i2.wp.com\/multiformas.com.co\/es\/blog\/wp-content\/uploads\/2017\/11\/bloomberg-london-office.jpg?resize=768%2C511&amp;ssl=1 768w, https:\/\/i2.wp.com\/multiformas.com.co\/es\/blog\/wp-content\/uploads\/2017\/11\/bloomberg-london-office.jpg?resize=90%2C60&amp;ssl=1 90w\" sizes=\"(max-width: 640px) 100vw, 640px\" data-attachment-id=\"220\" data-permalink=\"https:\/\/multiformas.com.co\/es\/blog\/2017\/11\/10\/la-imagen-corporativa-de-las-grandes-empresas\/bloomberg-london-office\/\" data-orig-file=\"https:\/\/i2.wp.com\/multiformas.com.co\/es\/blog\/wp-content\/uploads\/2017\/11\/bloomberg-london-office.jpg?fit=1000%2C666&amp;ssl=1\" data-orig-size=\"1000,666\" data-comments-opened=\"1\" data-image-meta=\"{&quot;aperture&quot;:&quot;0&quot;,&quot;credit&quot;:&quot;&quot;,&quot;camera&quot;:&quot;&quot;,&quot;caption&quot;:&quot;&quot;,&quot;created_timestamp&quot;:&quot;0&quot;,&quot;copyright&quot;:&quot;&quot;,&quot;focal_length&quot;:&quot;0&quot;,&quot;iso&quot;:&quot;0&quot;,&quot;shutter_speed&quot;:&quot;0&quot;,&quot;title&quot;:&quot;&quot;,&quot;orientation&quot;:&quot;0&quot;}\" data-image-title=\"bloomberg-london-office\" data-image-description=\"\" data-medium-file=\"https:\/\/i2.wp.com\/multiformas.com.co\/es\/blog\/wp-content\/uploads\/2017\/11\/bloomberg-london-office.jpg?fit=300%2C200&amp;ssl=1\" data-large-file=\"https:\/\/i2.wp.com\/multiformas.com.co\/es\/blog\/wp-content\/uploads\/2017\/11\/bloomberg-london-office.jpg?fit=640%2C426&amp;ssl=1\" \/>\n\t\t\t<\/div>\n\t\t\t\t<figcaption class='wp-caption-text gallery-caption' id='gallery-1-220'>\n\t\t\t\tBloomberg sede en Londres. Foto: glassdoor.com\n\t\t\t\t<\/figcaption><\/figure><figure class='gallery-item'>\n\t\t\t<div class='gallery-icon landscape'>\n\t\t\t\t<img width=\"664\" height=\"441\" src=\"https:\/\/i1.wp.com\/multiformas.com.co\/es\/blog\/wp-content\/uploads\/2017\/11\/102109_bloomberg_01lc_36755163.jpg?fit=664%2C441&amp;ssl=1\" class=\"attachment-full size-full\" alt=\"\" loading=\"lazy\" aria-describedby=\"gallery-1-221\" srcset=\"https:\/\/i1.wp.com\/multiformas.com.co\/es\/blog\/wp-content\/uploads\/2017\/11\/102109_bloomberg_01lc_36755163.jpg?w=664&amp;ssl=1 664w, https:\/\/i1.wp.com\/multiformas.com.co\/es\/blog\/wp-content\/uploads\/2017\/11\/102109_bloomberg_01lc_36755163.jpg?resize=300%2C199&amp;ssl=1 300w, https:\/\/i1.wp.com\/multiformas.com.co\/es\/blog\/wp-content\/uploads\/2017\/11\/102109_bloomberg_01lc_36755163.jpg?resize=90%2C60&amp;ssl=1 90w\" sizes=\"(max-width: 640px) 100vw, 640px\" data-attachment-id=\"221\" data-permalink=\"https:\/\/multiformas.com.co\/es\/blog\/2017\/11\/10\/la-imagen-corporativa-de-las-grandes-empresas\/102109_bloomberg_01lc_36755163\/\" data-orig-file=\"https:\/\/i1.wp.com\/multiformas.com.co\/es\/blog\/wp-content\/uploads\/2017\/11\/102109_bloomberg_01lc_36755163.jpg?fit=664%2C441&amp;ssl=1\" data-orig-size=\"664,441\" data-comments-opened=\"1\" data-image-meta=\"{&quot;aperture&quot;:&quot;0&quot;,&quot;credit&quot;:&quot;&quot;,&quot;camera&quot;:&quot;&quot;,&quot;caption&quot;:&quot;&quot;,&quot;created_timestamp&quot;:&quot;0&quot;,&quot;copyright&quot;:&quot;&quot;,&quot;focal_length&quot;:&quot;0&quot;,&quot;iso&quot;:&quot;0&quot;,&quot;shutter_speed&quot;:&quot;0&quot;,&quot;title&quot;:&quot;&quot;,&quot;orientation&quot;:&quot;0&quot;}\" data-image-title=\"102109_bloomberg_01lc_36755163\" data-image-description=\"\" data-medium-file=\"https:\/\/i1.wp.com\/multiformas.com.co\/es\/blog\/wp-content\/uploads\/2017\/11\/102109_bloomberg_01lc_36755163.jpg?fit=300%2C199&amp;ssl=1\" data-large-file=\"https:\/\/i1.wp.com\/multiformas.com.co\/es\/blog\/wp-content\/uploads\/2017\/11\/102109_bloomberg_01lc_36755163.jpg?fit=640%2C425&amp;ssl=1\" \/>\n\t\t\t<\/div>\n\t\t\t\t<figcaption class='wp-caption-text gallery-caption' id='gallery-1-221'>\n\t\t\t\tBloomberg sede New York. Foto: nypost.com\n\t\t\t\t<\/figcaption><\/figure><figure class='gallery-item'>\n\t\t\t<div class='gallery-icon landscape'>\n\t\t\t\t<img width=\"2000\" height=\"1250\" src=\"https:\/\/i0.wp.com\/multiformas.com.co\/es\/blog\/wp-content\/uploads\/2017\/11\/Oracle.jpg?fit=2000%2C1250&amp;ssl=1\" class=\"attachment-full size-full\" alt=\"\" loading=\"lazy\" aria-describedby=\"gallery-1-222\" srcset=\"https:\/\/i0.wp.com\/multiformas.com.co\/es\/blog\/wp-content\/uploads\/2017\/11\/Oracle.jpg?w=2000&amp;ssl=1 2000w, https:\/\/i0.wp.com\/multiformas.com.co\/es\/blog\/wp-content\/uploads\/2017\/11\/Oracle.jpg?resize=300%2C188&amp;ssl=1 300w, https:\/\/i0.wp.com\/multiformas.com.co\/es\/blog\/wp-content\/uploads\/2017\/11\/Oracle.jpg?resize=768%2C480&amp;ssl=1 768w, https:\/\/i0.wp.com\/multiformas.com.co\/es\/blog\/wp-content\/uploads\/2017\/11\/Oracle.jpg?resize=1024%2C640&amp;ssl=1 1024w, https:\/\/i0.wp.com\/multiformas.com.co\/es\/blog\/wp-content\/uploads\/2017\/11\/Oracle.jpg?w=1280&amp;ssl=1 1280w, https:\/\/i0.wp.com\/multiformas.com.co\/es\/blog\/wp-content\/uploads\/2017\/11\/Oracle.jpg?w=1920&amp;ssl=1 1920w\" sizes=\"(max-width: 640px) 100vw, 640px\" data-attachment-id=\"222\" data-permalink=\"https:\/\/multiformas.com.co\/es\/blog\/2017\/11\/10\/la-imagen-corporativa-de-las-grandes-empresas\/oracle\/\" data-orig-file=\"https:\/\/i0.wp.com\/multiformas.com.co\/es\/blog\/wp-content\/uploads\/2017\/11\/Oracle.jpg?fit=2000%2C1250&amp;ssl=1\" data-orig-size=\"2000,1250\" data-comments-opened=\"1\" data-image-meta=\"{&quot;aperture&quot;:&quot;0&quot;,&quot;credit&quot;:&quot;&quot;,&quot;camera&quot;:&quot;&quot;,&quot;caption&quot;:&quot;&quot;,&quot;created_timestamp&quot;:&quot;0&quot;,&quot;copyright&quot;:&quot;&quot;,&quot;focal_length&quot;:&quot;0&quot;,&quot;iso&quot;:&quot;0&quot;,&quot;shutter_speed&quot;:&quot;0&quot;,&quot;title&quot;:&quot;&quot;,&quot;orientation&quot;:&quot;0&quot;}\" data-image-title=\"Oracle\" data-image-description=\"\" data-medium-file=\"https:\/\/i0.wp.com\/multiformas.com.co\/es\/blog\/wp-content\/uploads\/2017\/11\/Oracle.jpg?fit=300%2C188&amp;ssl=1\" data-large-file=\"https:\/\/i0.wp.com\/multiformas.com.co\/es\/blog\/wp-content\/uploads\/2017\/11\/Oracle.jpg?fit=640%2C400&amp;ssl=1\" \/>\n\t\t\t<\/div>\n\t\t\t\t<figcaption class='wp-caption-text gallery-caption' id='gallery-1-222'>\n\t\t\t\tOracle, sede California. Foto: pinterest.com\n\t\t\t\t<\/figcaption><\/figure><figure class='gallery-item'>\n\t\t\t<div class='gallery-icon landscape'>\n\t\t\t\t<img width=\"736\" height=\"510\" src=\"https:\/\/i1.wp.com\/multiformas.com.co\/es\/blog\/wp-content\/uploads\/2017\/11\/f67ecea39d2be44c6bb579328917a9e6-innovation-offices.jpg?fit=736%2C510&amp;ssl=1\" class=\"attachment-full size-full\" alt=\"\" loading=\"lazy\" aria-describedby=\"gallery-1-223\" srcset=\"https:\/\/i1.wp.com\/multiformas.com.co\/es\/blog\/wp-content\/uploads\/2017\/11\/f67ecea39d2be44c6bb579328917a9e6-innovation-offices.jpg?w=736&amp;ssl=1 736w, https:\/\/i1.wp.com\/multiformas.com.co\/es\/blog\/wp-content\/uploads\/2017\/11\/f67ecea39d2be44c6bb579328917a9e6-innovation-offices.jpg?resize=300%2C208&amp;ssl=1 300w\" sizes=\"(max-width: 640px) 100vw, 640px\" data-attachment-id=\"223\" data-permalink=\"https:\/\/multiformas.com.co\/es\/blog\/2017\/11\/10\/la-imagen-corporativa-de-las-grandes-empresas\/f67ecea39d2be44c6bb579328917a9e6-innovation-offices\/\" data-orig-file=\"https:\/\/i1.wp.com\/multiformas.com.co\/es\/blog\/wp-content\/uploads\/2017\/11\/f67ecea39d2be44c6bb579328917a9e6-innovation-offices.jpg?fit=736%2C510&amp;ssl=1\" data-orig-size=\"736,510\" data-comments-opened=\"1\" data-image-meta=\"{&quot;aperture&quot;:&quot;0&quot;,&quot;credit&quot;:&quot;AVEQ Fotografie 0703062546&quot;,&quot;camera&quot;:&quot;&quot;,&quot;caption&quot;:&quot;&quot;,&quot;created_timestamp&quot;:&quot;0&quot;,&quot;copyright&quot;:&quot;\\u00a9AVEQ Fotografie Den Haag&quot;,&quot;focal_length&quot;:&quot;0&quot;,&quot;iso&quot;:&quot;0&quot;,&quot;shutter_speed&quot;:&quot;0&quot;,&quot;title&quot;:&quot;&quot;,&quot;orientation&quot;:&quot;0&quot;}\" data-image-title=\"f67ecea39d2be44c6bb579328917a9e6&#8211;innovation-offices\" data-image-description=\"&lt;p&gt;Cafeter\u00eda &lt;\/p&gt;\n\" data-medium-file=\"https:\/\/i1.wp.com\/multiformas.com.co\/es\/blog\/wp-content\/uploads\/2017\/11\/f67ecea39d2be44c6bb579328917a9e6-innovation-offices.jpg?fit=300%2C208&amp;ssl=1\" data-large-file=\"https:\/\/i1.wp.com\/multiformas.com.co\/es\/blog\/wp-content\/uploads\/2017\/11\/f67ecea39d2be44c6bb579328917a9e6-innovation-offices.jpg?fit=640%2C443&amp;ssl=1\" \/>\n\t\t\t<\/div>\n\t\t\t\t<figcaption class='wp-caption-text gallery-caption' id='gallery-1-223'>\n\t\t\t\tOracle, sede California. Foto: pinterest.com\n\t\t\t\t<\/figcaption><\/figure><figure class='gallery-item'>\n\t\t\t<div class='gallery-icon landscape'>\n\t\t\t\t<img width=\"818\" height=\"566\" src=\"https:\/\/i2.wp.com\/multiformas.com.co\/es\/blog\/wp-content\/uploads\/2017\/11\/lombardini-22-coca-cola-HBC-italy-headquarters-designboom-11.jpg?fit=818%2C566&amp;ssl=1\" class=\"attachment-full size-full\" alt=\"\" loading=\"lazy\" aria-describedby=\"gallery-1-224\" srcset=\"https:\/\/i2.wp.com\/multiformas.com.co\/es\/blog\/wp-content\/uploads\/2017\/11\/lombardini-22-coca-cola-HBC-italy-headquarters-designboom-11.jpg?w=818&amp;ssl=1 818w, https:\/\/i2.wp.com\/multiformas.com.co\/es\/blog\/wp-content\/uploads\/2017\/11\/lombardini-22-coca-cola-HBC-italy-headquarters-designboom-11.jpg?resize=300%2C208&amp;ssl=1 300w, https:\/\/i2.wp.com\/multiformas.com.co\/es\/blog\/wp-content\/uploads\/2017\/11\/lombardini-22-coca-cola-HBC-italy-headquarters-designboom-11.jpg?resize=768%2C531&amp;ssl=1 768w\" sizes=\"(max-width: 640px) 100vw, 640px\" data-attachment-id=\"224\" data-permalink=\"https:\/\/multiformas.com.co\/es\/blog\/2017\/11\/10\/la-imagen-corporativa-de-las-grandes-empresas\/lombardini-22-coca-cola-hbc-italy-headquarters-designboom-11\/\" data-orig-file=\"https:\/\/i2.wp.com\/multiformas.com.co\/es\/blog\/wp-content\/uploads\/2017\/11\/lombardini-22-coca-cola-HBC-italy-headquarters-designboom-11.jpg?fit=818%2C566&amp;ssl=1\" data-orig-size=\"818,566\" data-comments-opened=\"1\" data-image-meta=\"{&quot;aperture&quot;:&quot;0&quot;,&quot;credit&quot;:&quot;&quot;,&quot;camera&quot;:&quot;&quot;,&quot;caption&quot;:&quot;&quot;,&quot;created_timestamp&quot;:&quot;0&quot;,&quot;copyright&quot;:&quot;&quot;,&quot;focal_length&quot;:&quot;0&quot;,&quot;iso&quot;:&quot;0&quot;,&quot;shutter_speed&quot;:&quot;0&quot;,&quot;title&quot;:&quot;&quot;,&quot;orientation&quot;:&quot;0&quot;}\" data-image-title=\"lombardini-22-coca-cola-HBC-italy-headquarters-designboom-11\" data-image-description=\"\" data-medium-file=\"https:\/\/i2.wp.com\/multiformas.com.co\/es\/blog\/wp-content\/uploads\/2017\/11\/lombardini-22-coca-cola-HBC-italy-headquarters-designboom-11.jpg?fit=300%2C208&amp;ssl=1\" data-large-file=\"https:\/\/i2.wp.com\/multiformas.com.co\/es\/blog\/wp-content\/uploads\/2017\/11\/lombardini-22-coca-cola-HBC-italy-headquarters-designboom-11.jpg?fit=640%2C443&amp;ssl=1\" \/>\n\t\t\t<\/div>\n\t\t\t\t<figcaption class='wp-caption-text gallery-caption' id='gallery-1-224'>\n\t\t\t\tCoca-Cola, sede Italia. Foto: designboom.com\n\t\t\t\t<\/figcaption><\/figure><figure class='gallery-item'>\n\t\t\t<div class='gallery-icon landscape'>\n\t\t\t\t<img width=\"670\" height=\"446\" src=\"https:\/\/i1.wp.com\/multiformas.com.co\/es\/blog\/wp-content\/uploads\/2017\/11\/002_MG_2167.jpg?fit=670%2C446&amp;ssl=1\" class=\"attachment-full size-full\" alt=\"\" loading=\"lazy\" aria-describedby=\"gallery-1-225\" srcset=\"https:\/\/i1.wp.com\/multiformas.com.co\/es\/blog\/wp-content\/uploads\/2017\/11\/002_MG_2167.jpg?w=670&amp;ssl=1 670w, https:\/\/i1.wp.com\/multiformas.com.co\/es\/blog\/wp-content\/uploads\/2017\/11\/002_MG_2167.jpg?resize=300%2C200&amp;ssl=1 300w, https:\/\/i1.wp.com\/multiformas.com.co\/es\/blog\/wp-content\/uploads\/2017\/11\/002_MG_2167.jpg?resize=90%2C60&amp;ssl=1 90w\" sizes=\"(max-width: 640px) 100vw, 640px\" data-attachment-id=\"225\" data-permalink=\"https:\/\/multiformas.com.co\/es\/blog\/2017\/11\/10\/la-imagen-corporativa-de-las-grandes-empresas\/002_mg_2167\/\" data-orig-file=\"https:\/\/i1.wp.com\/multiformas.com.co\/es\/blog\/wp-content\/uploads\/2017\/11\/002_MG_2167.jpg?fit=670%2C446&amp;ssl=1\" data-orig-size=\"670,446\" data-comments-opened=\"1\" data-image-meta=\"{&quot;aperture&quot;:&quot;5&quot;,&quot;credit&quot;:&quot;&quot;,&quot;camera&quot;:&quot;Canon EOS 5D Mark II&quot;,&quot;caption&quot;:&quot;&quot;,&quot;created_timestamp&quot;:&quot;1347375676&quot;,&quot;copyright&quot;:&quot;&quot;,&quot;focal_length&quot;:&quot;28&quot;,&quot;iso&quot;:&quot;400&quot;,&quot;shutter_speed&quot;:&quot;0.05&quot;,&quot;title&quot;:&quot;&quot;,&quot;orientation&quot;:&quot;1&quot;}\" data-image-title=\"002_MG_2167\" data-image-description=\"\" data-medium-file=\"https:\/\/i1.wp.com\/multiformas.com.co\/es\/blog\/wp-content\/uploads\/2017\/11\/002_MG_2167.jpg?fit=300%2C200&amp;ssl=1\" data-large-file=\"https:\/\/i1.wp.com\/multiformas.com.co\/es\/blog\/wp-content\/uploads\/2017\/11\/002_MG_2167.jpg?fit=640%2C426&amp;ssl=1\" \/>\n\t\t\t<\/div>\n\t\t\t\t<figcaption class='wp-caption-text gallery-caption' id='gallery-1-225'>\n\t\t\t\tCoca-Cola. Foto: jedharrisonfolio.com\n\t\t\t\t<\/figcaption><\/figure><figure class='gallery-item'>\n\t\t\t<div class='gallery-icon landscape'>\n\t\t\t\t<img width=\"1120\" height=\"545\" src=\"https:\/\/i0.wp.com\/multiformas.com.co\/es\/blog\/wp-content\/uploads\/2017\/11\/20140620-082251.jpg?fit=1120%2C545&amp;ssl=1\" class=\"attachment-full size-full\" alt=\"\" loading=\"lazy\" aria-describedby=\"gallery-1-226\" srcset=\"https:\/\/i0.wp.com\/multiformas.com.co\/es\/blog\/wp-content\/uploads\/2017\/11\/20140620-082251.jpg?w=1120&amp;ssl=1 1120w, https:\/\/i0.wp.com\/multiformas.com.co\/es\/blog\/wp-content\/uploads\/2017\/11\/20140620-082251.jpg?resize=300%2C146&amp;ssl=1 300w, https:\/\/i0.wp.com\/multiformas.com.co\/es\/blog\/wp-content\/uploads\/2017\/11\/20140620-082251.jpg?resize=768%2C374&amp;ssl=1 768w, https:\/\/i0.wp.com\/multiformas.com.co\/es\/blog\/wp-content\/uploads\/2017\/11\/20140620-082251.jpg?resize=1024%2C498&amp;ssl=1 1024w\" sizes=\"(max-width: 640px) 100vw, 640px\" data-attachment-id=\"226\" data-permalink=\"https:\/\/multiformas.com.co\/es\/blog\/2017\/11\/10\/la-imagen-corporativa-de-las-grandes-empresas\/20140620-082251\/\" data-orig-file=\"https:\/\/i0.wp.com\/multiformas.com.co\/es\/blog\/wp-content\/uploads\/2017\/11\/20140620-082251.jpg?fit=1120%2C545&amp;ssl=1\" data-orig-size=\"1120,545\" data-comments-opened=\"1\" data-image-meta=\"{&quot;aperture&quot;:&quot;0&quot;,&quot;credit&quot;:&quot;&quot;,&quot;camera&quot;:&quot;&quot;,&quot;caption&quot;:&quot;&quot;,&quot;created_timestamp&quot;:&quot;0&quot;,&quot;copyright&quot;:&quot;&quot;,&quot;focal_length&quot;:&quot;0&quot;,&quot;iso&quot;:&quot;0&quot;,&quot;shutter_speed&quot;:&quot;0&quot;,&quot;title&quot;:&quot;&quot;,&quot;orientation&quot;:&quot;1&quot;}\" data-image-title=\"20140620-082251\" data-image-description=\"\" data-medium-file=\"https:\/\/i0.wp.com\/multiformas.com.co\/es\/blog\/wp-content\/uploads\/2017\/11\/20140620-082251.jpg?fit=300%2C146&amp;ssl=1\" data-large-file=\"https:\/\/i0.wp.com\/multiformas.com.co\/es\/blog\/wp-content\/uploads\/2017\/11\/20140620-082251.jpg?fit=640%2C311&amp;ssl=1\" \/>\n\t\t\t<\/div>\n\t\t\t\t<figcaption class='wp-caption-text gallery-caption' id='gallery-1-226'>\n\t\t\t\tWalt Disney Company, sede Rusia. Foto: matic.com.my\n\t\t\t\t<\/figcaption><\/figure><figure class='gallery-item'>\n\t\t\t<div class='gallery-icon landscape'>\n\t\t\t\t<img width=\"1120\" height=\"894\" src=\"https:\/\/i2.wp.com\/multiformas.com.co\/es\/blog\/wp-content\/uploads\/2017\/11\/154589.jpg?fit=1120%2C894&amp;ssl=1\" class=\"attachment-full size-full\" alt=\"\" loading=\"lazy\" aria-describedby=\"gallery-1-227\" srcset=\"https:\/\/i2.wp.com\/multiformas.com.co\/es\/blog\/wp-content\/uploads\/2017\/11\/154589.jpg?w=1120&amp;ssl=1 1120w, https:\/\/i2.wp.com\/multiformas.com.co\/es\/blog\/wp-content\/uploads\/2017\/11\/154589.jpg?resize=300%2C239&amp;ssl=1 300w, https:\/\/i2.wp.com\/multiformas.com.co\/es\/blog\/wp-content\/uploads\/2017\/11\/154589.jpg?resize=768%2C613&amp;ssl=1 768w, https:\/\/i2.wp.com\/multiformas.com.co\/es\/blog\/wp-content\/uploads\/2017\/11\/154589.jpg?resize=1024%2C817&amp;ssl=1 1024w\" sizes=\"(max-width: 640px) 100vw, 640px\" data-attachment-id=\"227\" data-permalink=\"https:\/\/multiformas.com.co\/es\/blog\/2017\/11\/10\/la-imagen-corporativa-de-las-grandes-empresas\/attachment\/154589\/\" data-orig-file=\"https:\/\/i2.wp.com\/multiformas.com.co\/es\/blog\/wp-content\/uploads\/2017\/11\/154589.jpg?fit=1120%2C894&amp;ssl=1\" data-orig-size=\"1120,894\" data-comments-opened=\"1\" data-image-meta=\"{&quot;aperture&quot;:&quot;0&quot;,&quot;credit&quot;:&quot;&quot;,&quot;camera&quot;:&quot;&quot;,&quot;caption&quot;:&quot;&quot;,&quot;created_timestamp&quot;:&quot;0&quot;,&quot;copyright&quot;:&quot;&quot;,&quot;focal_length&quot;:&quot;0&quot;,&quot;iso&quot;:&quot;0&quot;,&quot;shutter_speed&quot;:&quot;0&quot;,&quot;title&quot;:&quot;&quot;,&quot;orientation&quot;:&quot;0&quot;}\" data-image-title=\"154589\" data-image-description=\"\" data-medium-file=\"https:\/\/i2.wp.com\/multiformas.com.co\/es\/blog\/wp-content\/uploads\/2017\/11\/154589.jpg?fit=300%2C239&amp;ssl=1\" data-large-file=\"https:\/\/i2.wp.com\/multiformas.com.co\/es\/blog\/wp-content\/uploads\/2017\/11\/154589.jpg?fit=640%2C511&amp;ssl=1\" \/>\n\t\t\t<\/div>\n\t\t\t\t<figcaption class='wp-caption-text gallery-caption' id='gallery-1-227'>\n\t\t\t\tWalt Disney Company, sede Rusia. Foto: arthitectural.com\n\t\t\t\t<\/figcaption><\/figure>\n\t\t<\/div>\n\n","protected":false},"excerpt":{"rendered":"<p>Las grandes empresas siempre est\u00e1n pendiente de los detalles en cuanto a productos y a su imagen corporativa. La mayor\u00eda enfoca la imagen corporativa en logotipos y empaques, sin embargo <a href=\"https:\/\/multiformas.com.co\/es\/blog\/2017\/11\/10\/la-imagen-corporativa-de-las-grandes-empresas\/\" class=\"read-more button-fancy -red\"><span class=\"btn-arrow\"><\/span><span class=\"twp-read-more text\">Leer m\u00e1s<\/span><\/a><\/p>\n","protected":false},"author":1,"featured_media":213,"comment_status":"closed","ping_status":"open","sticky":false,"template":"","format":"standard","meta":{"advanced_seo_description":"","spay_email":"","jetpack_publicize_message":"","jetpack_is_tweetstorm":false},"categories":[7],"tags":[35,30,32,29,34,27,28,31,26,33],"jetpack_featured_media_url":"https:\/\/i0.wp.com\/multiformas.com.co\/es\/blog\/wp-content\/uploads\/2017\/11\/descarga-2-e1510335128429.jpg?fit=275%2C183&ssl=1","jetpack_publicize_connections":[],"jetpack_sharing_enabled":true,"jetpack_shortlink":"https:\/\/wp.me\/p9kzw1-3o","jetpack_likes_enabled":true,"jetpack-related-posts":[{"id":318,"url":"https:\/\/multiformas.com.co\/es\/blog\/2017\/11\/16\/holanda-renueva-sus-oficinas-ministeriales-con-gran-estilo\/","url_meta":{"origin":210,"position":0},"title":"Holanda renueva sus oficinas ministeriales con gran estilo.","date":"noviembre 16, 2017","format":false,"excerpt":"El edificio Rijnstraat 8 que alberga las oficinas del Ministerio de Vivienda, Planificaci\u00f3n Espacial y Medio Ambiente, es el protagonista de una remodelaci\u00f3n ambiciosa pero inteligente. Esta vez el gobierno no ha premiado a sus empleados con incentivos en moneda corriente, en lugar de eso gobierno de Holanda ha tenido\u2026","rel":"","context":"En \u00abEstilo de Vida\u00bb","img":{"alt_text":"","src":"https:\/\/i2.wp.com\/multiformas.com.co\/es\/blog\/wp-content\/uploads\/2017\/11\/4ec65f96502e4d92b3ce61f458c59756.6e7b65d0.jpg?fit=780%2C520&ssl=1&resize=350%2C200","width":350,"height":200},"classes":[]},{"id":556,"url":"https:\/\/multiformas.com.co\/es\/blog\/2017\/11\/28\/sala-de-lactancia-en-espacios-laborales-lujo-o-necesidad\/","url_meta":{"origin":210,"position":1},"title":"Sala de lactancia en espacios laborales \u00bfLujo o necesidad?","date":"noviembre 28, 2017","format":false,"excerpt":"Fotografia Parents Magazine Cuando una empleada se encuentra en estado de gravidez se ve como un problema para la empresa en el futuro inmediato y en el largo plazo. Ausencias por citas medicas, problemas de salud que surgen en el embarazo y el cansancio comienza hacer estragos en la productividad\u2026","rel":"","context":"En \u00abMobiliario\u00bb","img":{"alt_text":"","src":"https:\/\/i1.wp.com\/multiformas.com.co\/es\/blog\/wp-content\/uploads\/2017\/11\/mom-breastfeeding-baby-1.jpg?fit=1200%2C801&ssl=1&resize=350%2C200","width":350,"height":200},"classes":[]},{"id":1013,"url":"https:\/\/multiformas.com.co\/es\/blog\/2018\/02\/02\/diseno-de-restaurantes-un-plus-para-aumentar-tu-clientela\/","url_meta":{"origin":210,"position":2},"title":"Dise\u00f1o de restaurantes, un plus para aumentar tu clientela.","date":"febrero 2, 2018","format":false,"excerpt":"(Zuma, Londres) \u00a0 Un buen restaurante no depende solo de la calidad y variedad de comida que ofrece el chef, ni de la capacidad f\u00edsica del local, existe un punto muy importante que muchos obvian y es el dise\u00f1o y la decoraci\u00f3n siendo estas las claves para crear un ambiente\u2026","rel":"","context":"En \u00abDecoraci\u00f3n\u00bb","img":{"alt_text":"","src":"https:\/\/i0.wp.com\/multiformas.com.co\/es\/blog\/wp-content\/uploads\/2018\/02\/zuma-restaurant.jpg?fit=550%2C367&ssl=1&resize=350%2C200","width":350,"height":200},"classes":[]},{"id":939,"url":"https:\/\/multiformas.com.co\/es\/blog\/2018\/01\/16\/que-debo-esperar-cuando-contrato-un-experto-en-remodelaciones\/","url_meta":{"origin":210,"position":3},"title":"\u00bfQu\u00e9 debo esperar cuando contrato un experto en remodelaciones?","date":"enero 16, 2018","format":false,"excerpt":"Las empresas siempre desean innovar y estar a la altura de los retos que desean tomar, pero la imagen corporativa que transmiten dentro de sus oficinas y espacios comerciales dejan decepcionados a clientes, proveedores y aliados comerciales, en este punto es cuando deciden hacer una renovaci\u00f3n de sus espacios, sin\u2026","rel":"","context":"En \u00abDecoraci\u00f3n\u00bb","img":{"alt_text":"","src":"https:\/\/i0.wp.com\/multiformas.com.co\/es\/blog\/wp-content\/uploads\/2018\/01\/DSC_0308b.jpg?fit=1006%2C800&ssl=1&resize=350%2C200","width":350,"height":200},"classes":[]},{"id":438,"url":"https:\/\/multiformas.com.co\/es\/blog\/2017\/11\/28\/la-sala-de-espera-el-espacio-mas-importante-de-la-empresa\/","url_meta":{"origin":210,"position":4},"title":"La sala de espera; \u00bfEl espacio m\u00e1s importante de la empresa?","date":"noviembre 28, 2017","format":false,"excerpt":"As\u00ed como los ojos son el espejo del alma, la sala de espera es el reflejo de la empresa, si es apagada, descolorida, incomoda, mal dise\u00f1ada y con el mobiliario de los a\u00f1os 90, no va a tener el impacto que la empresa desea generar en sus clientes y proveedores.\u2026","rel":"","context":"En \u00abMobiliario\u00bb","img":{"alt_text":"","src":"https:\/\/i1.wp.com\/multiformas.com.co\/es\/blog\/wp-content\/uploads\/2017\/11\/pediatric-office-waiting-room-ideas-modern-office-waiting-chairs-office-waiting-area-decor-office-waiting-room-ideas-618x464.jpg?fit=618%2C464&ssl=1&resize=350%2C200","width":350,"height":200},"classes":[]},{"id":1032,"url":"https:\/\/multiformas.com.co\/es\/blog\/2018\/02\/07\/incluye-arte-en-tu-oficina-y-disfruta-del-mejor-estilo\/","url_meta":{"origin":210,"position":5},"title":"Incluye arte en tu oficina y disfruta del mejor estilo.","date":"febrero 7, 2018","format":false,"excerpt":"Las oficinas no son solo un lugar donde se toman y ejecutan decisiones, tambi\u00e9n es un lugar donde trascurre la vida de millones de personas, entonces, \u00bfpor que no hacer de este espacio un lugar mas humano? el arte es la respuesta, te explicamos como. \u00a0 \u00a0 Antes de adquirir\u2026","rel":"","context":"En \u00abDecoraci\u00f3n\u00bb","img":{"alt_text":"","src":"https:\/\/i0.wp.com\/multiformas.com.co\/es\/blog\/wp-content\/uploads\/2018\/02\/arte-oficina-1.jpg?fit=500%2C647&ssl=1&resize=350%2C200","width":350,"height":200},"classes":[]}],"_links":{"self":[{"href":"https:\/\/multiformas.com.co\/es\/blog\/wp-json\/wp\/v2\/posts\/210"}],"collection":[{"href":"https:\/\/multiformas.com.co\/es\/blog\/wp-json\/wp\/v2\/posts"}],"about":[{"href":"https:\/\/multiformas.com.co\/es\/blog\/wp-json\/wp\/v2\/types\/post"}],"author":[{"embeddable":true,"href":"https:\/\/multiformas.com.co\/es\/blog\/wp-json\/wp\/v2\/users\/1"}],"replies":[{"embeddable":true,"href":"https:\/\/multiformas.com.co\/es\/blog\/wp-json\/wp\/v2\/comments?post=210"}],"version-history":[{"count":11,"href":"https:\/\/multiformas.com.co\/es\/blog\/wp-json\/wp\/v2\/posts\/210\/revisions"}],"predecessor-version":[{"id":273,"href":"https:\/\/multiformas.com.co\/es\/blog\/wp-json\/wp\/v2\/posts\/210\/revisions\/273"}],"wp:featuredmedia":[{"embeddable":true,"href":"https:\/\/multiformas.com.co\/es\/blog\/wp-json\/wp\/v2\/media\/213"}],"wp:attachment":[{"href":"https:\/\/multiformas.com.co\/es\/blog\/wp-json\/wp\/v2\/media?parent=210"}],"wp:term":[{"taxonomy":"category","embeddable":true,"href":"https:\/\/multiformas.com.co\/es\/blog\/wp-json\/wp\/v2\/categories?post=210"},{"taxonomy":"post_tag","embeddable":true,"href":"https:\/\/multiformas.com.co\/es\/blog\/wp-json\/wp\/v2\/tags?post=210"}],"curies":[{"name":"wp","href":"https:\/\/api.w.org\/{rel}","templated":true}]}}