{"id":275,"date":"2017-11-14T23:10:06","date_gmt":"2017-11-14T23:10:06","guid":{"rendered":"https:\/\/multiformas.com.co\/es\/blog\/?p=275"},"modified":"2018-02-21T00:18:25","modified_gmt":"2018-02-21T00:18:25","slug":"10-lamparas-de-escritorio-que-daran-un-toque-original-tu-oficina","status":"publish","type":"post","link":"https:\/\/multiformas.com.co\/es\/blog\/2017\/11\/14\/10-lamparas-de-escritorio-que-daran-un-toque-original-tu-oficina\/","title":{"rendered":"10 l\u00e1mparas de escritorio que dar\u00e1n un toque original tu oficina."},"content":{"rendered":"<p>Cada oficina tiene su estilo de iluminaci\u00f3n y las l\u00e1mparas siempre han sido necesarias en todas las \u00e9pocas desde que apareci\u00f3 la electricidad, en la actualidad el objetivo de tener una no solo es iluminar un espacio, ahora buscamos representar nuestro estilo en este objeto como si se tratara de una pieza de arte y decoraci\u00f3n.<\/p>\n<p>En este sentido, la tendencia puede marcar categ\u00f3ricamente nuestra decisi\u00f3n al momento de adquirir una l\u00e1mpara, podemos inclinar la balanza hacia un estilo cl\u00e1sico, contempor\u00e1neo, industrial, escandinavo y minimalista, incluso bohemio. Todo es v\u00e1lido, solo hay que tener car\u00e1cter para escoger una pieza que nos identifique.<\/p>\n<p>Aqui te mostrare algunos de los dise\u00f1os mas vanguardistas que seguro enamoraran a todos los que pasen por tu oficina.<\/p>\n<p>&nbsp;<\/p>\n<h2 style=\"text-align: center;\"><em><strong>Cairo\u00a0<\/strong><\/em><\/h2>\n<p>&nbsp;<\/p>\n<figure id=\"attachment_280\" aria-describedby=\"caption-attachment-280\" style=\"width: 300px\" class=\"wp-caption aligncenter\"><img data-attachment-id=\"280\" data-permalink=\"https:\/\/multiformas.com.co\/es\/blog\/2017\/11\/14\/10-lamparas-de-escritorio-que-daran-un-toque-original-tu-oficina\/cairo-peterreidlinghting\/\" data-orig-file=\"https:\/\/i0.wp.com\/multiformas.com.co\/es\/blog\/wp-content\/uploads\/2017\/11\/cairo-peterreidlinghting.jpg?fit=472%2C472&amp;ssl=1\" data-orig-size=\"472,472\" data-comments-opened=\"1\" data-image-meta=\"{&quot;aperture&quot;:&quot;0&quot;,&quot;credit&quot;:&quot;&quot;,&quot;camera&quot;:&quot;&quot;,&quot;caption&quot;:&quot;&quot;,&quot;created_timestamp&quot;:&quot;0&quot;,&quot;copyright&quot;:&quot;&quot;,&quot;focal_length&quot;:&quot;0&quot;,&quot;iso&quot;:&quot;0&quot;,&quot;shutter_speed&quot;:&quot;0&quot;,&quot;title&quot;:&quot;&quot;,&quot;orientation&quot;:&quot;0&quot;}\" data-image-title=\"cairo &#8211; peterreidlinghting\" data-image-description=\"\" data-medium-file=\"https:\/\/i0.wp.com\/multiformas.com.co\/es\/blog\/wp-content\/uploads\/2017\/11\/cairo-peterreidlinghting.jpg?fit=300%2C300&amp;ssl=1\" data-large-file=\"https:\/\/i0.wp.com\/multiformas.com.co\/es\/blog\/wp-content\/uploads\/2017\/11\/cairo-peterreidlinghting.jpg?fit=472%2C472&amp;ssl=1\" loading=\"lazy\" class=\"size-medium wp-image-280\" src=\"https:\/\/i0.wp.com\/multiformas.com.co\/es\/blog\/wp-content\/uploads\/2017\/11\/cairo-peterreidlinghting.jpg?resize=300%2C300&#038;ssl=1\" alt=\"\" width=\"300\" height=\"300\" srcset=\"https:\/\/i0.wp.com\/multiformas.com.co\/es\/blog\/wp-content\/uploads\/2017\/11\/cairo-peterreidlinghting.jpg?resize=300%2C300&amp;ssl=1 300w, https:\/\/i0.wp.com\/multiformas.com.co\/es\/blog\/wp-content\/uploads\/2017\/11\/cairo-peterreidlinghting.jpg?resize=150%2C150&amp;ssl=1 150w, https:\/\/i0.wp.com\/multiformas.com.co\/es\/blog\/wp-content\/uploads\/2017\/11\/cairo-peterreidlinghting.jpg?w=472&amp;ssl=1 472w\" sizes=\"(max-width: 300px) 100vw, 300px\" data-recalc-dims=\"1\" \/><figcaption id=\"caption-attachment-280\" class=\"wp-caption-text\">peterreidlinghting<\/figcaption><\/figure>\n<p>&nbsp;<\/p>\n<p>Esta hermosa l\u00e1mpara de escritorio dise\u00f1ada por <a href=\"https:\/\/www.mullanlighting.com\/en\/\">Mullan Lighting<\/a> esta inspirada en los a\u00f1os 50, ofrece un enfoque de luz perfecto para leer o visualizar im\u00e1genes, esta hecha a mano en acero y lat\u00f3n pulido, en colores negro mate y oro ofrece un contraste lleno de glamur.<\/p>\n<p>&nbsp;<\/p>\n<h2 style=\"text-align: center;\"><em><strong>Luna<\/strong><\/em><\/h2>\n<p>&nbsp;<\/p>\n<figure id=\"attachment_281\" aria-describedby=\"caption-attachment-281\" style=\"width: 300px\" class=\"wp-caption aligncenter\"><img data-attachment-id=\"281\" data-permalink=\"https:\/\/multiformas.com.co\/es\/blog\/2017\/11\/14\/10-lamparas-de-escritorio-que-daran-un-toque-original-tu-oficina\/luna-arterios\/\" data-orig-file=\"https:\/\/i0.wp.com\/multiformas.com.co\/es\/blog\/wp-content\/uploads\/2017\/11\/Luna-arterios.jpg?fit=618%2C489&amp;ssl=1\" data-orig-size=\"618,489\" data-comments-opened=\"1\" data-image-meta=\"{&quot;aperture&quot;:&quot;0&quot;,&quot;credit&quot;:&quot;user&quot;,&quot;camera&quot;:&quot;&quot;,&quot;caption&quot;:&quot;&quot;,&quot;created_timestamp&quot;:&quot;1510665140&quot;,&quot;copyright&quot;:&quot;&quot;,&quot;focal_length&quot;:&quot;0&quot;,&quot;iso&quot;:&quot;0&quot;,&quot;shutter_speed&quot;:&quot;0&quot;,&quot;title&quot;:&quot;&quot;,&quot;orientation&quot;:&quot;0&quot;}\" data-image-title=\"Luna &#8211; arterios\" data-image-description=\"\" data-medium-file=\"https:\/\/i0.wp.com\/multiformas.com.co\/es\/blog\/wp-content\/uploads\/2017\/11\/Luna-arterios.jpg?fit=300%2C237&amp;ssl=1\" data-large-file=\"https:\/\/i0.wp.com\/multiformas.com.co\/es\/blog\/wp-content\/uploads\/2017\/11\/Luna-arterios.jpg?fit=618%2C489&amp;ssl=1\" loading=\"lazy\" class=\"wp-image-281 size-medium\" src=\"https:\/\/i0.wp.com\/multiformas.com.co\/es\/blog\/wp-content\/uploads\/2017\/11\/Luna-arterios.jpg?resize=300%2C237&#038;ssl=1\" alt=\"\" width=\"300\" height=\"237\" srcset=\"https:\/\/i0.wp.com\/multiformas.com.co\/es\/blog\/wp-content\/uploads\/2017\/11\/Luna-arterios.jpg?resize=300%2C237&amp;ssl=1 300w, https:\/\/i0.wp.com\/multiformas.com.co\/es\/blog\/wp-content\/uploads\/2017\/11\/Luna-arterios.jpg?w=618&amp;ssl=1 618w\" sizes=\"(max-width: 300px) 100vw, 300px\" data-recalc-dims=\"1\" \/><figcaption id=\"caption-attachment-281\" class=\"wp-caption-text\">Arteriors<\/figcaption><\/figure>\n<p>&nbsp;<\/p>\n<p>Luna representa la elegancia minimalista, hecha en hierro te traslada al espacio y puedes exhibirla como una obra de arte.<\/p>\n<p>&nbsp;<\/p>\n<h2 style=\"text-align: center;\"><em><strong>Fleeetwood<\/strong><\/em><\/h2>\n<p>&nbsp;<\/p>\n<figure id=\"attachment_282\" aria-describedby=\"caption-attachment-282\" style=\"width: 300px\" class=\"wp-caption aligncenter\"><img data-attachment-id=\"282\" data-permalink=\"https:\/\/multiformas.com.co\/es\/blog\/2017\/11\/14\/10-lamparas-de-escritorio-que-daran-un-toque-original-tu-oficina\/fleetwood-arteriors-2\/\" data-orig-file=\"https:\/\/i1.wp.com\/multiformas.com.co\/es\/blog\/wp-content\/uploads\/2017\/11\/fleetwood-arteriors-2.jpg?fit=641%2C415&amp;ssl=1\" data-orig-size=\"641,415\" data-comments-opened=\"1\" data-image-meta=\"{&quot;aperture&quot;:&quot;0&quot;,&quot;credit&quot;:&quot;user&quot;,&quot;camera&quot;:&quot;&quot;,&quot;caption&quot;:&quot;&quot;,&quot;created_timestamp&quot;:&quot;1510665433&quot;,&quot;copyright&quot;:&quot;&quot;,&quot;focal_length&quot;:&quot;0&quot;,&quot;iso&quot;:&quot;0&quot;,&quot;shutter_speed&quot;:&quot;0&quot;,&quot;title&quot;:&quot;&quot;,&quot;orientation&quot;:&quot;0&quot;}\" data-image-title=\"fleetwood &#8211; arteriors 2\" data-image-description=\"\" data-medium-file=\"https:\/\/i1.wp.com\/multiformas.com.co\/es\/blog\/wp-content\/uploads\/2017\/11\/fleetwood-arteriors-2.jpg?fit=300%2C194&amp;ssl=1\" data-large-file=\"https:\/\/i1.wp.com\/multiformas.com.co\/es\/blog\/wp-content\/uploads\/2017\/11\/fleetwood-arteriors-2.jpg?fit=640%2C414&amp;ssl=1\" loading=\"lazy\" class=\"size-medium wp-image-282\" src=\"https:\/\/i1.wp.com\/multiformas.com.co\/es\/blog\/wp-content\/uploads\/2017\/11\/fleetwood-arteriors-2.jpg?resize=300%2C194&#038;ssl=1\" alt=\"\" width=\"300\" height=\"194\" srcset=\"https:\/\/i1.wp.com\/multiformas.com.co\/es\/blog\/wp-content\/uploads\/2017\/11\/fleetwood-arteriors-2.jpg?resize=300%2C194&amp;ssl=1 300w, https:\/\/i1.wp.com\/multiformas.com.co\/es\/blog\/wp-content\/uploads\/2017\/11\/fleetwood-arteriors-2.jpg?w=641&amp;ssl=1 641w\" sizes=\"(max-width: 300px) 100vw, 300px\" data-recalc-dims=\"1\" \/><figcaption id=\"caption-attachment-282\" class=\"wp-caption-text\">arteriors<\/figcaption><\/figure>\n<p><img data-attachment-id=\"283\" data-permalink=\"https:\/\/multiformas.com.co\/es\/blog\/2017\/11\/14\/10-lamparas-de-escritorio-que-daran-un-toque-original-tu-oficina\/fleetwood-arteriors\/\" data-orig-file=\"https:\/\/i0.wp.com\/multiformas.com.co\/es\/blog\/wp-content\/uploads\/2017\/11\/Fleetwood-arteriors.jpg?fit=620%2C458&amp;ssl=1\" data-orig-size=\"620,458\" data-comments-opened=\"1\" data-image-meta=\"{&quot;aperture&quot;:&quot;0&quot;,&quot;credit&quot;:&quot;user&quot;,&quot;camera&quot;:&quot;&quot;,&quot;caption&quot;:&quot;&quot;,&quot;created_timestamp&quot;:&quot;1510665313&quot;,&quot;copyright&quot;:&quot;&quot;,&quot;focal_length&quot;:&quot;0&quot;,&quot;iso&quot;:&quot;0&quot;,&quot;shutter_speed&quot;:&quot;0&quot;,&quot;title&quot;:&quot;&quot;,&quot;orientation&quot;:&quot;0&quot;}\" data-image-title=\"Fleetwood &#8211; arteriors\" data-image-description=\"\" data-medium-file=\"https:\/\/i0.wp.com\/multiformas.com.co\/es\/blog\/wp-content\/uploads\/2017\/11\/Fleetwood-arteriors.jpg?fit=300%2C222&amp;ssl=1\" data-large-file=\"https:\/\/i0.wp.com\/multiformas.com.co\/es\/blog\/wp-content\/uploads\/2017\/11\/Fleetwood-arteriors.jpg?fit=620%2C458&amp;ssl=1\" loading=\"lazy\" class=\"aligncenter size-medium wp-image-283\" src=\"https:\/\/i0.wp.com\/multiformas.com.co\/es\/blog\/wp-content\/uploads\/2017\/11\/Fleetwood-arteriors.jpg?resize=300%2C222&#038;ssl=1\" alt=\"\" width=\"300\" height=\"222\" srcset=\"https:\/\/i0.wp.com\/multiformas.com.co\/es\/blog\/wp-content\/uploads\/2017\/11\/Fleetwood-arteriors.jpg?resize=300%2C222&amp;ssl=1 300w, https:\/\/i0.wp.com\/multiformas.com.co\/es\/blog\/wp-content\/uploads\/2017\/11\/Fleetwood-arteriors.jpg?w=620&amp;ssl=1 620w\" sizes=\"(max-width: 300px) 100vw, 300px\" data-recalc-dims=\"1\" \/><\/p>\n<p>&nbsp;<\/p>\n<p>La originalidad es el segundo nombre de esta l\u00e1mpara, con arcos ajustables que reducen la cantidad de luz que se desea, dando un toque \u00fanico para oficinas con estilo industrial y vintage, como si se tratara del laboratorio de un inventor del siglo pasado. Hecha en acero con base de m\u00e1rmol.<\/p>\n<p>&nbsp;<\/p>\n<h2 style=\"text-align: center;\"><em><strong>Dalton<\/strong><\/em><\/h2>\n<p>&nbsp;<\/p>\n<figure id=\"attachment_284\" aria-describedby=\"caption-attachment-284\" style=\"width: 300px\" class=\"wp-caption aligncenter\"><img data-attachment-id=\"284\" data-permalink=\"https:\/\/multiformas.com.co\/es\/blog\/2017\/11\/14\/10-lamparas-de-escritorio-que-daran-un-toque-original-tu-oficina\/dalton-arteriors\/\" data-orig-file=\"https:\/\/i0.wp.com\/multiformas.com.co\/es\/blog\/wp-content\/uploads\/2017\/11\/dalton-arteriors.jpg?fit=470%2C444&amp;ssl=1\" data-orig-size=\"470,444\" data-comments-opened=\"1\" data-image-meta=\"{&quot;aperture&quot;:&quot;0&quot;,&quot;credit&quot;:&quot;user&quot;,&quot;camera&quot;:&quot;&quot;,&quot;caption&quot;:&quot;&quot;,&quot;created_timestamp&quot;:&quot;1510665888&quot;,&quot;copyright&quot;:&quot;&quot;,&quot;focal_length&quot;:&quot;0&quot;,&quot;iso&quot;:&quot;0&quot;,&quot;shutter_speed&quot;:&quot;0&quot;,&quot;title&quot;:&quot;&quot;,&quot;orientation&quot;:&quot;0&quot;}\" data-image-title=\"dalton &#8211; arteriors\" data-image-description=\"\" data-medium-file=\"https:\/\/i0.wp.com\/multiformas.com.co\/es\/blog\/wp-content\/uploads\/2017\/11\/dalton-arteriors.jpg?fit=300%2C283&amp;ssl=1\" data-large-file=\"https:\/\/i0.wp.com\/multiformas.com.co\/es\/blog\/wp-content\/uploads\/2017\/11\/dalton-arteriors.jpg?fit=470%2C444&amp;ssl=1\" loading=\"lazy\" class=\"size-medium wp-image-284\" src=\"https:\/\/i0.wp.com\/multiformas.com.co\/es\/blog\/wp-content\/uploads\/2017\/11\/dalton-arteriors.jpg?resize=300%2C283&#038;ssl=1\" alt=\"\" width=\"300\" height=\"283\" srcset=\"https:\/\/i0.wp.com\/multiformas.com.co\/es\/blog\/wp-content\/uploads\/2017\/11\/dalton-arteriors.jpg?resize=300%2C283&amp;ssl=1 300w, https:\/\/i0.wp.com\/multiformas.com.co\/es\/blog\/wp-content\/uploads\/2017\/11\/dalton-arteriors.jpg?w=470&amp;ssl=1 470w\" sizes=\"(max-width: 300px) 100vw, 300px\" data-recalc-dims=\"1\" \/><figcaption id=\"caption-attachment-284\" class=\"wp-caption-text\">arteriors<\/figcaption><\/figure>\n<p>&nbsp;<\/p>\n<p>Dalton es una l\u00e1mpara para escritorio muy particular, suele ubicarse en una esquina hacia la pared, si\u00a0 tu oficina esta dise\u00f1ada como la de <a href=\"https:\/\/multiformas.com.co\/es\/blog\/2017\/11\/09\/la-oficina-de-miranda-presley\/\">Miranda Presley\u00a0<\/a>con el escritorio a un costado y pegado a la pared esta es la opci\u00f3n ideal. Con lineas limpias, pantalla de tela de lino, acabados de lat\u00f3n y acero color oro, da un toque natural y vintage a tu oficina.<\/p>\n<p>&nbsp;<\/p>\n<h2 style=\"text-align: center;\"><em><strong>Espinot<\/strong><\/em><\/h2>\n<p>&nbsp;<\/p>\n<figure id=\"attachment_285\" aria-describedby=\"caption-attachment-285\" style=\"width: 300px\" class=\"wp-caption aligncenter\"><img data-attachment-id=\"285\" data-permalink=\"https:\/\/multiformas.com.co\/es\/blog\/2017\/11\/14\/10-lamparas-de-escritorio-que-daran-un-toque-original-tu-oficina\/racer-robert-abbey\/\" data-orig-file=\"https:\/\/i2.wp.com\/multiformas.com.co\/es\/blog\/wp-content\/uploads\/2017\/11\/racer-robert-abbey.jpg?fit=480%2C480&amp;ssl=1\" data-orig-size=\"480,480\" data-comments-opened=\"1\" data-image-meta=\"{&quot;aperture&quot;:&quot;0&quot;,&quot;credit&quot;:&quot;&quot;,&quot;camera&quot;:&quot;&quot;,&quot;caption&quot;:&quot;&quot;,&quot;created_timestamp&quot;:&quot;0&quot;,&quot;copyright&quot;:&quot;&quot;,&quot;focal_length&quot;:&quot;0&quot;,&quot;iso&quot;:&quot;0&quot;,&quot;shutter_speed&quot;:&quot;0&quot;,&quot;title&quot;:&quot;&quot;,&quot;orientation&quot;:&quot;0&quot;}\" data-image-title=\"racer- robert abbey\" data-image-description=\"\" data-medium-file=\"https:\/\/i2.wp.com\/multiformas.com.co\/es\/blog\/wp-content\/uploads\/2017\/11\/racer-robert-abbey.jpg?fit=300%2C300&amp;ssl=1\" data-large-file=\"https:\/\/i2.wp.com\/multiformas.com.co\/es\/blog\/wp-content\/uploads\/2017\/11\/racer-robert-abbey.jpg?fit=480%2C480&amp;ssl=1\" loading=\"lazy\" class=\"size-medium wp-image-285\" src=\"https:\/\/i2.wp.com\/multiformas.com.co\/es\/blog\/wp-content\/uploads\/2017\/11\/racer-robert-abbey.jpg?resize=300%2C300&#038;ssl=1\" alt=\"\" width=\"300\" height=\"300\" srcset=\"https:\/\/i2.wp.com\/multiformas.com.co\/es\/blog\/wp-content\/uploads\/2017\/11\/racer-robert-abbey.jpg?resize=300%2C300&amp;ssl=1 300w, https:\/\/i2.wp.com\/multiformas.com.co\/es\/blog\/wp-content\/uploads\/2017\/11\/racer-robert-abbey.jpg?resize=150%2C150&amp;ssl=1 150w, https:\/\/i2.wp.com\/multiformas.com.co\/es\/blog\/wp-content\/uploads\/2017\/11\/racer-robert-abbey.jpg?w=480&amp;ssl=1 480w\" sizes=\"(max-width: 300px) 100vw, 300px\" data-recalc-dims=\"1\" \/><figcaption id=\"caption-attachment-285\" class=\"wp-caption-text\">Robert Abbey<\/figcaption><\/figure>\n<p>&nbsp;<\/p>\n<p>Creada por el dise\u00f1ador de l\u00e1mparas Rico Espinet conocido por entregar piezas po\u00e9ticas combinadas con lineas limpias y formas simples, tenemos esta lampara ajustable y muy contempor\u00e1nea que particularmente me recuerda a Cruela de Vil (la villana millonaria y sofisticada de los 101 Dalmatas), esta hecha en n\u00edquel pulido, mantiene una forma c\u00f3nica en la base y esta dise\u00f1ada en curva mostrando una silueta intrigante.<\/p>\n<p>&nbsp;<\/p>\n<h2 style=\"text-align: center;\"><em><strong>Silver Accent<\/strong><\/em><\/h2>\n<p>&nbsp;<\/p>\n<figure id=\"attachment_286\" aria-describedby=\"caption-attachment-286\" style=\"width: 300px\" class=\"wp-caption aligncenter\"><img data-attachment-id=\"286\" data-permalink=\"https:\/\/multiformas.com.co\/es\/blog\/2017\/11\/14\/10-lamparas-de-escritorio-que-daran-un-toque-original-tu-oficina\/silver-accent-lamp-plus\/\" data-orig-file=\"https:\/\/i0.wp.com\/multiformas.com.co\/es\/blog\/wp-content\/uploads\/2017\/11\/silver-accent-lamp-plus.jpg?fit=480%2C480&amp;ssl=1\" data-orig-size=\"480,480\" data-comments-opened=\"1\" data-image-meta=\"{&quot;aperture&quot;:&quot;0&quot;,&quot;credit&quot;:&quot;&quot;,&quot;camera&quot;:&quot;&quot;,&quot;caption&quot;:&quot;&quot;,&quot;created_timestamp&quot;:&quot;0&quot;,&quot;copyright&quot;:&quot;&quot;,&quot;focal_length&quot;:&quot;0&quot;,&quot;iso&quot;:&quot;0&quot;,&quot;shutter_speed&quot;:&quot;0&quot;,&quot;title&quot;:&quot;&quot;,&quot;orientation&quot;:&quot;0&quot;}\" data-image-title=\"silver accent &#8211; lamp plus\" data-image-description=\"\" data-medium-file=\"https:\/\/i0.wp.com\/multiformas.com.co\/es\/blog\/wp-content\/uploads\/2017\/11\/silver-accent-lamp-plus.jpg?fit=300%2C300&amp;ssl=1\" data-large-file=\"https:\/\/i0.wp.com\/multiformas.com.co\/es\/blog\/wp-content\/uploads\/2017\/11\/silver-accent-lamp-plus.jpg?fit=480%2C480&amp;ssl=1\" loading=\"lazy\" class=\"size-medium wp-image-286\" src=\"https:\/\/i0.wp.com\/multiformas.com.co\/es\/blog\/wp-content\/uploads\/2017\/11\/silver-accent-lamp-plus.jpg?resize=300%2C300&#038;ssl=1\" alt=\"\" width=\"300\" height=\"300\" srcset=\"https:\/\/i0.wp.com\/multiformas.com.co\/es\/blog\/wp-content\/uploads\/2017\/11\/silver-accent-lamp-plus.jpg?resize=300%2C300&amp;ssl=1 300w, https:\/\/i0.wp.com\/multiformas.com.co\/es\/blog\/wp-content\/uploads\/2017\/11\/silver-accent-lamp-plus.jpg?resize=150%2C150&amp;ssl=1 150w, https:\/\/i0.wp.com\/multiformas.com.co\/es\/blog\/wp-content\/uploads\/2017\/11\/silver-accent-lamp-plus.jpg?w=480&amp;ssl=1 480w\" sizes=\"(max-width: 300px) 100vw, 300px\" data-recalc-dims=\"1\" \/><figcaption id=\"caption-attachment-286\" class=\"wp-caption-text\">koncept<\/figcaption><\/figure>\n<p>&nbsp;<\/p>\n<p>Esta l\u00e1mpara destaca por su original figura en forma de arco, produce un brillo suave y c\u00e1lido, se enciende, apaga y aten\u00faa la luz con tan solo un toque de tus dedos, una funci\u00f3n muy a adaptada a nuestra era t\u00e1ctil. En cualquier escritorio estacara su presencia elegante, moderna, funcional y divertida, posee luz led lo que nos garantiza ahorro de energ\u00eda, una alternativa para <a href=\"https:\/\/multiformas.com.co\/es\/blog\/2017\/10\/27\/como-tener-una-oficina-ecologia-en-4-pasos\/\">oficinas ecol\u00f3gicas<\/a>.<\/p>\n<p>&nbsp;<\/p>\n<h2 style=\"text-align: center;\"><strong><em>Yellow<\/em><\/strong><\/h2>\n<p>&nbsp;<\/p>\n<p>&nbsp;<\/p>\n<figure id=\"attachment_287\" aria-describedby=\"caption-attachment-287\" style=\"width: 300px\" class=\"wp-caption aligncenter\"><img data-attachment-id=\"287\" data-permalink=\"https:\/\/multiformas.com.co\/es\/blog\/2017\/11\/14\/10-lamparas-de-escritorio-que-daran-un-toque-original-tu-oficina\/yellow-lamp-plus\/\" data-orig-file=\"https:\/\/i2.wp.com\/multiformas.com.co\/es\/blog\/wp-content\/uploads\/2017\/11\/yellow-lamp-plus.jpg?fit=480%2C480&amp;ssl=1\" data-orig-size=\"480,480\" data-comments-opened=\"1\" data-image-meta=\"{&quot;aperture&quot;:&quot;0&quot;,&quot;credit&quot;:&quot;&quot;,&quot;camera&quot;:&quot;&quot;,&quot;caption&quot;:&quot;&quot;,&quot;created_timestamp&quot;:&quot;0&quot;,&quot;copyright&quot;:&quot;&quot;,&quot;focal_length&quot;:&quot;0&quot;,&quot;iso&quot;:&quot;0&quot;,&quot;shutter_speed&quot;:&quot;0&quot;,&quot;title&quot;:&quot;&quot;,&quot;orientation&quot;:&quot;0&quot;}\" data-image-title=\"yellow lamp plus\" data-image-description=\"\" data-medium-file=\"https:\/\/i2.wp.com\/multiformas.com.co\/es\/blog\/wp-content\/uploads\/2017\/11\/yellow-lamp-plus.jpg?fit=300%2C300&amp;ssl=1\" data-large-file=\"https:\/\/i2.wp.com\/multiformas.com.co\/es\/blog\/wp-content\/uploads\/2017\/11\/yellow-lamp-plus.jpg?fit=480%2C480&amp;ssl=1\" loading=\"lazy\" class=\"size-medium wp-image-287\" src=\"https:\/\/i2.wp.com\/multiformas.com.co\/es\/blog\/wp-content\/uploads\/2017\/11\/yellow-lamp-plus.jpg?resize=300%2C300&#038;ssl=1\" alt=\"\" width=\"300\" height=\"300\" srcset=\"https:\/\/i2.wp.com\/multiformas.com.co\/es\/blog\/wp-content\/uploads\/2017\/11\/yellow-lamp-plus.jpg?resize=300%2C300&amp;ssl=1 300w, https:\/\/i2.wp.com\/multiformas.com.co\/es\/blog\/wp-content\/uploads\/2017\/11\/yellow-lamp-plus.jpg?resize=150%2C150&amp;ssl=1 150w, https:\/\/i2.wp.com\/multiformas.com.co\/es\/blog\/wp-content\/uploads\/2017\/11\/yellow-lamp-plus.jpg?w=480&amp;ssl=1 480w\" sizes=\"(max-width: 300px) 100vw, 300px\" data-recalc-dims=\"1\" \/><figcaption id=\"caption-attachment-287\" class=\"wp-caption-text\">lamp plus<\/figcaption><\/figure>\n<p>&nbsp;<\/p>\n<p>Cualquier dise\u00f1ador o artista amar\u00eda esta lampara con forma de balde de pintura derramada, viene en pl\u00e1stico en la base y cuerpo, la pantalla es de tela de lino y algod\u00f3n.<\/p>\n<p>&nbsp;<\/p>\n<h2 style=\"text-align: center;\"><strong><em>Gemmy<\/em><\/strong><\/h2>\n<p>&nbsp;<\/p>\n<figure id=\"attachment_288\" aria-describedby=\"caption-attachment-288\" style=\"width: 252px\" class=\"wp-caption aligncenter\"><img data-attachment-id=\"288\" data-permalink=\"https:\/\/multiformas.com.co\/es\/blog\/2017\/11\/14\/10-lamparas-de-escritorio-que-daran-un-toque-original-tu-oficina\/gemmy-neenas\/\" data-orig-file=\"https:\/\/i1.wp.com\/multiformas.com.co\/es\/blog\/wp-content\/uploads\/2017\/11\/gemmy-neenas-e1510698466306.jpg?fit=645%2C768&amp;ssl=1\" data-orig-size=\"645,768\" data-comments-opened=\"1\" data-image-meta=\"{&quot;aperture&quot;:&quot;0&quot;,&quot;credit&quot;:&quot;&quot;,&quot;camera&quot;:&quot;&quot;,&quot;caption&quot;:&quot;&quot;,&quot;created_timestamp&quot;:&quot;0&quot;,&quot;copyright&quot;:&quot;&quot;,&quot;focal_length&quot;:&quot;0&quot;,&quot;iso&quot;:&quot;0&quot;,&quot;shutter_speed&quot;:&quot;0&quot;,&quot;title&quot;:&quot;&quot;,&quot;orientation&quot;:&quot;0&quot;}\" data-image-title=\"gemmy &#8211; neenas\" data-image-description=\"\" data-medium-file=\"https:\/\/i1.wp.com\/multiformas.com.co\/es\/blog\/wp-content\/uploads\/2017\/11\/gemmy-neenas-e1510698466306.jpg?fit=252%2C300&amp;ssl=1\" data-large-file=\"https:\/\/i1.wp.com\/multiformas.com.co\/es\/blog\/wp-content\/uploads\/2017\/11\/gemmy-neenas-e1510698466306.jpg?fit=640%2C480&amp;ssl=1\" loading=\"lazy\" class=\"wp-image-288 size-medium\" src=\"https:\/\/i0.wp.com\/multiformas.com.co\/es\/blog\/wp-content\/uploads\/2017\/11\/gemmy-neenas-e1510698466306-252x300.jpg?resize=252%2C300&#038;ssl=1\" alt=\"\" width=\"252\" height=\"300\" srcset=\"https:\/\/i1.wp.com\/multiformas.com.co\/es\/blog\/wp-content\/uploads\/2017\/11\/gemmy-neenas-e1510698466306.jpg?resize=252%2C300&amp;ssl=1 252w, https:\/\/i1.wp.com\/multiformas.com.co\/es\/blog\/wp-content\/uploads\/2017\/11\/gemmy-neenas-e1510698466306.jpg?w=645&amp;ssl=1 645w\" sizes=\"(max-width: 252px) 100vw, 252px\" data-recalc-dims=\"1\" \/><figcaption id=\"caption-attachment-288\" class=\"wp-caption-text\">Neenas<\/figcaption><\/figure>\n<p>&nbsp;<\/p>\n<p>Gemmy tiene una estructura en la base de inspiraci\u00f3n Pop Art, nos recuerda a la famosa Silla Tulip del siglo pasado. Sin embargo, cuenta con una de las mas avanzadas tecnolog\u00edas en dise\u00f1o de materiales el Lentiflex, un Tecnopol\u00edmero caracter\u00edstico por su resistencia, ligereza y no requiere mantenimiento, con este material se puede moldear cualquier tipo de forma y esta es la raz\u00f3n por la cual es el favorito de los dise\u00f1adores. Esta l\u00e1mpara reproduce a la perfecci\u00f3n un efecto de calidez y sensaci\u00f3n de fluidez.<\/p>\n<p>&nbsp;<\/p>\n<h2 style=\"text-align: center;\"><em><strong>Skyline<\/strong><\/em><\/h2>\n<p>&nbsp;<\/p>\n<figure id=\"attachment_289\" aria-describedby=\"caption-attachment-289\" style=\"width: 300px\" class=\"wp-caption aligncenter\"><img data-attachment-id=\"289\" data-permalink=\"https:\/\/multiformas.com.co\/es\/blog\/2017\/11\/14\/10-lamparas-de-escritorio-que-daran-un-toque-original-tu-oficina\/31036_1\/\" data-orig-file=\"https:\/\/i1.wp.com\/multiformas.com.co\/es\/blog\/wp-content\/uploads\/2017\/11\/31036_1.jpg?fit=600%2C600&amp;ssl=1\" data-orig-size=\"600,600\" data-comments-opened=\"1\" data-image-meta=\"{&quot;aperture&quot;:&quot;0&quot;,&quot;credit&quot;:&quot;&quot;,&quot;camera&quot;:&quot;&quot;,&quot;caption&quot;:&quot;&quot;,&quot;created_timestamp&quot;:&quot;0&quot;,&quot;copyright&quot;:&quot;&quot;,&quot;focal_length&quot;:&quot;0&quot;,&quot;iso&quot;:&quot;0&quot;,&quot;shutter_speed&quot;:&quot;0&quot;,&quot;title&quot;:&quot;&quot;,&quot;orientation&quot;:&quot;0&quot;}\" data-image-title=\"31036_1\" data-image-description=\"\" data-medium-file=\"https:\/\/i1.wp.com\/multiformas.com.co\/es\/blog\/wp-content\/uploads\/2017\/11\/31036_1.jpg?fit=300%2C300&amp;ssl=1\" data-large-file=\"https:\/\/i1.wp.com\/multiformas.com.co\/es\/blog\/wp-content\/uploads\/2017\/11\/31036_1.jpg?fit=600%2C600&amp;ssl=1\" loading=\"lazy\" class=\"size-medium wp-image-289\" src=\"https:\/\/i1.wp.com\/multiformas.com.co\/es\/blog\/wp-content\/uploads\/2017\/11\/31036_1.jpg?resize=300%2C300&#038;ssl=1\" alt=\"\" width=\"300\" height=\"300\" srcset=\"https:\/\/i1.wp.com\/multiformas.com.co\/es\/blog\/wp-content\/uploads\/2017\/11\/31036_1.jpg?resize=300%2C300&amp;ssl=1 300w, https:\/\/i1.wp.com\/multiformas.com.co\/es\/blog\/wp-content\/uploads\/2017\/11\/31036_1.jpg?resize=150%2C150&amp;ssl=1 150w, https:\/\/i1.wp.com\/multiformas.com.co\/es\/blog\/wp-content\/uploads\/2017\/11\/31036_1.jpg?w=600&amp;ssl=1 600w\" sizes=\"(max-width: 300px) 100vw, 300px\" data-recalc-dims=\"1\" \/><figcaption id=\"caption-attachment-289\" class=\"wp-caption-text\">Neenas<\/figcaption><\/figure>\n<p>&nbsp;<\/p>\n<p>En acero inoxidable esta representaci\u00f3n de una ciudad cosmopolita, f\u00e1cilmente puede evocar a la ciudad de New York, la imagen de la pantalla esta grabada en acero que al iluminar da a la ciudad una apariencia tridimensional.<\/p>\n<p>&nbsp;<\/p>\n<h2 style=\"text-align: center;\"><strong><em>Tube Top<\/em><\/strong><\/h2>\n<p>&nbsp;<\/p>\n<figure id=\"attachment_290\" aria-describedby=\"caption-attachment-290\" style=\"width: 225px\" class=\"wp-caption aligncenter\"><img data-attachment-id=\"290\" data-permalink=\"https:\/\/multiformas.com.co\/es\/blog\/2017\/11\/14\/10-lamparas-de-escritorio-que-daran-un-toque-original-tu-oficina\/pablo-tube-top-table-lamp-14-bright-green\/\" data-orig-file=\"https:\/\/i2.wp.com\/multiformas.com.co\/es\/blog\/wp-content\/uploads\/2017\/11\/pablo-tube-top-table-lamp-14-bright-green.jpg?fit=600%2C801&amp;ssl=1\" data-orig-size=\"600,801\" data-comments-opened=\"1\" data-image-meta=\"{&quot;aperture&quot;:&quot;0&quot;,&quot;credit&quot;:&quot;&quot;,&quot;camera&quot;:&quot;&quot;,&quot;caption&quot;:&quot;&quot;,&quot;created_timestamp&quot;:&quot;0&quot;,&quot;copyright&quot;:&quot;&quot;,&quot;focal_length&quot;:&quot;0&quot;,&quot;iso&quot;:&quot;0&quot;,&quot;shutter_speed&quot;:&quot;0&quot;,&quot;title&quot;:&quot;&quot;,&quot;orientation&quot;:&quot;0&quot;}\" data-image-title=\"pablo-tube-top-table-lamp-14-bright-green\" data-image-description=\"\" data-medium-file=\"https:\/\/i2.wp.com\/multiformas.com.co\/es\/blog\/wp-content\/uploads\/2017\/11\/pablo-tube-top-table-lamp-14-bright-green.jpg?fit=225%2C300&amp;ssl=1\" data-large-file=\"https:\/\/i2.wp.com\/multiformas.com.co\/es\/blog\/wp-content\/uploads\/2017\/11\/pablo-tube-top-table-lamp-14-bright-green.jpg?fit=600%2C801&amp;ssl=1\" loading=\"lazy\" class=\"size-medium wp-image-290\" src=\"https:\/\/i2.wp.com\/multiformas.com.co\/es\/blog\/wp-content\/uploads\/2017\/11\/pablo-tube-top-table-lamp-14-bright-green.jpg?resize=225%2C300&#038;ssl=1\" alt=\"\" width=\"225\" height=\"300\" srcset=\"https:\/\/i2.wp.com\/multiformas.com.co\/es\/blog\/wp-content\/uploads\/2017\/11\/pablo-tube-top-table-lamp-14-bright-green.jpg?resize=225%2C300&amp;ssl=1 225w, https:\/\/i2.wp.com\/multiformas.com.co\/es\/blog\/wp-content\/uploads\/2017\/11\/pablo-tube-top-table-lamp-14-bright-green.jpg?w=600&amp;ssl=1 600w\" sizes=\"(max-width: 225px) 100vw, 225px\" data-recalc-dims=\"1\" \/><figcaption id=\"caption-attachment-290\" class=\"wp-caption-text\">Neenas<\/figcaption><\/figure>\n<p>&nbsp;<\/p>\n<p>Nuestra ultima l\u00e1mpara es perfecta para oficinas alegres y divertidas, por su base verde puede representar la figura de un \u00e1rbol, tiene una figura de lampara domestica, se adapta a cualquier estilo, dise\u00f1ada por <a href=\"http:\/\/peterstathis.com\/\">Peter Stathis<\/a> en base de acr\u00edlico esculpido y malla de tensi\u00f3n.<\/p>\n<p>&nbsp;<\/p>\n<p>Esperamos que esta gu\u00eda sirva para que le des un toque de luminosidad, elegancia y alergia a tu oficina.<\/p>\n<p>&nbsp;<\/p>\n<p>&nbsp;<\/p>\n","protected":false},"excerpt":{"rendered":"<p>Cada oficina tiene su estilo de iluminaci\u00f3n y las l\u00e1mparas siempre han sido necesarias en todas las \u00e9pocas desde que apareci\u00f3 la electricidad, en la actualidad el objetivo de tener <a href=\"https:\/\/multiformas.com.co\/es\/blog\/2017\/11\/14\/10-lamparas-de-escritorio-que-daran-un-toque-original-tu-oficina\/\" class=\"read-more button-fancy -red\"><span class=\"btn-arrow\"><\/span><span class=\"twp-read-more text\">Leer m\u00e1s<\/span><\/a><\/p>\n","protected":false},"author":1,"featured_media":291,"comment_status":"closed","ping_status":"open","sticky":false,"template":"","format":"standard","meta":{"advanced_seo_description":"","spay_email":"","jetpack_publicize_message":"","jetpack_is_tweetstorm":false},"categories":[7],"tags":[35,39,37,38,40,36],"jetpack_featured_media_url":"https:\/\/i1.wp.com\/multiformas.com.co\/es\/blog\/wp-content\/uploads\/2017\/11\/tube_top_family_72_download.jpg?fit=2000%2C810&ssl=1","jetpack_publicize_connections":[],"jetpack_sharing_enabled":true,"jetpack_shortlink":"https:\/\/wp.me\/p9kzw1-4r","jetpack_likes_enabled":true,"jetpack-related-posts":[{"id":909,"url":"https:\/\/multiformas.com.co\/es\/blog\/2018\/01\/11\/el-buen-gusto-europeo-en-tu-oficina-con-el-estilo-nordico\/","url_meta":{"origin":275,"position":0},"title":"El buen gusto europeo en tu oficina con el estilo n\u00f3rdico.","date":"enero 11, 2018","format":false,"excerpt":"(trendir) Si te encanta el fri\u00f3 invernal presente en los pa\u00edses n\u00f3rdicos seguro te gusta el estilo n\u00f3rdico o escandinavo presente en las casas y oficinas de pa\u00edses como Finlandia, Noruega o Dinamarca. M\u00e1s que un estilo es una forma de vida siempre flexible pero manteniendo caracter\u00edsticas bien definidas como\u2026","rel":"","context":"En \u00abDecoraci\u00f3n\u00bb","img":{"alt_text":"","src":"https:\/\/i2.wp.com\/multiformas.com.co\/es\/blog\/wp-content\/uploads\/2018\/01\/ideas-home-inspired-office-1.jpg?fit=600%2C850&ssl=1&resize=350%2C200","width":350,"height":200},"classes":[]},{"id":1277,"url":"https:\/\/multiformas.com.co\/es\/blog\/2018\/06\/05\/atrevete-a-impactar-con-el-estilo-oriental-para-tu-oficina\/","url_meta":{"origin":275,"position":1},"title":"Atr\u00e9vete a impactar con el estilo oriental para tu oficina","date":"junio 5, 2018","format":false,"excerpt":"Estamos aburridos de la oficina tradicional, colores claros, escritorio, sillas y l\u00e1mparas simples que no reflejan la personalidad de quien habita el espacio, por eso te proponemos hacer un cambio radical, emplear colores vibrantes o crear un ambiente relajado pero elegante, con el estilo oriental lo puedes hacer, en PCD\u2026","rel":"","context":"En \u00abDecoraci\u00f3n\u00bb","img":{"alt_text":"","src":"https:\/\/i2.wp.com\/multiformas.com.co\/es\/blog\/wp-content\/uploads\/2018\/06\/estilo-oriental-para-oficinas.jpg?fit=560%2C420&ssl=1&resize=350%2C200","width":350,"height":200},"classes":[]},{"id":1091,"url":"https:\/\/multiformas.com.co\/es\/blog\/2018\/03\/08\/las-tendencias-en-mobiliario-que-marcaran-el-2018\/","url_meta":{"origin":275,"position":2},"title":"Las tendencias en mobiliario que marcaran el 2018","date":"marzo 8, 2018","format":false,"excerpt":"La feria internacional\u00a0IMM Cologne es pionera en mostrarnos cual es la tendencia en mobiliario para este a\u00f1o en curso y es grato para nosotros mostrarte lo que deber\u00eda tener toda oficina y espacio comercial para estar a la altura de los que aprecian el buen gusto. IMM Cologne es una\u2026","rel":"","context":"En \u00abMobiliario\u00bb","img":{"alt_text":"","src":"https:\/\/i0.wp.com\/multiformas.com.co\/es\/blog\/wp-content\/uploads\/2018\/03\/tendencias-mobiliario-11.jpg?fit=1175%2C881&ssl=1&resize=350%2C200","width":350,"height":200},"classes":[]},{"id":1110,"url":"https:\/\/multiformas.com.co\/es\/blog\/2018\/03\/15\/como-escoger-la-pintura-ideal-para-mi-oficina\/","url_meta":{"origin":275,"position":3},"title":"\u00bfC\u00f3mo escoger la pintura ideal para mi oficina?","date":"marzo 15, 2018","format":false,"excerpt":"\u00a0 El tema de la pintura casi siempre pasa desapercibido, nos enfocamos m\u00e1s en el mobiliario y los elementos decorativos sin pensar que el tono de pintura adecuado puede hacer que nuestro proyecto de remodelaci\u00f3n sea un \u00e9xito o un fracaso. En PCD Multiformas te ense\u00f1aremos como escoger la pintura\u2026","rel":"","context":"En \u00abDecoraci\u00f3n\u00bb","img":{"alt_text":"Oficina trivago","src":"https:\/\/i0.wp.com\/multiformas.com.co\/es\/blog\/wp-content\/uploads\/2017\/12\/reforma-oficina-trivago3-500x303.jpg?fit=500%2C303&ssl=1&resize=350%2C200","width":350,"height":200},"classes":[]},{"id":616,"url":"https:\/\/multiformas.com.co\/es\/blog\/2017\/12\/06\/mobiliario-de-inspiracion-geometrica-para-impactar\/","url_meta":{"origin":275,"position":4},"title":"Mobiliario de inspiraci\u00f3n geom\u00e9trica para impactar","date":"diciembre 6, 2017","format":false,"excerpt":"\u00a0 Ning\u00fan amante al dise\u00f1o podr\u00e1 resistirse a la geometr\u00eda tomando control de su oficina; este tipo de dise\u00f1o aunque parece novedoso tiene sus or\u00edgenes en el Modernismo \u00f3 Art Nouveau, como se denomin\u00f3 en Francia y B\u00e9lgica debido a que representaba una renovaci\u00f3n en el dise\u00f1o que imperaba en\u2026","rel":"","context":"En \u00abMobiliario\u00bb","img":{"alt_text":"","src":"https:\/\/i1.wp.com\/multiformas.com.co\/es\/blog\/wp-content\/uploads\/2017\/12\/5450792d50c6d22f3ff6f1da7a974f98-unique-furniture-industrial-furniture.jpg?fit=730%2C548&ssl=1&resize=350%2C200","width":350,"height":200},"classes":[]},{"id":1162,"url":"https:\/\/multiformas.com.co\/es\/blog\/2018\/04\/18\/lo-que-debes-saber-del-diseno-de-interiores\/","url_meta":{"origin":275,"position":5},"title":"Lo que debes saber del dise\u00f1o de interiores","date":"abril 18, 2018","format":false,"excerpt":"En el dise\u00f1o de interiores no todo vale y no todo el mundo puede hacerlo, sin embargo al contratar a un experto debemos saber cuales son las bases para crear ese ambiente que sue\u00f1as. En PCD Multiformas te contamos lo que debes saber del dise\u00f1o de interiores. \u00a0 \u00bfCu\u00e1l es\u2026","rel":"","context":"En \u00abDecoraci\u00f3n\u00bb","img":{"alt_text":"Oficina dise\u00f1o Skype","src":"https:\/\/i2.wp.com\/multiformas.com.co\/es\/blog\/wp-content\/uploads\/2018\/01\/oficina-dise\u00f1o-skype-7.jpg?fit=700%2C462&ssl=1&resize=350%2C200","width":350,"height":200},"classes":[]}],"_links":{"self":[{"href":"https:\/\/multiformas.com.co\/es\/blog\/wp-json\/wp\/v2\/posts\/275"}],"collection":[{"href":"https:\/\/multiformas.com.co\/es\/blog\/wp-json\/wp\/v2\/posts"}],"about":[{"href":"https:\/\/multiformas.com.co\/es\/blog\/wp-json\/wp\/v2\/types\/post"}],"author":[{"embeddable":true,"href":"https:\/\/multiformas.com.co\/es\/blog\/wp-json\/wp\/v2\/users\/1"}],"replies":[{"embeddable":true,"href":"https:\/\/multiformas.com.co\/es\/blog\/wp-json\/wp\/v2\/comments?post=275"}],"version-history":[{"count":4,"href":"https:\/\/multiformas.com.co\/es\/blog\/wp-json\/wp\/v2\/posts\/275\/revisions"}],"predecessor-version":[{"id":295,"href":"https:\/\/multiformas.com.co\/es\/blog\/wp-json\/wp\/v2\/posts\/275\/revisions\/295"}],"wp:featuredmedia":[{"embeddable":true,"href":"https:\/\/multiformas.com.co\/es\/blog\/wp-json\/wp\/v2\/media\/291"}],"wp:attachment":[{"href":"https:\/\/multiformas.com.co\/es\/blog\/wp-json\/wp\/v2\/media?parent=275"}],"wp:term":[{"taxonomy":"category","embeddable":true,"href":"https:\/\/multiformas.com.co\/es\/blog\/wp-json\/wp\/v2\/categories?post=275"},{"taxonomy":"post_tag","embeddable":true,"href":"https:\/\/multiformas.com.co\/es\/blog\/wp-json\/wp\/v2\/tags?post=275"}],"curies":[{"name":"wp","href":"https:\/\/api.w.org\/{rel}","templated":true}]}}