{"id":297,"date":"2017-11-15T18:28:47","date_gmt":"2017-11-15T18:28:47","guid":{"rendered":"https:\/\/multiformas.com.co\/es\/blog\/?p=297"},"modified":"2018-02-21T00:18:25","modified_gmt":"2018-02-21T00:18:25","slug":"los-pisos-alemanes-de-villeroy-boch","status":"publish","type":"post","link":"https:\/\/multiformas.com.co\/es\/blog\/2017\/11\/15\/los-pisos-alemanes-de-villeroy-boch\/","title":{"rendered":"Los pisos alemanes de Villeroy &#038; Boch"},"content":{"rendered":"<p>Las cer\u00e1micas de <a href=\"http:\/\/www.villeroy-boch.info\">Villeroy &amp; Boch<\/a> cuentan con la tradici\u00f3n y calidad que identifica a Multiformas, por eso hoy queremos mostrar algunos de sus trabajos mas destacados.<\/p>\n<p>Esta fabrica de baldosas fue fundada por\u00a0Fran\u00e7ois Boch en 1748 y luego de pasar por un proceso de formaci\u00f3n en\u00a01836 se fusiona con su competidor Nicolas Villeroy para convertirse en Villeroy &amp; Boch, una gran alianza que hasta el d\u00eda de hoy rinde frutos ofreciendo cer\u00e1micas para pisos y revestimiento de paredes.<\/p>\n<p>Es hora de deleitarnos con algunas de sus colecciones.<\/p>\n<p>&nbsp;<\/p>\n<h2 style=\"text-align: center;\"><strong><em>Aspen\u00a0<\/em><\/strong><\/h2>\n<p>&nbsp;<\/p>\n<p><img data-attachment-id=\"298\" data-permalink=\"https:\/\/multiformas.com.co\/es\/blog\/2017\/11\/15\/los-pisos-alemanes-de-villeroy-boch\/vub_fliesen_aspen_detail\/\" data-orig-file=\"https:\/\/i0.wp.com\/multiformas.com.co\/es\/blog\/wp-content\/uploads\/2017\/11\/vub_Fliesen_Aspen_Detail.jpg?fit=474%2C177&amp;ssl=1\" data-orig-size=\"474,177\" data-comments-opened=\"1\" data-image-meta=\"{&quot;aperture&quot;:&quot;0&quot;,&quot;credit&quot;:&quot;&quot;,&quot;camera&quot;:&quot;&quot;,&quot;caption&quot;:&quot;&quot;,&quot;created_timestamp&quot;:&quot;0&quot;,&quot;copyright&quot;:&quot;&quot;,&quot;focal_length&quot;:&quot;0&quot;,&quot;iso&quot;:&quot;0&quot;,&quot;shutter_speed&quot;:&quot;0&quot;,&quot;title&quot;:&quot;&quot;,&quot;orientation&quot;:&quot;1&quot;}\" data-image-title=\"vub_Fliesen_Aspen_Detail\" data-image-description=\"\" data-medium-file=\"https:\/\/i0.wp.com\/multiformas.com.co\/es\/blog\/wp-content\/uploads\/2017\/11\/vub_Fliesen_Aspen_Detail.jpg?fit=300%2C112&amp;ssl=1\" data-large-file=\"https:\/\/i0.wp.com\/multiformas.com.co\/es\/blog\/wp-content\/uploads\/2017\/11\/vub_Fliesen_Aspen_Detail.jpg?fit=474%2C177&amp;ssl=1\" loading=\"lazy\" class=\"aligncenter wp-image-298 size-full\" src=\"https:\/\/i0.wp.com\/multiformas.com.co\/es\/blog\/wp-content\/uploads\/2017\/11\/vub_Fliesen_Aspen_Detail.jpg?resize=474%2C177&#038;ssl=1\" alt=\"\" width=\"474\" height=\"177\" srcset=\"https:\/\/i0.wp.com\/multiformas.com.co\/es\/blog\/wp-content\/uploads\/2017\/11\/vub_Fliesen_Aspen_Detail.jpg?w=474&amp;ssl=1 474w, https:\/\/i0.wp.com\/multiformas.com.co\/es\/blog\/wp-content\/uploads\/2017\/11\/vub_Fliesen_Aspen_Detail.jpg?resize=300%2C112&amp;ssl=1 300w\" sizes=\"(max-width: 474px) 100vw, 474px\" data-recalc-dims=\"1\" \/><\/p>\n<p>&nbsp;<\/p>\n<p>La calidad y durabilidad son caracter\u00edsticas que se mantienen presente en los pisos Aspen, con un dise\u00f1o cuidado en detalles la naturalidad de estas piezas es impresionante. Perfectos para oficinas con car\u00e1cter que reflejen solidez y perpetuidad.<\/p>\n<p>&nbsp;<\/p>\n<h2 class=\"headline csc-firstHeader headline-layout-2\" style=\"text-align: center;\"><strong><em>Bianco Nero<\/em><\/strong><\/h2>\n<p><img data-attachment-id=\"299\" data-permalink=\"https:\/\/multiformas.com.co\/es\/blog\/2017\/11\/15\/los-pisos-alemanes-de-villeroy-boch\/bianconero_2\/\" data-orig-file=\"https:\/\/i2.wp.com\/multiformas.com.co\/es\/blog\/wp-content\/uploads\/2017\/11\/BIANCONERO_2.jpg?fit=474%2C354&amp;ssl=1\" data-orig-size=\"474,354\" data-comments-opened=\"1\" data-image-meta=\"{&quot;aperture&quot;:&quot;0&quot;,&quot;credit&quot;:&quot;&quot;,&quot;camera&quot;:&quot;&quot;,&quot;caption&quot;:&quot;&quot;,&quot;created_timestamp&quot;:&quot;0&quot;,&quot;copyright&quot;:&quot;&quot;,&quot;focal_length&quot;:&quot;0&quot;,&quot;iso&quot;:&quot;0&quot;,&quot;shutter_speed&quot;:&quot;0&quot;,&quot;title&quot;:&quot;&quot;,&quot;orientation&quot;:&quot;1&quot;}\" data-image-title=\"BIANCONERO_2\" data-image-description=\"\" data-medium-file=\"https:\/\/i2.wp.com\/multiformas.com.co\/es\/blog\/wp-content\/uploads\/2017\/11\/BIANCONERO_2.jpg?fit=300%2C224&amp;ssl=1\" data-large-file=\"https:\/\/i2.wp.com\/multiformas.com.co\/es\/blog\/wp-content\/uploads\/2017\/11\/BIANCONERO_2.jpg?fit=474%2C354&amp;ssl=1\" loading=\"lazy\" class=\"aligncenter wp-image-299 size-full\" src=\"https:\/\/i2.wp.com\/multiformas.com.co\/es\/blog\/wp-content\/uploads\/2017\/11\/BIANCONERO_2.jpg?resize=474%2C354&#038;ssl=1\" alt=\"\" width=\"474\" height=\"354\" srcset=\"https:\/\/i2.wp.com\/multiformas.com.co\/es\/blog\/wp-content\/uploads\/2017\/11\/BIANCONERO_2.jpg?w=474&amp;ssl=1 474w, https:\/\/i2.wp.com\/multiformas.com.co\/es\/blog\/wp-content\/uploads\/2017\/11\/BIANCONERO_2.jpg?resize=300%2C224&amp;ssl=1 300w\" sizes=\"(max-width: 474px) 100vw, 474px\" data-recalc-dims=\"1\" \/><\/p>\n<p>&nbsp;<\/p>\n<p>En el mundo minimista y dual del blanco y negro nada mejor que esta pieza de arte. Bianco Nero ofrece una visi\u00f3n tridimensional y elegante para paredes, puede utilizado en recepciones o espacios comerciales.<\/p>\n<p>&nbsp;<\/p>\n<h2 style=\"text-align: center;\"><em><strong>East End\u00a0<\/strong><\/em><\/h2>\n<p>&nbsp;<\/p>\n<p><img data-attachment-id=\"300\" data-permalink=\"https:\/\/multiformas.com.co\/es\/blog\/2017\/11\/15\/los-pisos-alemanes-de-villeroy-boch\/captura-2\/\" data-orig-file=\"https:\/\/i2.wp.com\/multiformas.com.co\/es\/blog\/wp-content\/uploads\/2017\/11\/Captura-1.jpg?fit=895%2C400&amp;ssl=1\" data-orig-size=\"895,400\" data-comments-opened=\"1\" data-image-meta=\"{&quot;aperture&quot;:&quot;0&quot;,&quot;credit&quot;:&quot;user&quot;,&quot;camera&quot;:&quot;&quot;,&quot;caption&quot;:&quot;&quot;,&quot;created_timestamp&quot;:&quot;1510732778&quot;,&quot;copyright&quot;:&quot;&quot;,&quot;focal_length&quot;:&quot;0&quot;,&quot;iso&quot;:&quot;0&quot;,&quot;shutter_speed&quot;:&quot;0&quot;,&quot;title&quot;:&quot;&quot;,&quot;orientation&quot;:&quot;0&quot;}\" data-image-title=\"Captura\" data-image-description=\"\" data-medium-file=\"https:\/\/i2.wp.com\/multiformas.com.co\/es\/blog\/wp-content\/uploads\/2017\/11\/Captura-1.jpg?fit=300%2C134&amp;ssl=1\" data-large-file=\"https:\/\/i2.wp.com\/multiformas.com.co\/es\/blog\/wp-content\/uploads\/2017\/11\/Captura-1.jpg?fit=640%2C286&amp;ssl=1\" loading=\"lazy\" class=\"aligncenter wp-image-300 size-full\" src=\"https:\/\/i2.wp.com\/multiformas.com.co\/es\/blog\/wp-content\/uploads\/2017\/11\/Captura-1.jpg?resize=640%2C286&#038;ssl=1\" alt=\"\" width=\"640\" height=\"286\" srcset=\"https:\/\/i2.wp.com\/multiformas.com.co\/es\/blog\/wp-content\/uploads\/2017\/11\/Captura-1.jpg?w=895&amp;ssl=1 895w, https:\/\/i2.wp.com\/multiformas.com.co\/es\/blog\/wp-content\/uploads\/2017\/11\/Captura-1.jpg?resize=300%2C134&amp;ssl=1 300w, https:\/\/i2.wp.com\/multiformas.com.co\/es\/blog\/wp-content\/uploads\/2017\/11\/Captura-1.jpg?resize=768%2C343&amp;ssl=1 768w\" sizes=\"(max-width: 640px) 100vw, 640px\" data-recalc-dims=\"1\" \/><\/p>\n<p>&nbsp;<\/p>\n<p>Los pisos East End ofrecen un ambiente natural con la ventaja indiscutible de la cer\u00e1mica, es decir una f\u00e1cil limpieza, vienen en colores naturales aportando armon\u00eda, ideal para espacios comerciales como, restaurantes, cafeter\u00edas, bibliotecas y galer\u00edas de arte.<\/p>\n<p><img data-attachment-id=\"307\" data-permalink=\"https:\/\/multiformas.com.co\/es\/blog\/2017\/11\/15\/los-pisos-alemanes-de-villeroy-boch\/east-end\/\" data-orig-file=\"https:\/\/i0.wp.com\/multiformas.com.co\/es\/blog\/wp-content\/uploads\/2017\/11\/east-end.jpg?fit=305%2C399&amp;ssl=1\" data-orig-size=\"305,399\" data-comments-opened=\"1\" data-image-meta=\"{&quot;aperture&quot;:&quot;0&quot;,&quot;credit&quot;:&quot;user&quot;,&quot;camera&quot;:&quot;&quot;,&quot;caption&quot;:&quot;&quot;,&quot;created_timestamp&quot;:&quot;1510737846&quot;,&quot;copyright&quot;:&quot;&quot;,&quot;focal_length&quot;:&quot;0&quot;,&quot;iso&quot;:&quot;0&quot;,&quot;shutter_speed&quot;:&quot;0&quot;,&quot;title&quot;:&quot;&quot;,&quot;orientation&quot;:&quot;0&quot;}\" data-image-title=\"east end\" data-image-description=\"\" data-medium-file=\"https:\/\/i0.wp.com\/multiformas.com.co\/es\/blog\/wp-content\/uploads\/2017\/11\/east-end.jpg?fit=229%2C300&amp;ssl=1\" data-large-file=\"https:\/\/i0.wp.com\/multiformas.com.co\/es\/blog\/wp-content\/uploads\/2017\/11\/east-end.jpg?fit=305%2C399&amp;ssl=1\" loading=\"lazy\" class=\"aligncenter wp-image-307 size-full\" src=\"https:\/\/i0.wp.com\/multiformas.com.co\/es\/blog\/wp-content\/uploads\/2017\/11\/east-end.jpg?resize=305%2C399&#038;ssl=1\" alt=\"\" width=\"305\" height=\"399\" srcset=\"https:\/\/i0.wp.com\/multiformas.com.co\/es\/blog\/wp-content\/uploads\/2017\/11\/east-end.jpg?w=305&amp;ssl=1 305w, https:\/\/i0.wp.com\/multiformas.com.co\/es\/blog\/wp-content\/uploads\/2017\/11\/east-end.jpg?resize=229%2C300&amp;ssl=1 229w\" sizes=\"(max-width: 305px) 100vw, 305px\" data-recalc-dims=\"1\" \/><\/p>\n<p>Desprovisto de las t\u00edpicas ranuras entre baldosas da un acabado uniforme, tambi\u00e9n cuenta con superficies tridimensionales para paredes y en cuanto a pisos esta dise\u00f1ado con revestimiento antideslizante.<\/p>\n<p>&nbsp;<\/p>\n<h2 style=\"text-align: center;\"><em><strong>Fire &amp; Ice\u00a0<\/strong><\/em><\/h2>\n<p>&nbsp;<\/p>\n<p><img data-attachment-id=\"301\" data-permalink=\"https:\/\/multiformas.com.co\/es\/blog\/2017\/11\/15\/los-pisos-alemanes-de-villeroy-boch\/fire___ice_close_up_474_x_177-1\/\" data-orig-file=\"https:\/\/i0.wp.com\/multiformas.com.co\/es\/blog\/wp-content\/uploads\/2017\/11\/Fire___Ice_Close_Up_474_x_177-1.jpg?fit=474%2C178&amp;ssl=1\" data-orig-size=\"474,178\" data-comments-opened=\"1\" data-image-meta=\"{&quot;aperture&quot;:&quot;0&quot;,&quot;credit&quot;:&quot;&quot;,&quot;camera&quot;:&quot;&quot;,&quot;caption&quot;:&quot;&quot;,&quot;created_timestamp&quot;:&quot;0&quot;,&quot;copyright&quot;:&quot;&quot;,&quot;focal_length&quot;:&quot;0&quot;,&quot;iso&quot;:&quot;0&quot;,&quot;shutter_speed&quot;:&quot;0&quot;,&quot;title&quot;:&quot;&quot;,&quot;orientation&quot;:&quot;1&quot;}\" data-image-title=\"Fire___Ice_Close_Up_474_x_177 (1)\" data-image-description=\"\" data-medium-file=\"https:\/\/i0.wp.com\/multiformas.com.co\/es\/blog\/wp-content\/uploads\/2017\/11\/Fire___Ice_Close_Up_474_x_177-1.jpg?fit=300%2C113&amp;ssl=1\" data-large-file=\"https:\/\/i0.wp.com\/multiformas.com.co\/es\/blog\/wp-content\/uploads\/2017\/11\/Fire___Ice_Close_Up_474_x_177-1.jpg?fit=474%2C178&amp;ssl=1\" loading=\"lazy\" class=\"aligncenter wp-image-301 size-full\" src=\"https:\/\/i0.wp.com\/multiformas.com.co\/es\/blog\/wp-content\/uploads\/2017\/11\/Fire___Ice_Close_Up_474_x_177-1.jpg?resize=474%2C178&#038;ssl=1\" alt=\"\" width=\"474\" height=\"178\" srcset=\"https:\/\/i0.wp.com\/multiformas.com.co\/es\/blog\/wp-content\/uploads\/2017\/11\/Fire___Ice_Close_Up_474_x_177-1.jpg?w=474&amp;ssl=1 474w, https:\/\/i0.wp.com\/multiformas.com.co\/es\/blog\/wp-content\/uploads\/2017\/11\/Fire___Ice_Close_Up_474_x_177-1.jpg?resize=300%2C113&amp;ssl=1 300w\" sizes=\"(max-width: 474px) 100vw, 474px\" data-recalc-dims=\"1\" \/><\/p>\n<p>&nbsp;<\/p>\n<p>Una caracter\u00edstica indiscutible de los productos alemanes son la innovaci\u00f3n, en este sentido tenemos unas piezas de cer\u00e1mica que seg\u00fan la incidencia de la luz nos regala reflejos tornasol, un detalle hermoso que solo Villaroy &amp; Boch pueden ofrecer.<\/p>\n<p>Estas baldosas son recomendadas para pisos de espacios interiores y exteriores, otra vez la imaginaci\u00f3n es el limite y puedes crear espacios c\u00e1lidos en medio de un aspecto industrial.<\/p>\n<p>&nbsp;<\/p>\n<h2 style=\"text-align: center;\"><em><strong>Moonlight<\/strong><\/em><\/h2>\n<p>&nbsp;<\/p>\n<p><img data-attachment-id=\"302\" data-permalink=\"https:\/\/multiformas.com.co\/es\/blog\/2017\/11\/15\/los-pisos-alemanes-de-villeroy-boch\/moonlight_8\/\" data-orig-file=\"https:\/\/i1.wp.com\/multiformas.com.co\/es\/blog\/wp-content\/uploads\/2017\/11\/MOONLIGHT_8.jpg?fit=474%2C354&amp;ssl=1\" data-orig-size=\"474,354\" data-comments-opened=\"1\" data-image-meta=\"{&quot;aperture&quot;:&quot;0&quot;,&quot;credit&quot;:&quot;&quot;,&quot;camera&quot;:&quot;&quot;,&quot;caption&quot;:&quot;&quot;,&quot;created_timestamp&quot;:&quot;0&quot;,&quot;copyright&quot;:&quot;&quot;,&quot;focal_length&quot;:&quot;0&quot;,&quot;iso&quot;:&quot;0&quot;,&quot;shutter_speed&quot;:&quot;0&quot;,&quot;title&quot;:&quot;&quot;,&quot;orientation&quot;:&quot;1&quot;}\" data-image-title=\"MOONLIGHT_8\" data-image-description=\"\" data-medium-file=\"https:\/\/i1.wp.com\/multiformas.com.co\/es\/blog\/wp-content\/uploads\/2017\/11\/MOONLIGHT_8.jpg?fit=300%2C224&amp;ssl=1\" data-large-file=\"https:\/\/i1.wp.com\/multiformas.com.co\/es\/blog\/wp-content\/uploads\/2017\/11\/MOONLIGHT_8.jpg?fit=474%2C354&amp;ssl=1\" loading=\"lazy\" class=\"aligncenter wp-image-302 size-full\" src=\"https:\/\/i1.wp.com\/multiformas.com.co\/es\/blog\/wp-content\/uploads\/2017\/11\/MOONLIGHT_8.jpg?resize=474%2C354&#038;ssl=1\" alt=\"\" width=\"474\" height=\"354\" srcset=\"https:\/\/i1.wp.com\/multiformas.com.co\/es\/blog\/wp-content\/uploads\/2017\/11\/MOONLIGHT_8.jpg?w=474&amp;ssl=1 474w, https:\/\/i1.wp.com\/multiformas.com.co\/es\/blog\/wp-content\/uploads\/2017\/11\/MOONLIGHT_8.jpg?resize=300%2C224&amp;ssl=1 300w\" sizes=\"(max-width: 474px) 100vw, 474px\" data-recalc-dims=\"1\" \/><\/p>\n<p>&nbsp;<\/p>\n<p>Los mosaicos Moonlight perfectos para recepciones, tiendas de moda e incluso hoteles, dan la sensaci\u00f3n de estar rodeado del esplendor de mil piezas de oro, tambi\u00e9n esta disponible en color plata que f\u00e1cilmente se puede contrastar con colores fuertes (negro, vinotinto, azul rey).<\/p>\n<p>Entre sus materiales se cuentan el vidrio, metales y cer\u00e1mica, es recomendable usarlo en parades y dispuestos en franjas horizontales, combinadas con superficies de cer\u00e1mica en mate, brillantes o naturales, siempre lizas y en colores claros, todo el conjunto evidencia una dupla moderna y natural.<\/p>\n<p>&nbsp;<\/p>\n<h2 style=\"text-align: center;\"><strong><em>La Diva<\/em><\/strong><\/h2>\n<p>&nbsp;<\/p>\n<p><img data-attachment-id=\"311\" data-permalink=\"https:\/\/multiformas.com.co\/es\/blog\/2017\/11\/15\/los-pisos-alemanes-de-villeroy-boch\/desing_ladiva_3\/\" data-orig-file=\"https:\/\/i1.wp.com\/multiformas.com.co\/es\/blog\/wp-content\/uploads\/2017\/11\/Desing_ladiva_3.jpg?fit=455%2C342&amp;ssl=1\" data-orig-size=\"455,342\" data-comments-opened=\"1\" data-image-meta=\"{&quot;aperture&quot;:&quot;0&quot;,&quot;credit&quot;:&quot;&quot;,&quot;camera&quot;:&quot;&quot;,&quot;caption&quot;:&quot;&quot;,&quot;created_timestamp&quot;:&quot;0&quot;,&quot;copyright&quot;:&quot;&quot;,&quot;focal_length&quot;:&quot;0&quot;,&quot;iso&quot;:&quot;0&quot;,&quot;shutter_speed&quot;:&quot;0&quot;,&quot;title&quot;:&quot;&quot;,&quot;orientation&quot;:&quot;0&quot;}\" data-image-title=\"Desing_ladiva_3\" data-image-description=\"\" data-medium-file=\"https:\/\/i1.wp.com\/multiformas.com.co\/es\/blog\/wp-content\/uploads\/2017\/11\/Desing_ladiva_3.jpg?fit=300%2C225&amp;ssl=1\" data-large-file=\"https:\/\/i1.wp.com\/multiformas.com.co\/es\/blog\/wp-content\/uploads\/2017\/11\/Desing_ladiva_3.jpg?fit=455%2C342&amp;ssl=1\" loading=\"lazy\" class=\"aligncenter wp-image-311 size-full\" src=\"https:\/\/i1.wp.com\/multiformas.com.co\/es\/blog\/wp-content\/uploads\/2017\/11\/Desing_ladiva_3.jpg?resize=455%2C342&#038;ssl=1\" alt=\"\" width=\"455\" height=\"342\" srcset=\"https:\/\/i1.wp.com\/multiformas.com.co\/es\/blog\/wp-content\/uploads\/2017\/11\/Desing_ladiva_3.jpg?w=455&amp;ssl=1 455w, https:\/\/i1.wp.com\/multiformas.com.co\/es\/blog\/wp-content\/uploads\/2017\/11\/Desing_ladiva_3.jpg?resize=300%2C225&amp;ssl=1 300w\" sizes=\"(max-width: 455px) 100vw, 455px\" data-recalc-dims=\"1\" \/><\/p>\n<p>&nbsp;<\/p>\n<p>Inspirada en artesan\u00edas asi\u00e1ticas y europeas La Diva es perfecta para una recepci\u00f3n con personalidad incluso una tienda de modas, los materiales cuentan con la mas alta calidad y la posibilidad de crear dise\u00f1os de acuerdo al gusto del cliente, puede escoger entre ornamentos art\u00edsticos, motivos geom\u00e9tricos y elementos florales, navegar en lo opulento o lo discreto, todo depende de tu creatividad.<\/p>\n<p>&nbsp;<\/p>\n<h2 style=\"text-align: center;\"><strong><em>Lodge<\/em><\/strong><\/h2>\n<p>&nbsp;<\/p>\n<p><img data-attachment-id=\"304\" data-permalink=\"https:\/\/multiformas.com.co\/es\/blog\/2017\/11\/15\/los-pisos-alemanes-de-villeroy-boch\/lodge\/\" data-orig-file=\"https:\/\/i0.wp.com\/multiformas.com.co\/es\/blog\/wp-content\/uploads\/2017\/11\/LODGE.jpg?fit=474%2C177&amp;ssl=1\" data-orig-size=\"474,177\" data-comments-opened=\"1\" data-image-meta=\"{&quot;aperture&quot;:&quot;0&quot;,&quot;credit&quot;:&quot;&quot;,&quot;camera&quot;:&quot;&quot;,&quot;caption&quot;:&quot;&quot;,&quot;created_timestamp&quot;:&quot;0&quot;,&quot;copyright&quot;:&quot;&quot;,&quot;focal_length&quot;:&quot;0&quot;,&quot;iso&quot;:&quot;0&quot;,&quot;shutter_speed&quot;:&quot;0&quot;,&quot;title&quot;:&quot;&quot;,&quot;orientation&quot;:&quot;1&quot;}\" data-image-title=\"LODGE\" data-image-description=\"\" data-medium-file=\"https:\/\/i0.wp.com\/multiformas.com.co\/es\/blog\/wp-content\/uploads\/2017\/11\/LODGE.jpg?fit=300%2C112&amp;ssl=1\" data-large-file=\"https:\/\/i0.wp.com\/multiformas.com.co\/es\/blog\/wp-content\/uploads\/2017\/11\/LODGE.jpg?fit=474%2C177&amp;ssl=1\" loading=\"lazy\" class=\"aligncenter wp-image-304 size-full\" src=\"https:\/\/i0.wp.com\/multiformas.com.co\/es\/blog\/wp-content\/uploads\/2017\/11\/LODGE.jpg?resize=474%2C177&#038;ssl=1\" alt=\"\" width=\"474\" height=\"177\" srcset=\"https:\/\/i0.wp.com\/multiformas.com.co\/es\/blog\/wp-content\/uploads\/2017\/11\/LODGE.jpg?w=474&amp;ssl=1 474w, https:\/\/i0.wp.com\/multiformas.com.co\/es\/blog\/wp-content\/uploads\/2017\/11\/LODGE.jpg?resize=300%2C112&amp;ssl=1 300w\" sizes=\"(max-width: 474px) 100vw, 474px\" data-recalc-dims=\"1\" \/><\/p>\n<p>&nbsp;<\/p>\n<p>Los pisos de parqu\u00e9 siempre han sido los mas codiciados y estas baldosas para pisos te dan ese toque sin los inconvenientes de la madera, sobretodo cuando se encuentra en suelos altamente transitables como los espacios comerciales. Los pisos Lodge de Villaroy &amp; Roch estan dise\u00f1ados para imitar a la perfecci\u00f3n el parqu\u00e9, con las vetas, agujeros y variantes de color que solo puede tener un piso de madera natural.<\/p>\n<div class=\"grid-cell\"><\/div>\n<div class=\"grid-cell\">\n<div id=\"c165680\" class=\"csc-default\">\n<h2 class=\"headline headline-position-center headline-layout-h2_21_blue_italic\"><\/h2>\n<figure id=\"attachment_310\" aria-describedby=\"caption-attachment-310\" style=\"width: 300px\" class=\"wp-caption aligncenter\"><img data-attachment-id=\"310\" data-permalink=\"https:\/\/multiformas.com.co\/es\/blog\/2017\/11\/15\/los-pisos-alemanes-de-villeroy-boch\/villeroy-and-boch\/\" data-orig-file=\"https:\/\/i2.wp.com\/multiformas.com.co\/es\/blog\/wp-content\/uploads\/2017\/11\/Villeroy-and-Boch.jpg?fit=300%2C174&amp;ssl=1\" data-orig-size=\"300,174\" data-comments-opened=\"1\" data-image-meta=\"{&quot;aperture&quot;:&quot;0&quot;,&quot;credit&quot;:&quot;&quot;,&quot;camera&quot;:&quot;&quot;,&quot;caption&quot;:&quot;&quot;,&quot;created_timestamp&quot;:&quot;0&quot;,&quot;copyright&quot;:&quot;&quot;,&quot;focal_length&quot;:&quot;0&quot;,&quot;iso&quot;:&quot;0&quot;,&quot;shutter_speed&quot;:&quot;0&quot;,&quot;title&quot;:&quot;&quot;,&quot;orientation&quot;:&quot;1&quot;}\" data-image-title=\"Villeroy-and-Boch\" data-image-description=\"\" data-medium-file=\"https:\/\/i2.wp.com\/multiformas.com.co\/es\/blog\/wp-content\/uploads\/2017\/11\/Villeroy-and-Boch.jpg?fit=300%2C174&amp;ssl=1\" data-large-file=\"https:\/\/i2.wp.com\/multiformas.com.co\/es\/blog\/wp-content\/uploads\/2017\/11\/Villeroy-and-Boch.jpg?fit=300%2C174&amp;ssl=1\" loading=\"lazy\" class=\"size-medium wp-image-310\" src=\"https:\/\/i2.wp.com\/multiformas.com.co\/es\/blog\/wp-content\/uploads\/2017\/11\/Villeroy-and-Boch.jpg?resize=300%2C174&#038;ssl=1\" alt=\"\" width=\"300\" height=\"174\" data-recalc-dims=\"1\" \/><figcaption id=\"caption-attachment-310\" class=\"wp-caption-text\">meinardi<\/figcaption><\/figure>\n<p>&nbsp;<\/p>\n<p>En Villaroy &amp; Boch la innovaci\u00f3n es la clave para ofrecer a sus clientes la mejor experiencia en sus espacios, ademas de entregar inigualables cer\u00e1micas para pisos y paredes de espacios comerciales y oficinas, en sus productos para el revestimiento de paredes en sanitarios ofrecen baldosas con tecnolog\u00eda Ceramicplus, la cual act\u00faa como barrera a la suciedad, ideal para restaurantes y hoteles donde el trafico hacia estas \u00e1reas es alto y el tiempo que se toma en limpiarlas es considerable.<\/p>\n<p>Para los pisos de oficinas y espacios comerciales la buena noticia es que cuentan con la tecnolog\u00eda Vilbostoneplus, que consiste en sellar la pieza de cer\u00e1mica al momento de la fabricaci\u00f3n para que esta sea una superficie resistente a manchas, suciedad y agentes qu\u00edmicos que cambian con el tiempo el color de las baldosas.<\/p>\n<p>Excelente inversi\u00f3n en durabilidad y calidad.<\/p>\n<\/div>\n<\/div>\n<div class=\"grid-cell\"><\/div>\n<div class=\"grid-cell\"><\/div>\n<p>&nbsp;<\/p>\n<p>&nbsp;<\/p>\n<p>&nbsp;<\/p>\n<div class=\"grid-cell\"><\/div>\n<div class=\"grid-cell\"><\/div>\n<p>&nbsp;<\/p>\n<p>&nbsp;<\/p>\n","protected":false},"excerpt":{"rendered":"<p>Las cer\u00e1micas de Villeroy &amp; Boch cuentan con la tradici\u00f3n y calidad que identifica a Multiformas, por eso hoy queremos mostrar algunos de sus trabajos mas destacados. Esta fabrica de <a href=\"https:\/\/multiformas.com.co\/es\/blog\/2017\/11\/15\/los-pisos-alemanes-de-villeroy-boch\/\" class=\"read-more button-fancy -red\"><span class=\"btn-arrow\"><\/span><span class=\"twp-read-more text\">Leer m\u00e1s<\/span><\/a><\/p>\n","protected":false},"author":1,"featured_media":309,"comment_status":"closed","ping_status":"open","sticky":false,"template":"","format":"standard","meta":{"advanced_seo_description":"","spay_email":"","jetpack_publicize_message":"Los pisos alemanes de Villeroy & Boch","jetpack_is_tweetstorm":false},"categories":[7],"tags":[35,41,39,46,44,43,48,36,42,45,47],"jetpack_featured_media_url":"https:\/\/i1.wp.com\/multiformas.com.co\/es\/blog\/wp-content\/uploads\/2017\/11\/vub_Fliesen_Warehouse__Milieu.jpg?fit=474%2C354&ssl=1","jetpack_publicize_connections":[],"jetpack_sharing_enabled":true,"jetpack_shortlink":"https:\/\/wp.me\/p9kzw1-4N","jetpack_likes_enabled":true,"jetpack-related-posts":[{"id":928,"url":"https:\/\/multiformas.com.co\/es\/blog\/2018\/01\/12\/y-si-colocamos-pisos-de-madera\/","url_meta":{"origin":297,"position":0},"title":"Y si... \u00bfColocamos pisos de madera?","date":"enero 12, 2018","format":false,"excerpt":"\u00a0 Hermosa y elegante as\u00ed es la madera, quiz\u00e1s quieras colocarla en el piso en tu oficina o espacio comercial\u00a0 pero tienes dudas acerca de la durabilidad y el cuidado, en PCD Multiformas te daremos 7 razones por las cuales no deber\u00edas temer a este tipo de pisos. \u00a0 Madera\u2026","rel":"","context":"En \u00abDecoraci\u00f3n\u00bb","img":{"alt_text":"","src":"https:\/\/i2.wp.com\/multiformas.com.co\/es\/blog\/wp-content\/uploads\/2018\/01\/EMO-The-Real-Adventure-offices-The-Interiors-Group-Bristol-05-1.jpg?fit=720%2C1080&ssl=1&resize=350%2C200","width":350,"height":200},"classes":[]},{"id":616,"url":"https:\/\/multiformas.com.co\/es\/blog\/2017\/12\/06\/mobiliario-de-inspiracion-geometrica-para-impactar\/","url_meta":{"origin":297,"position":1},"title":"Mobiliario de inspiraci\u00f3n geom\u00e9trica para impactar","date":"diciembre 6, 2017","format":false,"excerpt":"\u00a0 Ning\u00fan amante al dise\u00f1o podr\u00e1 resistirse a la geometr\u00eda tomando control de su oficina; este tipo de dise\u00f1o aunque parece novedoso tiene sus or\u00edgenes en el Modernismo \u00f3 Art Nouveau, como se denomin\u00f3 en Francia y B\u00e9lgica debido a que representaba una renovaci\u00f3n en el dise\u00f1o que imperaba en\u2026","rel":"","context":"En \u00abMobiliario\u00bb","img":{"alt_text":"","src":"https:\/\/i1.wp.com\/multiformas.com.co\/es\/blog\/wp-content\/uploads\/2017\/12\/5450792d50c6d22f3ff6f1da7a974f98-unique-furniture-industrial-furniture.jpg?fit=730%2C548&ssl=1&resize=350%2C200","width":350,"height":200},"classes":[]},{"id":1074,"url":"https:\/\/multiformas.com.co\/es\/blog\/2018\/03\/01\/demasiado-ruido-en-la-oficina-el-revestimiento-acustico-es-la-solucion\/","url_meta":{"origin":297,"position":2},"title":"\u00bfDemasiado ruido en la oficina? el revestimiento ac\u00fastico es la soluci\u00f3n","date":"marzo 1, 2018","format":false,"excerpt":"Cuando hablamos de ruidos todos estamos de acuerdo en que es molesto, disminuye los niveles de concentraci\u00f3n y causa problemas de salud con la llamada migra\u00f1a. Si esta situaci\u00f3n ha llegado a sus limites conviene colocar un revestimiento ac\u00fastico en las paredes de la oficina \u00bfcomo? te contaremos todo lo\u2026","rel":"","context":"En \u00abMobiliario\u00bb","img":{"alt_text":"","src":"https:\/\/i1.wp.com\/multiformas.com.co\/es\/blog\/wp-content\/uploads\/2018\/03\/revestimiento-acustico-3.jpg?fit=795%2C440&ssl=1&resize=350%2C200","width":350,"height":200},"classes":[]},{"id":1403,"url":"https:\/\/multiformas.com.co\/es\/blog\/2018\/09\/11\/tu-oficina-rustica-es-posible\/","url_meta":{"origin":297,"position":3},"title":"Tu oficina rustica es posible.","date":"septiembre 11, 2018","format":false,"excerpt":"Para los que estamos cansados del blanco eterno, el minimalismo y el modernismo disfrazado de m\u00e1s minimalismo, PCD Multiformas te muestra un estilo que nunca muere el dise\u00f1o rustico, c\u00e1lido y acogedor. Es hora de hacer tu oficina un lugar mas hogare\u00f1o, no en vano la oficina es nuestro segundo\u2026","rel":"","context":"En \u00abDecoraci\u00f3n\u00bb","img":{"alt_text":"","src":"https:\/\/i2.wp.com\/multiformas.com.co\/es\/blog\/wp-content\/uploads\/2018\/08\/beautiful-traditional-executive-office-design-30-best-traditional-home-office-design-ideas-traditional-home.jpg?fit=550%2C440&ssl=1&resize=350%2C200","width":350,"height":200},"classes":[]},{"id":1716,"url":"https:\/\/multiformas.com.co\/es\/blog\/2020\/10\/15\/acustica-para-oficinas\/","url_meta":{"origin":297,"position":4},"title":"Ac\u00fastica para oficinas","date":"octubre 15, 2020","format":false,"excerpt":"El dise\u00f1o de oficinas incluye dilemas pr\u00e1cticos y de dise\u00f1o que difieren de los que encontramos al dise\u00f1ar una casa residencial. Cuestiones de privacidad, concentraci\u00f3n, trabajo agradable, iluminaci\u00f3n adecuada para el trabajo y tambi\u00e9n ac\u00fastica vienen a la mente de los dise\u00f1adores que buscan soluciones avanzadas a todos los problemas.\u2026","rel":"","context":"En \u00abEstilo de Vida\u00bb","img":{"alt_text":"","src":"https:\/\/i1.wp.com\/multiformas.com.co\/es\/blog\/wp-content\/uploads\/2020\/10\/1-14-1200x800.jpg?fit=1200%2C800&ssl=1&resize=350%2C200","width":350,"height":200},"classes":[]},{"id":132,"url":"https:\/\/multiformas.com.co\/es\/blog\/2017\/10\/27\/el-papel-tapiz-una-forma-de-expresar-su-personalidad\/","url_meta":{"origin":297,"position":5},"title":"El papel tapiz, una forma de expresar tu personalidad.","date":"octubre 27, 2017","format":false,"excerpt":"El papel tapiz no es algo nuevo, fueron usados en los a\u00f1os 1970 por un sin fin de personas, b\u00e1sicamente en hogares y uno que otro empresario o abogado, rompieron la regla y llenaron sus oficinas de dise\u00f1o y color. Sin embargo, despu\u00e9s de varias d\u00e9cadas vuelven a aparecer, esta\u2026","rel":"","context":"En \u00abDecoraci\u00f3n\u00bb","img":{"alt_text":"","src":"https:\/\/i0.wp.com\/multiformas.com.co\/es\/blog\/wp-content\/uploads\/2017\/10\/1-1.jpg?fit=1024%2C768&ssl=1&resize=350%2C200","width":350,"height":200},"classes":[]}],"_links":{"self":[{"href":"https:\/\/multiformas.com.co\/es\/blog\/wp-json\/wp\/v2\/posts\/297"}],"collection":[{"href":"https:\/\/multiformas.com.co\/es\/blog\/wp-json\/wp\/v2\/posts"}],"about":[{"href":"https:\/\/multiformas.com.co\/es\/blog\/wp-json\/wp\/v2\/types\/post"}],"author":[{"embeddable":true,"href":"https:\/\/multiformas.com.co\/es\/blog\/wp-json\/wp\/v2\/users\/1"}],"replies":[{"embeddable":true,"href":"https:\/\/multiformas.com.co\/es\/blog\/wp-json\/wp\/v2\/comments?post=297"}],"version-history":[{"count":9,"href":"https:\/\/multiformas.com.co\/es\/blog\/wp-json\/wp\/v2\/posts\/297\/revisions"}],"predecessor-version":[{"id":315,"href":"https:\/\/multiformas.com.co\/es\/blog\/wp-json\/wp\/v2\/posts\/297\/revisions\/315"}],"wp:featuredmedia":[{"embeddable":true,"href":"https:\/\/multiformas.com.co\/es\/blog\/wp-json\/wp\/v2\/media\/309"}],"wp:attachment":[{"href":"https:\/\/multiformas.com.co\/es\/blog\/wp-json\/wp\/v2\/media?parent=297"}],"wp:term":[{"taxonomy":"category","embeddable":true,"href":"https:\/\/multiformas.com.co\/es\/blog\/wp-json\/wp\/v2\/categories?post=297"},{"taxonomy":"post_tag","embeddable":true,"href":"https:\/\/multiformas.com.co\/es\/blog\/wp-json\/wp\/v2\/tags?post=297"}],"curies":[{"name":"wp","href":"https:\/\/api.w.org\/{rel}","templated":true}]}}