{"id":318,"date":"2017-11-16T17:30:52","date_gmt":"2017-11-16T17:30:52","guid":{"rendered":"https:\/\/multiformas.com.co\/es\/blog\/?p=318"},"modified":"2018-02-21T00:18:25","modified_gmt":"2018-02-21T00:18:25","slug":"holanda-renueva-sus-oficinas-ministeriales-con-gran-estilo","status":"publish","type":"post","link":"https:\/\/multiformas.com.co\/es\/blog\/2017\/11\/16\/holanda-renueva-sus-oficinas-ministeriales-con-gran-estilo\/","title":{"rendered":"Holanda renueva sus oficinas ministeriales con gran estilo."},"content":{"rendered":"<p>El edificio Rijnstraat 8 que alberga las oficinas del Ministerio de Vivienda, Planificaci\u00f3n Espacial y Medio Ambiente, es el protagonista de una remodelaci\u00f3n ambiciosa pero inteligente.<\/p>\n<p>Esta vez el gobierno no ha premiado a sus empleados con incentivos en moneda corriente, en lugar de eso gobierno de Holanda ha tenido una actuaci\u00f3n inteligente al remodelar sus oficinas y llevar a sus empleados de una oficina gubernamental mon\u00f3tona y desprovista de vida propia, a un espacio digno de empresas como Microsoft, donde cualquiera desear\u00eda trabajar.<\/p>\n<p style=\"text-align: center;\">(Vea:\u00a0<a href=\"https:\/\/multiformas.com.co\/es\/blog\/2017\/11\/10\/la-imagen-corporativa-de-las-grandes-empresas\/\">La imagen corporativa de las grandes empresas<\/a>)<\/p>\n<p>Sin embargo, este edificio no se contempl\u00f3 como un caj\u00f3n lleno de personas, fue dise\u00f1ado en 1980 por Jan Hoogstad y se termin\u00f3 de construir en 1992, para su \u00e9poca era s\u00edmbolo de modernidad, contando con un atrio exterior que se conectaba con el interior del edificio y la disposici\u00f3n de las oficinas se encontraba orientada de vista al atrio.<\/p>\n<p>La remodelaci\u00f3n estuvo a cargo de las empresas BAM, ISS y OMA, liderado por los arquitectos Ellen van Loon y Bart Nicolaas inspirada en la premisa \u201cmenos es m\u00e1s\u201d reduciendo los espacios de oficina y al mismo tiempo creando espacios amplios, en este sentido el edificio es totalmente sostenible en cuanto a iluminaci\u00f3n, cuenta con paneles solares y luces led, adicionalmente se instal\u00f3 un sistema que almacena calor y fri\u00f3.<\/p>\n<p style=\"text-align: center;\">(Vea:\u00a0<a href=\"https:\/\/multiformas.com.co\/es\/blog\/2017\/10\/27\/como-tener-una-oficina-ecologia-en-4-pasos\/\">Como tener una oficina ecol\u00f3gica en 4 pasos<\/a>)<\/p>\n<p>Internamente se dise\u00f1aron \u00e1reas de reuni\u00f3n corporativa y social con el objetivo de alejar a los usuarios del agotamiento laboral, cuenta con 6 atrios dispuestos con vista al interior y al exterior entre norte y sur, cada uno con un tema y dise\u00f1o diferente, entregando un dinamismo \u00fanico al edifico.<\/p>\n<p style=\"text-align: center;\">(Vea:\u00a0<a href=\"https:\/\/multiformas.com.co\/es\/blog\/2017\/10\/27\/dale-la-vuelta-al-agotamiento-laboral\/\">Dale la vuelta al agotamiento laboral<\/a>)<\/p>\n<p>En cuanto a estructura vemos que el edificio esta desprovisto de paredes tanto en el interior con oficinas abiertas hacia el centro del edificio, lo que mejora la fluidez en el espacio y en el exterior con paneles de vidrio que conecta al edificio con la ciudad, logrado iluminaci\u00f3n instant\u00e1nea que favorece la productividad, en la decoraci\u00f3n tenemos un minimalismo evidente y elementos contempor\u00e1neos con detalles cl\u00e1sicos en las pinturas que se observan en las salas de reuniones, con acabados modernos y futuristas en pasillos y espacios de transici\u00f3n, pero tambi\u00e9n elementos eco con hermosos arbolitos plantados en medio de las oficinas.<\/p>\n<p>La inteligencia del dise\u00f1o va m\u00e1s all\u00e1 de la estructura interna, se construy\u00f3 un corredor subterr\u00e1neo que va desde la estaci\u00f3n central de La Haya (donde se ubica el edificio) hacia el interior de la estructura, en la planta baja se encuentran diversas \u00e1reas p\u00fablicas de interacci\u00f3n entre usuarios y empleados, que cuenta con tiendas, cafeter\u00edas y \u00e1reas sociales.<\/p>\n<p>El nuevo Rijnstraat 8 conecta la cuidad de La Haya con sus entidades gubernamentales de una manera m\u00e1s amable y eficiente, adem\u00e1s de proveer espacios de oficinas amplios, c\u00f3modos y seguros para sus empleados.<\/p>\n<div class=\"tiled-gallery type-rectangular tiled-gallery-unresized\" data-original-width=\"640\" data-carousel-extra='{&quot;blog_id&quot;:1,&quot;permalink&quot;:&quot;https:\\\/\\\/multiformas.com.co\\\/es\\\/blog\\\/2017\\\/11\\\/16\\\/holanda-renueva-sus-oficinas-ministeriales-con-gran-estilo\\\/&quot;,&quot;likes_blog_id&quot;:137890109}' itemscope itemtype=\"http:\/\/schema.org\/ImageGallery\" > <div class=\"gallery-row\" style=\"width: 640px; height: 318px;\" data-original-width=\"640\" data-original-height=\"318\" > <div class=\"gallery-group images-1\" style=\"width: 214px; height: 318px;\" data-original-width=\"214\" data-original-height=\"318\" > <div class=\"tiled-gallery-item tiled-gallery-item-small\" itemprop=\"associatedMedia\" itemscope itemtype=\"http:\/\/schema.org\/ImageObject\"> <a href=\"https:\/\/multiformas.com.co\/es\/blog\/2017\/11\/16\/holanda-renueva-sus-oficinas-ministeriales-con-gran-estilo\/01_rijnstraat__photo_by_nick_guttrige\/\" border=\"0\" itemprop=\"url\"> <meta itemprop=\"width\" content=\"210\"> <meta itemprop=\"height\" content=\"314\"> <img data-attachment-id=\"319\" data-orig-file=\"https:\/\/multiformas.com.co\/es\/blog\/wp-content\/uploads\/2017\/11\/01_Rijnstraat__Photo_by_Nick_Guttrige.jpg\" data-orig-size=\"667,1000\" data-comments-opened=\"1\" data-image-meta=\"{&quot;aperture&quot;:&quot;8&quot;,&quot;credit&quot;:&quot;&quot;,&quot;camera&quot;:&quot;X-T2&quot;,&quot;caption&quot;:&quot;&quot;,&quot;created_timestamp&quot;:&quot;1507193165&quot;,&quot;copyright&quot;:&quot;&quot;,&quot;focal_length&quot;:&quot;35&quot;,&quot;iso&quot;:&quot;500&quot;,&quot;shutter_speed&quot;:&quot;0.076923076923077&quot;,&quot;title&quot;:&quot;&quot;,&quot;orientation&quot;:&quot;1&quot;}\" data-image-title=\"01_Rijnstraat__Photo_by_Nick_Guttrige\" data-image-description=\"&lt;p&gt; Delfino Sisto Legnani y Marco Cappelletti, \u00a9 OMA&lt;\/p&gt; \" data-medium-file=\"https:\/\/i2.wp.com\/multiformas.com.co\/es\/blog\/wp-content\/uploads\/2017\/11\/01_Rijnstraat__Photo_by_Nick_Guttrige.jpg?fit=200%2C300&#038;ssl=1\" data-large-file=\"https:\/\/i2.wp.com\/multiformas.com.co\/es\/blog\/wp-content\/uploads\/2017\/11\/01_Rijnstraat__Photo_by_Nick_Guttrige.jpg?fit=640%2C960&#038;ssl=1\" src=\"https:\/\/i2.wp.com\/multiformas.com.co\/es\/blog\/wp-content\/uploads\/2017\/11\/01_Rijnstraat__Photo_by_Nick_Guttrige.jpg?w=210&#038;h=314&#038;ssl=1\" width=\"210\" height=\"314\" data-original-width=\"210\" data-original-height=\"314\" itemprop=\"http:\/\/schema.org\/image\" title=\"01_Rijnstraat__Photo_by_Nick_Guttrige\" alt=\"01_Rijnstraat__Photo_by_Nick_Guttrige\" style=\"width: 210px; height: 314px;\" \/> <\/a> <\/div> <\/div> <!-- close group --> <div class=\"gallery-group images-1\" style=\"width: 213px; height: 318px;\" data-original-width=\"213\" data-original-height=\"318\" > <div class=\"tiled-gallery-item tiled-gallery-item-small\" itemprop=\"associatedMedia\" itemscope itemtype=\"http:\/\/schema.org\/ImageObject\"> <a href=\"https:\/\/multiformas.com.co\/es\/blog\/2017\/11\/16\/holanda-renueva-sus-oficinas-ministeriales-con-gran-estilo\/02_rijnstraat__photo_by_nick_guttrige\/\" border=\"0\" itemprop=\"url\"> <meta itemprop=\"width\" content=\"209\"> <meta itemprop=\"height\" content=\"314\"> <img data-attachment-id=\"320\" data-orig-file=\"https:\/\/multiformas.com.co\/es\/blog\/wp-content\/uploads\/2017\/11\/02_Rijnstraat__Photo_by_Nick_Guttrige.jpg\" data-orig-size=\"667,1000\" data-comments-opened=\"1\" data-image-meta=\"{&quot;aperture&quot;:&quot;8&quot;,&quot;credit&quot;:&quot;&quot;,&quot;camera&quot;:&quot;X-T2&quot;,&quot;caption&quot;:&quot;&quot;,&quot;created_timestamp&quot;:&quot;1507282888&quot;,&quot;copyright&quot;:&quot;&quot;,&quot;focal_length&quot;:&quot;16&quot;,&quot;iso&quot;:&quot;200&quot;,&quot;shutter_speed&quot;:&quot;0.1&quot;,&quot;title&quot;:&quot;&quot;,&quot;orientation&quot;:&quot;1&quot;}\" data-image-title=\"02_Rijnstraat__Photo_by_Nick_Guttrige\" data-image-description=\"\" data-medium-file=\"https:\/\/i1.wp.com\/multiformas.com.co\/es\/blog\/wp-content\/uploads\/2017\/11\/02_Rijnstraat__Photo_by_Nick_Guttrige.jpg?fit=200%2C300&#038;ssl=1\" data-large-file=\"https:\/\/i1.wp.com\/multiformas.com.co\/es\/blog\/wp-content\/uploads\/2017\/11\/02_Rijnstraat__Photo_by_Nick_Guttrige.jpg?fit=640%2C960&#038;ssl=1\" src=\"https:\/\/i1.wp.com\/multiformas.com.co\/es\/blog\/wp-content\/uploads\/2017\/11\/02_Rijnstraat__Photo_by_Nick_Guttrige.jpg?w=209&#038;h=314&#038;ssl=1\" width=\"209\" height=\"314\" data-original-width=\"209\" data-original-height=\"314\" itemprop=\"http:\/\/schema.org\/image\" title=\"02_Rijnstraat__Photo_by_Nick_Guttrige\" alt=\"02_Rijnstraat__Photo_by_Nick_Guttrige\" style=\"width: 209px; height: 314px;\" \/> <\/a> <\/div> <\/div> <!-- close group --> <div class=\"gallery-group images-1\" style=\"width: 213px; height: 318px;\" data-original-width=\"213\" data-original-height=\"318\" > <div class=\"tiled-gallery-item tiled-gallery-item-small\" itemprop=\"associatedMedia\" itemscope itemtype=\"http:\/\/schema.org\/ImageObject\"> <a href=\"https:\/\/multiformas.com.co\/es\/blog\/2017\/11\/16\/holanda-renueva-sus-oficinas-ministeriales-con-gran-estilo\/03_rijnstraat__photo_by_nick_guttrige\/\" border=\"0\" itemprop=\"url\"> <meta itemprop=\"width\" content=\"209\"> <meta itemprop=\"height\" content=\"314\"> <img data-attachment-id=\"321\" data-orig-file=\"https:\/\/multiformas.com.co\/es\/blog\/wp-content\/uploads\/2017\/11\/03_Rijnstraat__Photo_by_Nick_Guttrige.jpg\" data-orig-size=\"667,1000\" data-comments-opened=\"1\" data-image-meta=\"{&quot;aperture&quot;:&quot;9&quot;,&quot;credit&quot;:&quot;&quot;,&quot;camera&quot;:&quot;X-T2&quot;,&quot;caption&quot;:&quot;&quot;,&quot;created_timestamp&quot;:&quot;1507196465&quot;,&quot;copyright&quot;:&quot;&quot;,&quot;focal_length&quot;:&quot;35&quot;,&quot;iso&quot;:&quot;200&quot;,&quot;shutter_speed&quot;:&quot;0.4&quot;,&quot;title&quot;:&quot;&quot;,&quot;orientation&quot;:&quot;1&quot;}\" data-image-title=\"03_Rijnstraat__Photo_by_Nick_Guttrige\" data-image-description=\"\" data-medium-file=\"https:\/\/i0.wp.com\/multiformas.com.co\/es\/blog\/wp-content\/uploads\/2017\/11\/03_Rijnstraat__Photo_by_Nick_Guttrige.jpg?fit=200%2C300&#038;ssl=1\" data-large-file=\"https:\/\/i0.wp.com\/multiformas.com.co\/es\/blog\/wp-content\/uploads\/2017\/11\/03_Rijnstraat__Photo_by_Nick_Guttrige.jpg?fit=640%2C960&#038;ssl=1\" src=\"https:\/\/i0.wp.com\/multiformas.com.co\/es\/blog\/wp-content\/uploads\/2017\/11\/03_Rijnstraat__Photo_by_Nick_Guttrige.jpg?w=209&#038;h=314&#038;ssl=1\" width=\"209\" height=\"314\" data-original-width=\"209\" data-original-height=\"314\" itemprop=\"http:\/\/schema.org\/image\" title=\"03_Rijnstraat__Photo_by_Nick_Guttrige\" alt=\"03_Rijnstraat__Photo_by_Nick_Guttrige\" style=\"width: 209px; height: 314px;\" \/> <\/a> <\/div> <\/div> <!-- close group --> <\/div> <!-- close row --> <div class=\"gallery-row\" style=\"width: 640px; height: 296px;\" data-original-width=\"640\" data-original-height=\"296\" > <div class=\"gallery-group images-1\" style=\"width: 441px; height: 296px;\" data-original-width=\"441\" data-original-height=\"296\" > <div class=\"tiled-gallery-item tiled-gallery-item-large\" itemprop=\"associatedMedia\" itemscope itemtype=\"http:\/\/schema.org\/ImageObject\"> <a href=\"https:\/\/multiformas.com.co\/es\/blog\/2017\/11\/16\/holanda-renueva-sus-oficinas-ministeriales-con-gran-estilo\/3e23a94746fb4ea1bdd4eaab26056196-6e7b65d0\/\" border=\"0\" itemprop=\"url\"> <meta itemprop=\"width\" content=\"437\"> <meta itemprop=\"height\" content=\"292\"> <img data-attachment-id=\"322\" data-orig-file=\"https:\/\/multiformas.com.co\/es\/blog\/wp-content\/uploads\/2017\/11\/3e23a94746fb4ea1bdd4eaab26056196.6e7b65d0.jpg\" data-orig-size=\"780,520\" data-comments-opened=\"1\" data-image-meta=\"{&quot;aperture&quot;:&quot;16&quot;,&quot;credit&quot;:&quot;Marco Cappelletti&quot;,&quot;camera&quot;:&quot;Canon EOS 5D Mark IV&quot;,&quot;caption&quot;:&quot;&quot;,&quot;created_timestamp&quot;:&quot;1497375280&quot;,&quot;copyright&quot;:&quot;&quot;,&quot;focal_length&quot;:&quot;15&quot;,&quot;iso&quot;:&quot;100&quot;,&quot;shutter_speed&quot;:&quot;0.05&quot;,&quot;title&quot;:&quot;&quot;,&quot;orientation&quot;:&quot;1&quot;}\" data-image-title=\"3e23a94746fb4ea1bdd4eaab26056196.6e7b65d0\" data-image-description=\"\" data-medium-file=\"https:\/\/i0.wp.com\/multiformas.com.co\/es\/blog\/wp-content\/uploads\/2017\/11\/3e23a94746fb4ea1bdd4eaab26056196.6e7b65d0.jpg?fit=300%2C200&#038;ssl=1\" data-large-file=\"https:\/\/i0.wp.com\/multiformas.com.co\/es\/blog\/wp-content\/uploads\/2017\/11\/3e23a94746fb4ea1bdd4eaab26056196.6e7b65d0.jpg?fit=640%2C427&#038;ssl=1\" src=\"https:\/\/i0.wp.com\/multiformas.com.co\/es\/blog\/wp-content\/uploads\/2017\/11\/3e23a94746fb4ea1bdd4eaab26056196.6e7b65d0.jpg?w=437&#038;h=292&#038;ssl=1\" width=\"437\" height=\"292\" data-original-width=\"437\" data-original-height=\"292\" itemprop=\"http:\/\/schema.org\/image\" title=\"3e23a94746fb4ea1bdd4eaab26056196.6e7b65d0\" alt=\"3e23a94746fb4ea1bdd4eaab26056196.6e7b65d0\" style=\"width: 437px; height: 292px;\" \/> <\/a> <\/div> <\/div> <!-- close group --> <div class=\"gallery-group images-1\" style=\"width: 199px; height: 296px;\" data-original-width=\"199\" data-original-height=\"296\" > <div class=\"tiled-gallery-item tiled-gallery-item-small\" itemprop=\"associatedMedia\" itemscope itemtype=\"http:\/\/schema.org\/ImageObject\"> <a href=\"https:\/\/multiformas.com.co\/es\/blog\/2017\/11\/16\/holanda-renueva-sus-oficinas-ministeriales-con-gran-estilo\/04_rijnstraat__photo_by_nick_guttrige\/\" border=\"0\" itemprop=\"url\"> <meta itemprop=\"width\" content=\"195\"> <meta itemprop=\"height\" content=\"292\"> <img data-attachment-id=\"323\" data-orig-file=\"https:\/\/multiformas.com.co\/es\/blog\/wp-content\/uploads\/2017\/11\/04_Rijnstraat__Photo_by_Nick_Guttrige.jpg\" data-orig-size=\"667,1000\" data-comments-opened=\"1\" data-image-meta=\"{&quot;aperture&quot;:&quot;16&quot;,&quot;credit&quot;:&quot;&quot;,&quot;camera&quot;:&quot;X-T2&quot;,&quot;caption&quot;:&quot;&quot;,&quot;created_timestamp&quot;:&quot;1507201333&quot;,&quot;copyright&quot;:&quot;&quot;,&quot;focal_length&quot;:&quot;56&quot;,&quot;iso&quot;:&quot;200&quot;,&quot;shutter_speed&quot;:&quot;0.25&quot;,&quot;title&quot;:&quot;&quot;,&quot;orientation&quot;:&quot;1&quot;}\" data-image-title=\"04_Rijnstraat__Photo_by_Nick_Guttrige\" data-image-description=\"\" data-medium-file=\"https:\/\/i1.wp.com\/multiformas.com.co\/es\/blog\/wp-content\/uploads\/2017\/11\/04_Rijnstraat__Photo_by_Nick_Guttrige.jpg?fit=200%2C300&#038;ssl=1\" data-large-file=\"https:\/\/i1.wp.com\/multiformas.com.co\/es\/blog\/wp-content\/uploads\/2017\/11\/04_Rijnstraat__Photo_by_Nick_Guttrige.jpg?fit=640%2C960&#038;ssl=1\" src=\"https:\/\/i1.wp.com\/multiformas.com.co\/es\/blog\/wp-content\/uploads\/2017\/11\/04_Rijnstraat__Photo_by_Nick_Guttrige.jpg?w=195&#038;h=292&#038;ssl=1\" width=\"195\" height=\"292\" data-original-width=\"195\" data-original-height=\"292\" itemprop=\"http:\/\/schema.org\/image\" title=\"04_Rijnstraat__Photo_by_Nick_Guttrige\" alt=\"04_Rijnstraat__Photo_by_Nick_Guttrige\" style=\"width: 195px; height: 292px;\" \/> <\/a> <\/div> <\/div> <!-- close group --> <\/div> <!-- close row --> <div class=\"gallery-row\" style=\"width: 640px; height: 215px;\" data-original-width=\"640\" data-original-height=\"215\" > <div class=\"gallery-group images-1\" style=\"width: 320px; height: 215px;\" data-original-width=\"320\" data-original-height=\"215\" > <div class=\"tiled-gallery-item tiled-gallery-item-large\" itemprop=\"associatedMedia\" itemscope itemtype=\"http:\/\/schema.org\/ImageObject\"> <a href=\"https:\/\/multiformas.com.co\/es\/blog\/2017\/11\/16\/holanda-renueva-sus-oficinas-ministeriales-con-gran-estilo\/4ec65f96502e4d92b3ce61f458c59756-6e7b65d0\/\" border=\"0\" itemprop=\"url\"> <meta itemprop=\"width\" content=\"316\"> <meta itemprop=\"height\" content=\"211\"> <img data-attachment-id=\"324\" data-orig-file=\"https:\/\/multiformas.com.co\/es\/blog\/wp-content\/uploads\/2017\/11\/4ec65f96502e4d92b3ce61f458c59756.6e7b65d0.jpg\" data-orig-size=\"780,520\" data-comments-opened=\"1\" data-image-meta=\"{&quot;aperture&quot;:&quot;11&quot;,&quot;credit&quot;:&quot;Marco Cappelletti&quot;,&quot;camera&quot;:&quot;Canon EOS 5D Mark IV&quot;,&quot;caption&quot;:&quot;&quot;,&quot;created_timestamp&quot;:&quot;1497330106&quot;,&quot;copyright&quot;:&quot;&quot;,&quot;focal_length&quot;:&quot;12&quot;,&quot;iso&quot;:&quot;100&quot;,&quot;shutter_speed&quot;:&quot;4&quot;,&quot;title&quot;:&quot;&quot;,&quot;orientation&quot;:&quot;1&quot;}\" data-image-title=\"4ec65f96502e4d92b3ce61f458c59756.6e7b65d0\" data-image-description=\"\" data-medium-file=\"https:\/\/i2.wp.com\/multiformas.com.co\/es\/blog\/wp-content\/uploads\/2017\/11\/4ec65f96502e4d92b3ce61f458c59756.6e7b65d0.jpg?fit=300%2C200&#038;ssl=1\" data-large-file=\"https:\/\/i2.wp.com\/multiformas.com.co\/es\/blog\/wp-content\/uploads\/2017\/11\/4ec65f96502e4d92b3ce61f458c59756.6e7b65d0.jpg?fit=640%2C427&#038;ssl=1\" src=\"https:\/\/i2.wp.com\/multiformas.com.co\/es\/blog\/wp-content\/uploads\/2017\/11\/4ec65f96502e4d92b3ce61f458c59756.6e7b65d0.jpg?w=316&#038;h=211&#038;ssl=1\" width=\"316\" height=\"211\" data-original-width=\"316\" data-original-height=\"211\" itemprop=\"http:\/\/schema.org\/image\" title=\"4ec65f96502e4d92b3ce61f458c59756.6e7b65d0\" alt=\"Rijnstraat 8 Fodo OMA\" style=\"width: 316px; height: 211px;\" \/> <\/a> <div class=\"tiled-gallery-caption\" itemprop=\"caption description\"> Rijnstraat 8 Fodo OMA <\/div> <\/div> <\/div> <!-- close group --> <div class=\"gallery-group images-1\" style=\"width: 320px; height: 215px;\" data-original-width=\"320\" data-original-height=\"215\" > <div class=\"tiled-gallery-item tiled-gallery-item-large\" itemprop=\"associatedMedia\" itemscope itemtype=\"http:\/\/schema.org\/ImageObject\"> <a href=\"https:\/\/multiformas.com.co\/es\/blog\/2017\/11\/16\/holanda-renueva-sus-oficinas-ministeriales-con-gran-estilo\/08_rijnstraat__photo_by_nick_guttrige\/\" border=\"0\" itemprop=\"url\"> <meta itemprop=\"width\" content=\"316\"> <meta itemprop=\"height\" content=\"211\"> <img data-attachment-id=\"325\" data-orig-file=\"https:\/\/multiformas.com.co\/es\/blog\/wp-content\/uploads\/2017\/11\/08_Rijnstraat__Photo_by_Nick_Guttrige.jpg\" data-orig-size=\"1500,1000\" data-comments-opened=\"1\" data-image-meta=\"{&quot;aperture&quot;:&quot;10&quot;,&quot;credit&quot;:&quot;&quot;,&quot;camera&quot;:&quot;X-T2&quot;,&quot;caption&quot;:&quot;&quot;,&quot;created_timestamp&quot;:&quot;1507218603&quot;,&quot;copyright&quot;:&quot;&quot;,&quot;focal_length&quot;:&quot;16&quot;,&quot;iso&quot;:&quot;200&quot;,&quot;shutter_speed&quot;:&quot;0.058823529411765&quot;,&quot;title&quot;:&quot;&quot;,&quot;orientation&quot;:&quot;1&quot;}\" data-image-title=\"08_Rijnstraat__Photo_by_Nick_Guttrige\" data-image-description=\"\" data-medium-file=\"https:\/\/i1.wp.com\/multiformas.com.co\/es\/blog\/wp-content\/uploads\/2017\/11\/08_Rijnstraat__Photo_by_Nick_Guttrige.jpg?fit=300%2C200&#038;ssl=1\" data-large-file=\"https:\/\/i1.wp.com\/multiformas.com.co\/es\/blog\/wp-content\/uploads\/2017\/11\/08_Rijnstraat__Photo_by_Nick_Guttrige.jpg?fit=640%2C427&#038;ssl=1\" src=\"https:\/\/i1.wp.com\/multiformas.com.co\/es\/blog\/wp-content\/uploads\/2017\/11\/08_Rijnstraat__Photo_by_Nick_Guttrige.jpg?w=316&#038;h=211&#038;ssl=1\" width=\"316\" height=\"211\" data-original-width=\"316\" data-original-height=\"211\" itemprop=\"http:\/\/schema.org\/image\" title=\"08_Rijnstraat__Photo_by_Nick_Guttrige\" alt=\"08_Rijnstraat__Photo_by_Nick_Guttrige\" style=\"width: 316px; height: 211px;\" \/> <\/a> <\/div> <\/div> <!-- close group --> <\/div> <!-- close row --> <div class=\"gallery-row\" style=\"width: 640px; height: 312px;\" data-original-width=\"640\" data-original-height=\"312\" > <div class=\"gallery-group images-1\" style=\"width: 640px; height: 312px;\" data-original-width=\"640\" data-original-height=\"312\" > <div class=\"tiled-gallery-item tiled-gallery-item-large\" itemprop=\"associatedMedia\" itemscope itemtype=\"http:\/\/schema.org\/ImageObject\"> <a href=\"https:\/\/multiformas.com.co\/es\/blog\/2017\/11\/16\/holanda-renueva-sus-oficinas-ministeriales-con-gran-estilo\/09_rijnstraat__photo_by_nick_guttrige\/\" border=\"0\" itemprop=\"url\"> <meta itemprop=\"width\" content=\"636\"> <meta itemprop=\"height\" content=\"308\"> <img data-attachment-id=\"326\" data-orig-file=\"https:\/\/multiformas.com.co\/es\/blog\/wp-content\/uploads\/2017\/11\/09_Rijnstraat__Photo_by_Nick_Guttrige.jpg\" data-orig-size=\"1582,767\" data-comments-opened=\"1\" data-image-meta=\"{&quot;aperture&quot;:&quot;0&quot;,&quot;credit&quot;:&quot;&quot;,&quot;camera&quot;:&quot;Leaf Aptus 22(LF3546 )\\\/Large Format&quot;,&quot;caption&quot;:&quot;&quot;,&quot;created_timestamp&quot;:&quot;4294967295&quot;,&quot;copyright&quot;:&quot;&quot;,&quot;focal_length&quot;:&quot;0&quot;,&quot;iso&quot;:&quot;25&quot;,&quot;shutter_speed&quot;:&quot;0&quot;,&quot;title&quot;:&quot;&quot;,&quot;orientation&quot;:&quot;1&quot;}\" data-image-title=\"09_Rijnstraat__Photo_by_Nick_Guttrige\" data-image-description=\"\" data-medium-file=\"https:\/\/i0.wp.com\/multiformas.com.co\/es\/blog\/wp-content\/uploads\/2017\/11\/09_Rijnstraat__Photo_by_Nick_Guttrige.jpg?fit=300%2C145&#038;ssl=1\" data-large-file=\"https:\/\/i0.wp.com\/multiformas.com.co\/es\/blog\/wp-content\/uploads\/2017\/11\/09_Rijnstraat__Photo_by_Nick_Guttrige.jpg?fit=640%2C310&#038;ssl=1\" src=\"https:\/\/i0.wp.com\/multiformas.com.co\/es\/blog\/wp-content\/uploads\/2017\/11\/09_Rijnstraat__Photo_by_Nick_Guttrige.jpg?w=636&#038;h=308&#038;ssl=1\" width=\"636\" height=\"308\" data-original-width=\"636\" data-original-height=\"308\" itemprop=\"http:\/\/schema.org\/image\" title=\"09_Rijnstraat__Photo_by_Nick_Guttrige\" alt=\"09_Rijnstraat__Photo_by_Nick_Guttrige\" style=\"width: 636px; height: 308px;\" \/> <\/a> <\/div> <\/div> <!-- close group --> <\/div> <!-- close row --> <div class=\"gallery-row\" style=\"width: 640px; height: 171px;\" data-original-width=\"640\" data-original-height=\"171\" > <div class=\"gallery-group images-1\" style=\"width: 255px; height: 171px;\" data-original-width=\"255\" data-original-height=\"171\" > <div class=\"tiled-gallery-item tiled-gallery-item-large\" itemprop=\"associatedMedia\" itemscope itemtype=\"http:\/\/schema.org\/ImageObject\"> <a href=\"https:\/\/multiformas.com.co\/es\/blog\/2017\/11\/16\/holanda-renueva-sus-oficinas-ministeriales-con-gran-estilo\/10aca7151d324ac696b3bc40da88c858-6e7b65d0\/\" border=\"0\" itemprop=\"url\"> <meta itemprop=\"width\" content=\"251\"> <meta itemprop=\"height\" content=\"167\"> <img data-attachment-id=\"327\" data-orig-file=\"https:\/\/multiformas.com.co\/es\/blog\/wp-content\/uploads\/2017\/11\/10aca7151d324ac696b3bc40da88c858.6e7b65d0.jpg\" data-orig-size=\"780,520\" data-comments-opened=\"1\" data-image-meta=\"{&quot;aperture&quot;:&quot;11&quot;,&quot;credit&quot;:&quot;Marco Cappelletti&quot;,&quot;camera&quot;:&quot;Canon EOS 5D Mark IV&quot;,&quot;caption&quot;:&quot;&quot;,&quot;created_timestamp&quot;:&quot;1497362670&quot;,&quot;copyright&quot;:&quot;&quot;,&quot;focal_length&quot;:&quot;12&quot;,&quot;iso&quot;:&quot;100&quot;,&quot;shutter_speed&quot;:&quot;0.4&quot;,&quot;title&quot;:&quot;&quot;,&quot;orientation&quot;:&quot;1&quot;}\" data-image-title=\"10aca7151d324ac696b3bc40da88c858.6e7b65d0\" data-image-description=\"\" data-medium-file=\"https:\/\/i2.wp.com\/multiformas.com.co\/es\/blog\/wp-content\/uploads\/2017\/11\/10aca7151d324ac696b3bc40da88c858.6e7b65d0.jpg?fit=300%2C200&#038;ssl=1\" data-large-file=\"https:\/\/i2.wp.com\/multiformas.com.co\/es\/blog\/wp-content\/uploads\/2017\/11\/10aca7151d324ac696b3bc40da88c858.6e7b65d0.jpg?fit=640%2C427&#038;ssl=1\" src=\"https:\/\/i2.wp.com\/multiformas.com.co\/es\/blog\/wp-content\/uploads\/2017\/11\/10aca7151d324ac696b3bc40da88c858.6e7b65d0.jpg?w=251&#038;h=167&#038;ssl=1\" width=\"251\" height=\"167\" data-original-width=\"251\" data-original-height=\"167\" itemprop=\"http:\/\/schema.org\/image\" title=\"10aca7151d324ac696b3bc40da88c858.6e7b65d0\" alt=\"10aca7151d324ac696b3bc40da88c858.6e7b65d0\" style=\"width: 251px; height: 167px;\" \/> <\/a> <\/div> <\/div> <!-- close group --> <div class=\"gallery-group images-1\" style=\"width: 130px; height: 171px;\" data-original-width=\"130\" data-original-height=\"171\" > <div class=\"tiled-gallery-item tiled-gallery-item-small\" itemprop=\"associatedMedia\" itemscope itemtype=\"http:\/\/schema.org\/ImageObject\"> <a href=\"https:\/\/multiformas.com.co\/es\/blog\/2017\/11\/16\/holanda-renueva-sus-oficinas-ministeriales-con-gran-estilo\/15_rijnstraat__photo_by_delfino_sisto_legnani_and_marco_cappelletti\/\" border=\"0\" itemprop=\"url\"> <meta itemprop=\"width\" content=\"126\"> <meta itemprop=\"height\" content=\"167\"> <img data-attachment-id=\"328\" data-orig-file=\"https:\/\/multiformas.com.co\/es\/blog\/wp-content\/uploads\/2017\/11\/15_Rijnstraat__Photo_by_Delfino_Sisto_Legnani_and_Marco_Cappelletti.jpg\" data-orig-size=\"751,1000\" data-comments-opened=\"1\" data-image-meta=\"{&quot;aperture&quot;:&quot;16&quot;,&quot;credit&quot;:&quot;Marco Cappelletti&quot;,&quot;camera&quot;:&quot;Canon EOS 5D Mark IV&quot;,&quot;caption&quot;:&quot;&quot;,&quot;created_timestamp&quot;:&quot;1497375906&quot;,&quot;copyright&quot;:&quot;&quot;,&quot;focal_length&quot;:&quot;70&quot;,&quot;iso&quot;:&quot;100&quot;,&quot;shutter_speed&quot;:&quot;0.025&quot;,&quot;title&quot;:&quot;&quot;,&quot;orientation&quot;:&quot;0&quot;}\" data-image-title=\"15_Rijnstraat__Photo_by_Delfino_Sisto_Legnani_and_Marco_Cappelletti\" data-image-description=\"\" data-medium-file=\"https:\/\/i2.wp.com\/multiformas.com.co\/es\/blog\/wp-content\/uploads\/2017\/11\/15_Rijnstraat__Photo_by_Delfino_Sisto_Legnani_and_Marco_Cappelletti.jpg?fit=225%2C300&#038;ssl=1\" data-large-file=\"https:\/\/i2.wp.com\/multiformas.com.co\/es\/blog\/wp-content\/uploads\/2017\/11\/15_Rijnstraat__Photo_by_Delfino_Sisto_Legnani_and_Marco_Cappelletti.jpg?fit=640%2C852&#038;ssl=1\" src=\"https:\/\/i2.wp.com\/multiformas.com.co\/es\/blog\/wp-content\/uploads\/2017\/11\/15_Rijnstraat__Photo_by_Delfino_Sisto_Legnani_and_Marco_Cappelletti.jpg?w=126&#038;h=167&#038;ssl=1\" width=\"126\" height=\"167\" data-original-width=\"126\" data-original-height=\"167\" itemprop=\"http:\/\/schema.org\/image\" title=\"15_Rijnstraat__Photo_by_Delfino_Sisto_Legnani_and_Marco_Cappelletti\" alt=\"15_Rijnstraat__Photo_by_Delfino_Sisto_Legnani_and_Marco_Cappelletti\" style=\"width: 126px; height: 167px;\" \/> <\/a> <\/div> <\/div> <!-- close group --> <div class=\"gallery-group images-1\" style=\"width: 255px; height: 171px;\" data-original-width=\"255\" data-original-height=\"171\" > <div class=\"tiled-gallery-item tiled-gallery-item-large\" itemprop=\"associatedMedia\" itemscope itemtype=\"http:\/\/schema.org\/ImageObject\"> <a href=\"https:\/\/multiformas.com.co\/es\/blog\/2017\/11\/16\/holanda-renueva-sus-oficinas-ministeriales-con-gran-estilo\/20_rijnstraat__photo_by_delfino_sisto_legnani_and_marco_cappelletti\/\" border=\"0\" itemprop=\"url\"> <meta itemprop=\"width\" content=\"251\"> <meta itemprop=\"height\" content=\"167\"> <img data-attachment-id=\"329\" data-orig-file=\"https:\/\/multiformas.com.co\/es\/blog\/wp-content\/uploads\/2017\/11\/20_Rijnstraat__Photo_by_Delfino_Sisto_Legnani_and_Marco_Cappelletti.jpg\" data-orig-size=\"1500,1000\" data-comments-opened=\"1\" data-image-meta=\"{&quot;aperture&quot;:&quot;11&quot;,&quot;credit&quot;:&quot;Marco Cappelletti&quot;,&quot;camera&quot;:&quot;Canon EOS 5D Mark IV&quot;,&quot;caption&quot;:&quot;&quot;,&quot;created_timestamp&quot;:&quot;1497292770&quot;,&quot;copyright&quot;:&quot;&quot;,&quot;focal_length&quot;:&quot;16&quot;,&quot;iso&quot;:&quot;100&quot;,&quot;shutter_speed&quot;:&quot;6&quot;,&quot;title&quot;:&quot;&quot;,&quot;orientation&quot;:&quot;0&quot;}\" data-image-title=\"20_Rijnstraat__Photo_by_Delfino_Sisto_Legnani_and_Marco_Cappelletti\" data-image-description=\"\" data-medium-file=\"https:\/\/i1.wp.com\/multiformas.com.co\/es\/blog\/wp-content\/uploads\/2017\/11\/20_Rijnstraat__Photo_by_Delfino_Sisto_Legnani_and_Marco_Cappelletti.jpg?fit=300%2C200&#038;ssl=1\" data-large-file=\"https:\/\/i1.wp.com\/multiformas.com.co\/es\/blog\/wp-content\/uploads\/2017\/11\/20_Rijnstraat__Photo_by_Delfino_Sisto_Legnani_and_Marco_Cappelletti.jpg?fit=640%2C427&#038;ssl=1\" src=\"https:\/\/i1.wp.com\/multiformas.com.co\/es\/blog\/wp-content\/uploads\/2017\/11\/20_Rijnstraat__Photo_by_Delfino_Sisto_Legnani_and_Marco_Cappelletti.jpg?w=251&#038;h=167&#038;ssl=1\" width=\"251\" height=\"167\" data-original-width=\"251\" data-original-height=\"167\" itemprop=\"http:\/\/schema.org\/image\" title=\"20_Rijnstraat__Photo_by_Delfino_Sisto_Legnani_and_Marco_Cappelletti\" alt=\"20_Rijnstraat__Photo_by_Delfino_Sisto_Legnani_and_Marco_Cappelletti\" style=\"width: 251px; height: 167px;\" \/> <\/a> <\/div> <\/div> <!-- close group --> <\/div> <!-- close row --> <div class=\"gallery-row\" style=\"width: 640px; height: 517px;\" data-original-width=\"640\" data-original-height=\"517\" > <div class=\"gallery-group images-1\" style=\"width: 389px; height: 517px;\" data-original-width=\"389\" data-original-height=\"517\" > <div class=\"tiled-gallery-item tiled-gallery-item-large\" itemprop=\"associatedMedia\" itemscope itemtype=\"http:\/\/schema.org\/ImageObject\"> <a href=\"https:\/\/multiformas.com.co\/es\/blog\/2017\/11\/16\/holanda-renueva-sus-oficinas-ministeriales-con-gran-estilo\/22_rijnstraat__photo_by_delfino_sisto_legnani_and_marco_cappelletti\/\" border=\"0\" itemprop=\"url\"> <meta itemprop=\"width\" content=\"385\"> <meta itemprop=\"height\" content=\"513\"> <img data-attachment-id=\"330\" data-orig-file=\"https:\/\/multiformas.com.co\/es\/blog\/wp-content\/uploads\/2017\/11\/22_Rijnstraat__Photo_by_Delfino_Sisto_Legnani_and_Marco_Cappelletti.jpg\" data-orig-size=\"750,1000\" data-comments-opened=\"1\" data-image-meta=\"{&quot;aperture&quot;:&quot;0&quot;,&quot;credit&quot;:&quot;&quot;,&quot;camera&quot;:&quot;&quot;,&quot;caption&quot;:&quot;&quot;,&quot;created_timestamp&quot;:&quot;0&quot;,&quot;copyright&quot;:&quot;&quot;,&quot;focal_length&quot;:&quot;0&quot;,&quot;iso&quot;:&quot;0&quot;,&quot;shutter_speed&quot;:&quot;0&quot;,&quot;title&quot;:&quot;&quot;,&quot;orientation&quot;:&quot;0&quot;}\" data-image-title=\"22_Rijnstraat__Photo_by_Delfino_Sisto_Legnani_and_Marco_Cappelletti\" data-image-description=\"\" data-medium-file=\"https:\/\/i1.wp.com\/multiformas.com.co\/es\/blog\/wp-content\/uploads\/2017\/11\/22_Rijnstraat__Photo_by_Delfino_Sisto_Legnani_and_Marco_Cappelletti.jpg?fit=225%2C300&#038;ssl=1\" data-large-file=\"https:\/\/i1.wp.com\/multiformas.com.co\/es\/blog\/wp-content\/uploads\/2017\/11\/22_Rijnstraat__Photo_by_Delfino_Sisto_Legnani_and_Marco_Cappelletti.jpg?fit=640%2C853&#038;ssl=1\" src=\"https:\/\/i1.wp.com\/multiformas.com.co\/es\/blog\/wp-content\/uploads\/2017\/11\/22_Rijnstraat__Photo_by_Delfino_Sisto_Legnani_and_Marco_Cappelletti.jpg?w=385&#038;h=513&#038;ssl=1\" width=\"385\" height=\"513\" data-original-width=\"385\" data-original-height=\"513\" itemprop=\"http:\/\/schema.org\/image\" title=\"22_Rijnstraat__Photo_by_Delfino_Sisto_Legnani_and_Marco_Cappelletti\" alt=\"22_Rijnstraat__Photo_by_Delfino_Sisto_Legnani_and_Marco_Cappelletti\" style=\"width: 385px; height: 513px;\" \/> <\/a> <\/div> <\/div> <!-- close group --> <div class=\"gallery-group images-3\" style=\"width: 251px; height: 517px;\" data-original-width=\"251\" data-original-height=\"517\" > <div class=\"tiled-gallery-item tiled-gallery-item-small\" itemprop=\"associatedMedia\" itemscope itemtype=\"http:\/\/schema.org\/ImageObject\"> <a href=\"https:\/\/multiformas.com.co\/es\/blog\/2017\/11\/16\/holanda-renueva-sus-oficinas-ministeriales-con-gran-estilo\/245e98217e284684884ba981e862a71f-6e7b65d0\/\" border=\"0\" itemprop=\"url\"> <meta itemprop=\"width\" content=\"247\"> <meta itemprop=\"height\" content=\"165\"> <img data-attachment-id=\"331\" data-orig-file=\"https:\/\/multiformas.com.co\/es\/blog\/wp-content\/uploads\/2017\/11\/245e98217e284684884ba981e862a71f.6e7b65d0.jpg\" data-orig-size=\"780,520\" data-comments-opened=\"1\" data-image-meta=\"{&quot;aperture&quot;:&quot;11&quot;,&quot;credit&quot;:&quot;Marco Cappelletti&quot;,&quot;camera&quot;:&quot;Canon EOS 5D Mark IV&quot;,&quot;caption&quot;:&quot;&quot;,&quot;created_timestamp&quot;:&quot;1497307988&quot;,&quot;copyright&quot;:&quot;&quot;,&quot;focal_length&quot;:&quot;17&quot;,&quot;iso&quot;:&quot;100&quot;,&quot;shutter_speed&quot;:&quot;13&quot;,&quot;title&quot;:&quot;&quot;,&quot;orientation&quot;:&quot;1&quot;}\" data-image-title=\"245e98217e284684884ba981e862a71f.6e7b65d0\" data-image-description=\"\" data-medium-file=\"https:\/\/i2.wp.com\/multiformas.com.co\/es\/blog\/wp-content\/uploads\/2017\/11\/245e98217e284684884ba981e862a71f.6e7b65d0.jpg?fit=300%2C200&#038;ssl=1\" data-large-file=\"https:\/\/i2.wp.com\/multiformas.com.co\/es\/blog\/wp-content\/uploads\/2017\/11\/245e98217e284684884ba981e862a71f.6e7b65d0.jpg?fit=640%2C427&#038;ssl=1\" src=\"https:\/\/i2.wp.com\/multiformas.com.co\/es\/blog\/wp-content\/uploads\/2017\/11\/245e98217e284684884ba981e862a71f.6e7b65d0.jpg?w=247&#038;h=165&#038;ssl=1\" width=\"247\" height=\"165\" data-original-width=\"247\" data-original-height=\"165\" itemprop=\"http:\/\/schema.org\/image\" title=\"245e98217e284684884ba981e862a71f.6e7b65d0\" alt=\"245e98217e284684884ba981e862a71f.6e7b65d0\" style=\"width: 247px; height: 165px;\" \/> <\/a> <\/div> <div class=\"tiled-gallery-item tiled-gallery-item-small\" itemprop=\"associatedMedia\" itemscope itemtype=\"http:\/\/schema.org\/ImageObject\"> <a href=\"https:\/\/multiformas.com.co\/es\/blog\/2017\/11\/16\/holanda-renueva-sus-oficinas-ministeriales-con-gran-estilo\/721ef2a8488d4947bf5e24fb76ac2c30-6e7b65d0\/\" border=\"0\" itemprop=\"url\"> <meta itemprop=\"width\" content=\"247\"> <meta itemprop=\"height\" content=\"175\"> <img data-attachment-id=\"332\" data-orig-file=\"https:\/\/multiformas.com.co\/es\/blog\/wp-content\/uploads\/2017\/11\/721ef2a8488d4947bf5e24fb76ac2c30.6e7b65d0.jpg\" data-orig-size=\"780,553\" data-comments-opened=\"1\" data-image-meta=\"{&quot;aperture&quot;:&quot;0&quot;,&quot;credit&quot;:&quot;&quot;,&quot;camera&quot;:&quot;&quot;,&quot;caption&quot;:&quot;&quot;,&quot;created_timestamp&quot;:&quot;0&quot;,&quot;copyright&quot;:&quot;&quot;,&quot;focal_length&quot;:&quot;0&quot;,&quot;iso&quot;:&quot;0&quot;,&quot;shutter_speed&quot;:&quot;0&quot;,&quot;title&quot;:&quot;&quot;,&quot;orientation&quot;:&quot;1&quot;}\" data-image-title=\"721ef2a8488d4947bf5e24fb76ac2c30.6e7b65d0\" data-image-description=\"\" data-medium-file=\"https:\/\/i0.wp.com\/multiformas.com.co\/es\/blog\/wp-content\/uploads\/2017\/11\/721ef2a8488d4947bf5e24fb76ac2c30.6e7b65d0.jpg?fit=300%2C213&#038;ssl=1\" data-large-file=\"https:\/\/i0.wp.com\/multiformas.com.co\/es\/blog\/wp-content\/uploads\/2017\/11\/721ef2a8488d4947bf5e24fb76ac2c30.6e7b65d0.jpg?fit=640%2C454&#038;ssl=1\" src=\"https:\/\/i0.wp.com\/multiformas.com.co\/es\/blog\/wp-content\/uploads\/2017\/11\/721ef2a8488d4947bf5e24fb76ac2c30.6e7b65d0.jpg?w=247&#038;h=175&#038;ssl=1\" width=\"247\" height=\"175\" data-original-width=\"247\" data-original-height=\"175\" itemprop=\"http:\/\/schema.org\/image\" title=\"721ef2a8488d4947bf5e24fb76ac2c30.6e7b65d0\" alt=\"721ef2a8488d4947bf5e24fb76ac2c30.6e7b65d0\" style=\"width: 247px; height: 175px;\" \/> <\/a> <\/div> <div class=\"tiled-gallery-item tiled-gallery-item-small\" itemprop=\"associatedMedia\" itemscope itemtype=\"http:\/\/schema.org\/ImageObject\"> <a href=\"https:\/\/multiformas.com.co\/es\/blog\/2017\/11\/16\/holanda-renueva-sus-oficinas-ministeriales-con-gran-estilo\/a6f20e060ad646c998d23de88b99d0f2-6e7b65d0\/\" border=\"0\" itemprop=\"url\"> <meta itemprop=\"width\" content=\"247\"> <meta itemprop=\"height\" content=\"165\"> <img data-attachment-id=\"333\" data-orig-file=\"https:\/\/multiformas.com.co\/es\/blog\/wp-content\/uploads\/2017\/11\/a6f20e060ad646c998d23de88b99d0f2.6e7b65d0.jpg\" data-orig-size=\"780,520\" data-comments-opened=\"1\" data-image-meta=\"{&quot;aperture&quot;:&quot;11&quot;,&quot;credit&quot;:&quot;Marco Cappelletti&quot;,&quot;camera&quot;:&quot;Canon EOS 5D Mark IV&quot;,&quot;caption&quot;:&quot;&quot;,&quot;created_timestamp&quot;:&quot;1497360551&quot;,&quot;copyright&quot;:&quot;&quot;,&quot;focal_length&quot;:&quot;35&quot;,&quot;iso&quot;:&quot;100&quot;,&quot;shutter_speed&quot;:&quot;2.5&quot;,&quot;title&quot;:&quot;&quot;,&quot;orientation&quot;:&quot;1&quot;}\" data-image-title=\"a6f20e060ad646c998d23de88b99d0f2.6e7b65d0\" data-image-description=\"\" data-medium-file=\"https:\/\/i0.wp.com\/multiformas.com.co\/es\/blog\/wp-content\/uploads\/2017\/11\/a6f20e060ad646c998d23de88b99d0f2.6e7b65d0.jpg?fit=300%2C200&#038;ssl=1\" data-large-file=\"https:\/\/i0.wp.com\/multiformas.com.co\/es\/blog\/wp-content\/uploads\/2017\/11\/a6f20e060ad646c998d23de88b99d0f2.6e7b65d0.jpg?fit=640%2C427&#038;ssl=1\" src=\"https:\/\/i0.wp.com\/multiformas.com.co\/es\/blog\/wp-content\/uploads\/2017\/11\/a6f20e060ad646c998d23de88b99d0f2.6e7b65d0.jpg?w=247&#038;h=165&#038;ssl=1\" width=\"247\" height=\"165\" data-original-width=\"247\" data-original-height=\"165\" itemprop=\"http:\/\/schema.org\/image\" title=\"a6f20e060ad646c998d23de88b99d0f2.6e7b65d0\" alt=\"a6f20e060ad646c998d23de88b99d0f2.6e7b65d0\" style=\"width: 247px; height: 165px;\" \/> <\/a> <\/div> <\/div> <!-- close group --> <\/div> <!-- close row --> <div class=\"gallery-row\" style=\"width: 640px; height: 256px;\" data-original-width=\"640\" data-original-height=\"256\" > <div class=\"gallery-group images-1\" style=\"width: 258px; height: 256px;\" data-original-width=\"258\" data-original-height=\"256\" > <div class=\"tiled-gallery-item tiled-gallery-item-large\" itemprop=\"associatedMedia\" itemscope itemtype=\"http:\/\/schema.org\/ImageObject\"> <a href=\"https:\/\/multiformas.com.co\/es\/blog\/2017\/11\/16\/holanda-renueva-sus-oficinas-ministeriales-con-gran-estilo\/db503f2c04ba4a1dbefa322f3384ff86-6e7b65d0\/\" border=\"0\" itemprop=\"url\"> <meta itemprop=\"width\" content=\"254\"> <meta itemprop=\"height\" content=\"252\"> <img data-attachment-id=\"334\" data-orig-file=\"https:\/\/multiformas.com.co\/es\/blog\/wp-content\/uploads\/2017\/11\/db503f2c04ba4a1dbefa322f3384ff86.6e7b65d0.jpg\" data-orig-size=\"780,775\" data-comments-opened=\"1\" data-image-meta=\"{&quot;aperture&quot;:&quot;16&quot;,&quot;credit&quot;:&quot;Marco Cappelletti&quot;,&quot;camera&quot;:&quot;Canon EOS 5D Mark IV&quot;,&quot;caption&quot;:&quot;&quot;,&quot;created_timestamp&quot;:&quot;1497376832&quot;,&quot;copyright&quot;:&quot;&quot;,&quot;focal_length&quot;:&quot;17&quot;,&quot;iso&quot;:&quot;100&quot;,&quot;shutter_speed&quot;:&quot;0.5&quot;,&quot;title&quot;:&quot;&quot;,&quot;orientation&quot;:&quot;1&quot;}\" data-image-title=\"db503f2c04ba4a1dbefa322f3384ff86.6e7b65d0\" data-image-description=\"\" data-medium-file=\"https:\/\/i0.wp.com\/multiformas.com.co\/es\/blog\/wp-content\/uploads\/2017\/11\/db503f2c04ba4a1dbefa322f3384ff86.6e7b65d0.jpg?fit=300%2C298&#038;ssl=1\" data-large-file=\"https:\/\/i0.wp.com\/multiformas.com.co\/es\/blog\/wp-content\/uploads\/2017\/11\/db503f2c04ba4a1dbefa322f3384ff86.6e7b65d0.jpg?fit=640%2C636&#038;ssl=1\" src=\"https:\/\/i0.wp.com\/multiformas.com.co\/es\/blog\/wp-content\/uploads\/2017\/11\/db503f2c04ba4a1dbefa322f3384ff86.6e7b65d0.jpg?w=254&#038;h=252&#038;ssl=1\" width=\"254\" height=\"252\" data-original-width=\"254\" data-original-height=\"252\" itemprop=\"http:\/\/schema.org\/image\" title=\"db503f2c04ba4a1dbefa322f3384ff86.6e7b65d0\" alt=\"db503f2c04ba4a1dbefa322f3384ff86.6e7b65d0\" style=\"width: 254px; height: 252px;\" \/> <\/a> <\/div> <\/div> <!-- close group --> <div class=\"gallery-group images-1\" style=\"width: 382px; height: 256px;\" data-original-width=\"382\" data-original-height=\"256\" > <div class=\"tiled-gallery-item tiled-gallery-item-large\" itemprop=\"associatedMedia\" itemscope itemtype=\"http:\/\/schema.org\/ImageObject\"> <a href=\"https:\/\/multiformas.com.co\/es\/blog\/2017\/11\/16\/holanda-renueva-sus-oficinas-ministeriales-con-gran-estilo\/ea36f075a6b34cdd88f16325bf7f66c8-6e7b65d0\/\" border=\"0\" itemprop=\"url\"> <meta itemprop=\"width\" content=\"378\"> <meta itemprop=\"height\" content=\"252\"> <img data-attachment-id=\"335\" data-orig-file=\"https:\/\/multiformas.com.co\/es\/blog\/wp-content\/uploads\/2017\/11\/ea36f075a6b34cdd88f16325bf7f66c8.6e7b65d0.jpg\" data-orig-size=\"780,520\" data-comments-opened=\"1\" data-image-meta=\"{&quot;aperture&quot;:&quot;0&quot;,&quot;credit&quot;:&quot;&quot;,&quot;camera&quot;:&quot;&quot;,&quot;caption&quot;:&quot;&quot;,&quot;created_timestamp&quot;:&quot;0&quot;,&quot;copyright&quot;:&quot;&quot;,&quot;focal_length&quot;:&quot;0&quot;,&quot;iso&quot;:&quot;0&quot;,&quot;shutter_speed&quot;:&quot;0&quot;,&quot;title&quot;:&quot;&quot;,&quot;orientation&quot;:&quot;1&quot;}\" data-image-title=\"ea36f075a6b34cdd88f16325bf7f66c8.6e7b65d0\" data-image-description=\"\" data-medium-file=\"https:\/\/i1.wp.com\/multiformas.com.co\/es\/blog\/wp-content\/uploads\/2017\/11\/ea36f075a6b34cdd88f16325bf7f66c8.6e7b65d0.jpg?fit=300%2C200&#038;ssl=1\" data-large-file=\"https:\/\/i1.wp.com\/multiformas.com.co\/es\/blog\/wp-content\/uploads\/2017\/11\/ea36f075a6b34cdd88f16325bf7f66c8.6e7b65d0.jpg?fit=640%2C427&#038;ssl=1\" src=\"https:\/\/i1.wp.com\/multiformas.com.co\/es\/blog\/wp-content\/uploads\/2017\/11\/ea36f075a6b34cdd88f16325bf7f66c8.6e7b65d0.jpg?w=378&#038;h=252&#038;ssl=1\" width=\"378\" height=\"252\" data-original-width=\"378\" data-original-height=\"252\" itemprop=\"http:\/\/schema.org\/image\" title=\"ea36f075a6b34cdd88f16325bf7f66c8.6e7b65d0\" alt=\"ea36f075a6b34cdd88f16325bf7f66c8.6e7b65d0\" style=\"width: 378px; height: 252px;\" \/> <\/a> <\/div> <\/div> <!-- close group --> <\/div> <!-- close row --> <\/div>\n<p>Fotograf\u00edas:\u00a0Delfino Sisto Legnani y Marco Cappelletti, \u00a9 OMA<\/p>\n<p>&nbsp;<\/p>\n","protected":false},"excerpt":{"rendered":"<p>El edificio Rijnstraat 8 que alberga las oficinas del Ministerio de Vivienda, Planificaci\u00f3n Espacial y Medio Ambiente, es el protagonista de una remodelaci\u00f3n ambiciosa pero inteligente. Esta vez el gobierno <a href=\"https:\/\/multiformas.com.co\/es\/blog\/2017\/11\/16\/holanda-renueva-sus-oficinas-ministeriales-con-gran-estilo\/\" class=\"read-more button-fancy -red\"><span class=\"btn-arrow\"><\/span><span class=\"twp-read-more text\">Leer m\u00e1s<\/span><\/a><\/p>\n","protected":false},"author":1,"featured_media":324,"comment_status":"closed","ping_status":"open","sticky":false,"template":"","format":"standard","meta":{"advanced_seo_description":"","spay_email":"","jetpack_publicize_message":"","jetpack_is_tweetstorm":false},"categories":[6],"tags":[35,53,55,61,56,62,54,50,52,60,49,57,58,59,51,36,63],"jetpack_featured_media_url":"https:\/\/i2.wp.com\/multiformas.com.co\/es\/blog\/wp-content\/uploads\/2017\/11\/4ec65f96502e4d92b3ce61f458c59756.6e7b65d0.jpg?fit=780%2C520&ssl=1","jetpack_publicize_connections":[],"jetpack_sharing_enabled":true,"jetpack_shortlink":"https:\/\/wp.me\/p9kzw1-58","jetpack_likes_enabled":true,"jetpack-related-posts":[{"id":1590,"url":"https:\/\/multiformas.com.co\/es\/blog\/2020\/07\/10\/la-mejor-manera-de-disenar-una-oficina-eficiente\/","url_meta":{"origin":318,"position":0},"title":"La mejor manera de dise\u00f1ar una oficina eficiente","date":"julio 10, 2020","format":false,"excerpt":"\u00a0 Un oficina es una herramienta de negocios, si tenemos un entorno no solamente agradable sino que tambi\u00e9n\u00a0refleje los valores, visi\u00f3n y metas de nuestra empresa se convierte sin duda en una ventaja competitiva. \u00a0 \u00a0 En el dise\u00f1o de oficinas debemos llegar al punto medio, por ejemplo, las oficinas\u2026","rel":"","context":"En \u00abEstilo de Vida\u00bb","img":{"alt_text":"","src":"https:\/\/i2.wp.com\/multiformas.com.co\/es\/blog\/wp-content\/uploads\/2020\/03\/tour-workspace-steelcase.jpg?fit=1166%2C656&ssl=1&resize=350%2C200","width":350,"height":200},"classes":[]},{"id":952,"url":"https:\/\/multiformas.com.co\/es\/blog\/2018\/01\/18\/en-el-interior-de-las-oficinas-de-skype-diseno-sin-limites\/","url_meta":{"origin":318,"position":1},"title":"En el interior de las oficinas de Skype, dise\u00f1o sin limites.","date":"enero 18, 2018","format":false,"excerpt":"Skype los pioneros en telefon\u00eda a trav\u00e9s de Internet nos muestran sus oficinas en Estocolmo, como es de esperarse los dise\u00f1os son exclusivos para la firma, dignos de imitar para tu pr\u00f3ximo proyecto. Las oficinas de Skype en Estocolmo fueron dise\u00f1adas por\u00a0PS Arkitektur\u00a0una empresa dedicada a proyectos de arquitectura y\u2026","rel":"","context":"En \u00abDecoraci\u00f3n\u00bb","img":{"alt_text":"Oficina dise\u00f1o Skype","src":"https:\/\/i2.wp.com\/multiformas.com.co\/es\/blog\/wp-content\/uploads\/2018\/01\/oficina-dise\u00f1o-skype-7.jpg?fit=700%2C462&ssl=1&resize=350%2C200","width":350,"height":200},"classes":[]},{"id":1503,"url":"https:\/\/multiformas.com.co\/es\/blog\/2020\/04\/17\/conoce-las-oficinas-mas-dulces-del-mundo\/","url_meta":{"origin":318,"position":2},"title":"Conoce las oficinas m\u00e1s dulces del mundo.","date":"abril 17, 2020","format":false,"excerpt":"Alguna vez te preguntaste \u00bfC\u00f3mo son las oficinas de las Donuts m\u00e1s famosas del mundo? Te mostramos las oficinas m\u00e1s dulces que jam\u00e1s viste, donde se gestan las deliciosas ideas que nos entrega Dunkin Donuts cada d\u00eda. Logra inspiraci\u00f3n y una nueva visi\u00f3n en el dise\u00f1o de oficinas con este\u2026","rel":"","context":"En \u00abDecoraci\u00f3n\u00bb","img":{"alt_text":"","src":"https:\/\/i0.wp.com\/multiformas.com.co\/es\/blog\/wp-content\/uploads\/2020\/04\/10.jpg?fit=720%2C480&ssl=1&resize=350%2C200","width":350,"height":200},"classes":[]},{"id":1145,"url":"https:\/\/multiformas.com.co\/es\/blog\/2018\/04\/03\/la-estanteria-ideal-para-tu-oficina\/","url_meta":{"origin":318,"position":3},"title":"La estanter\u00eda ideal para tu oficina","date":"abril 3, 2018","format":false,"excerpt":"Si quieres tener una empresa de vanguardia debes saber que lo mas importante es como te representan sus espacios, la elegancia y el buen gusto deben marcar la pauta en el\u00a0 mobiliario, incluyendo las estanter\u00edas. Pero no te preocupes en PCD Multiformas te ense\u00f1amos todo lo que debes saber para\u2026","rel":"","context":"En \u00abMobiliario\u00bb","img":{"alt_text":"","src":"https:\/\/i0.wp.com\/multiformas.com.co\/es\/blog\/wp-content\/uploads\/2018\/04\/estanterias-de-oficina-11.jpg?fit=826%2C1024&ssl=1&resize=350%2C200","width":350,"height":200},"classes":[]},{"id":1487,"url":"https:\/\/multiformas.com.co\/es\/blog\/2020\/04\/07\/oficinas-pensadas-en-la-salud-de-sus-usuarios\/","url_meta":{"origin":318,"position":4},"title":"Oficinas pensadas en la salud de sus usuarios.","date":"abril 7, 2020","format":false,"excerpt":"En los momentos m\u00e1s dif\u00edciles de la humanidad es donde nos planteamos si es conveniente seguir andando solos o debemos tomar acciones que beneficien al grupo. Los espacios de trabajo no son la excepci\u00f3n, adem\u00e1s de representar la fuente directa de ingresos a todo nivel, es el lugar donde pasamos\u2026","rel":"","context":"En \u00abDecoraci\u00f3n\u00bb","img":{"alt_text":"","src":"https:\/\/i1.wp.com\/multiformas.com.co\/es\/blog\/wp-content\/uploads\/2020\/04\/building-91228_1280.jpg?fit=1200%2C746&ssl=1&resize=350%2C200","width":350,"height":200},"classes":[]},{"id":1540,"url":"https:\/\/multiformas.com.co\/es\/blog\/2020\/05\/16\/inside-adidas-dentro-de-las-oficinas-del-gigante-aleman\/","url_meta":{"origin":318,"position":5},"title":"Inside Adidas: dentro de las oficinas del gigante alem\u00e1n.","date":"mayo 16, 2020","format":false,"excerpt":"Adidas es la segunda marca de ropa y accesorios deportivos que m\u00e1s fan\u00e1ticos tiene alrededor del mundo, muchos de ellos los ha obtenido a trav\u00e9s de una gran campa\u00f1a de marketing \u00a0que incluye el patrocinio de eventos deportivos y de estrellas del deporte. Seas deportista profesional o aficionado, incluso si\u2026","rel":"","context":"En \u00abDecoraci\u00f3n\u00bb","img":{"alt_text":"","src":"https:\/\/i0.wp.com\/multiformas.com.co\/es\/blog\/wp-content\/uploads\/2020\/05\/DSC_0143-1.jpg?fit=1200%2C801&ssl=1&resize=350%2C200","width":350,"height":200},"classes":[]}],"_links":{"self":[{"href":"https:\/\/multiformas.com.co\/es\/blog\/wp-json\/wp\/v2\/posts\/318"}],"collection":[{"href":"https:\/\/multiformas.com.co\/es\/blog\/wp-json\/wp\/v2\/posts"}],"about":[{"href":"https:\/\/multiformas.com.co\/es\/blog\/wp-json\/wp\/v2\/types\/post"}],"author":[{"embeddable":true,"href":"https:\/\/multiformas.com.co\/es\/blog\/wp-json\/wp\/v2\/users\/1"}],"replies":[{"embeddable":true,"href":"https:\/\/multiformas.com.co\/es\/blog\/wp-json\/wp\/v2\/comments?post=318"}],"version-history":[{"count":3,"href":"https:\/\/multiformas.com.co\/es\/blog\/wp-json\/wp\/v2\/posts\/318\/revisions"}],"predecessor-version":[{"id":341,"href":"https:\/\/multiformas.com.co\/es\/blog\/wp-json\/wp\/v2\/posts\/318\/revisions\/341"}],"wp:featuredmedia":[{"embeddable":true,"href":"https:\/\/multiformas.com.co\/es\/blog\/wp-json\/wp\/v2\/media\/324"}],"wp:attachment":[{"href":"https:\/\/multiformas.com.co\/es\/blog\/wp-json\/wp\/v2\/media?parent=318"}],"wp:term":[{"taxonomy":"category","embeddable":true,"href":"https:\/\/multiformas.com.co\/es\/blog\/wp-json\/wp\/v2\/categories?post=318"},{"taxonomy":"post_tag","embeddable":true,"href":"https:\/\/multiformas.com.co\/es\/blog\/wp-json\/wp\/v2\/tags?post=318"}],"curies":[{"name":"wp","href":"https:\/\/api.w.org\/{rel}","templated":true}]}}