{"id":556,"date":"2017-11-28T23:03:42","date_gmt":"2017-11-28T23:03:42","guid":{"rendered":"https:\/\/multiformas.com.co\/es\/blog\/?p=556"},"modified":"2018-02-21T00:18:25","modified_gmt":"2018-02-21T00:18:25","slug":"sala-de-lactancia-en-espacios-laborales-lujo-o-necesidad","status":"publish","type":"post","link":"https:\/\/multiformas.com.co\/es\/blog\/2017\/11\/28\/sala-de-lactancia-en-espacios-laborales-lujo-o-necesidad\/","title":{"rendered":"Sala de lactancia en espacios laborales \u00bfLujo o necesidad?"},"content":{"rendered":"<h5>Fotografia <a class=\"_ZR irc_hol i3724 irc_lth\" tabindex=\"0\" href=\"https:\/\/www.google.com.co\/url?sa=i&amp;rct=j&amp;q=&amp;esrc=s&amp;source=imgres&amp;cd=&amp;cad=rja&amp;uact=8&amp;ved=0ahUKEwiOtI7AreLXAhVFOyYKHbMlAD4QjB0IBg&amp;url=http%3A%2F%2Fwww.parents.com%2Fbaby%2Fbreastfeeding%2F&amp;psig=AOvVaw0pmKxllsJlfj1rjvWE5JNU&amp;ust=1511995820379417\" target=\"_blank\" rel=\"noopener\" data-noload=\"\" data-ved=\"0ahUKEwiOtI7AreLXAhVFOyYKHbMlAD4QjB0IBg\" data-href=\"http:\/\/www.parents.com\/baby\/breastfeeding\/\"><span class=\"irc_ho\" dir=\"ltr\">Parents Magazine<\/span><\/a><\/h5>\n<p>Cuando una empleada se encuentra en estado de gravidez se ve como un problema para la empresa en el futuro inmediato y en el largo plazo. Ausencias por citas medicas, problemas de salud que surgen en el embarazo y el cansancio comienza hacer estragos en la productividad de esa empleada estrella.<\/p>\n<p>Los desaf\u00edos contin\u00faan para la futura madre y la empresa una vez que culmina el periodo de gravidez. Sin embargo, algunas empresas se han dado a la tarea de revertir todo esto en puntos a favor del crecimiento laboral de las mujeres.<\/p>\n<p>Cabe destacar que una mujer que desee formar una familia, no necesariamente debe asumirse como una piedra de tranca para el buen desarrollo de las actividades laborales como la mayor\u00eda de los empresarios y jefes lo ven. Una mujer con familia aumenta su compromiso y productividad, recordemos que el cuidado de los ni\u00f1os requieren de habilidades y destrezas que fortalecen la aptitud en el trabajo.<\/p>\n<p>En general adquieren la capacidad de resolver conflictos de una manera mas eficiente y desarrollan una capacidad de organizaci\u00f3n por encima de la media.<\/p>\n<p>Las empresas que toman esto en cuenta e incluso ayudan al libre desarrollo del aspecto materno\u00a0 y laboral de sus empleadas siempre tendr\u00e1n puntos a favor y les dar\u00e1 una ventaja competitiva desde el n\u00facleo de la empresa. En este sentido se han dise\u00f1ado desde hace d\u00e9cadas guarder\u00edas para empleadas y \u00faltimamente salas de lactancia.<\/p>\n<p>Las salas de lactancia no son un mero capricho, son una inversi\u00f3n en empleadas con sentido de integraci\u00f3n y fidelidad a la empresa, cuando trabajas para una entidad a la que entregas el 90% de tu tiempo y ves que te corresponden con apoyo en los momentos cumbres de la vida (como es tener un hijo) seguro vas a querer entregar el 200% y buscar el crecimiento de la empresa, que gracias acciones como estas se convierte en parte de tu familia.<\/p>\n<p>Veamos las ventajas de una sala de lactancia:<\/p>\n<ul>\n<li>Fidelizaci\u00f3n del empleado con la empresa.<\/li>\n<li>Fortalecimiento de la imagen corporativa.<\/li>\n<li>Atracci\u00f3n de futuros empleados a la empresa, gracias a la imagen que proyecta la compa\u00f1\u00eda.<\/li>\n<li>Fortalecimiento de una cultura corporativa enfocada en la colaboraci\u00f3n entre las partes.<\/li>\n<li>Aumento de la concentraci\u00f3n en el trabajo por parte de las madres lactantes.<\/li>\n<li>Disminuci\u00f3n del estr\u00e9s y la culpabilidad a causa de no poder lactar al reci\u00e9n nacido.<\/li>\n<li>Disminuci\u00f3n de malestares y enfermedades a causa de la leche retenida en el cuerpo.<\/li>\n<li>Disminuci\u00f3n de los permisos a causa de enfermedades del beb\u00e9 en el primer a\u00f1o.<\/li>\n<li>Reducci\u00f3n del ausentismo y la rotaci\u00f3n de personal, siendo mayor el porcentaje de empleadas que regresan a sus labores despu\u00e9s del parto.<\/li>\n<li>Aumento del sentido de aceptaci\u00f3n y valoraci\u00f3n (como mujer) de la empresa, lo que garantiza mayor desempe\u00f1o laboral.<\/li>\n<li>Aumento del sentido social de la empresa, pues con esta iniciativa aporta para el futuro individuos m\u00e1s sanos a la sociedad (los bebes lactantes).<\/li>\n<li>Favorece la econom\u00eda familiar.<\/li>\n<li>Satisfacci\u00f3n laboral y mantiene estados emocionales de la empleada en equilibrio.<\/li>\n<li>Retorno de la inversi\u00f3n en empleadas mas productivas.<\/li>\n<\/ul>\n<p>En Colombia seg\u00fan el <a href=\"https:\/\/www.minsalud.gov.co\/Documentos%20y%20Publicaciones\/Lineamientos%20t%C3%A9cnicos%20para%20la%20implementaci%C3%B3n%20de%20las%20salas%20amigas%20de%20la%20familia%20lactante%20en%20el%20entorno%20laboral.pdf\">Ministerio de Salud y Protecci\u00f3n Social<\/a>, se han instalado m\u00e1s de 60 salas de lactancia en entidades p\u00fablicas y privadas, entre las que destacan universidades, ministerios y centros comerciales. Muchas son las interrogantes que se pueden derivar de este espacio, lo que usted debe saber es que no necesita mucho espacio para instalar una sala de lactancia, debe ser un lugar c\u00f3modo, agradable, c\u00e1lido y limpio, donde se puede extraer y conservar la leche materna.<\/p>\n<p>El ministerio nos da pautas sencillas en este aspecto, debe ser un espacio de 4 metros cuadrados, paredes lisas, pintura lavable, buena iluminaci\u00f3n, alejada de ba\u00f1os y cuarto de desechos; entre el mobiliario se dispondr\u00e1 de una nevera para refrigeraci\u00f3n y congelaci\u00f3n de la leche, armarios para almacenar los envases esterilizados, sillas c\u00f3modas con espaldar y brazos.<\/p>\n<p>Nosotros fuimos testigos de esta maravillosa idea y colaboramos con el dise\u00f1o y fabricaci\u00f3n del mobiliario para la sala de lactancia de <a href=\"https:\/\/www.outsourcing.com.co\/\">Outsorsing<\/a>, a quienes felicitamos por incluirse en el grupo de empresas que toma iniciativas a favor de su recurso humano.<\/p>\n<p><img data-attachment-id=\"560\" data-permalink=\"https:\/\/multiformas.com.co\/es\/blog\/2017\/11\/28\/sala-de-lactancia-en-espacios-laborales-lujo-o-necesidad\/dsc_0247-3\/\" data-orig-file=\"https:\/\/i0.wp.com\/multiformas.com.co\/es\/blog\/wp-content\/uploads\/2017\/11\/DSC_0247-2.jpg?fit=600%2C400&amp;ssl=1\" data-orig-size=\"600,400\" data-comments-opened=\"1\" data-image-meta=\"{&quot;aperture&quot;:&quot;3.5&quot;,&quot;credit&quot;:&quot;&quot;,&quot;camera&quot;:&quot;NIKON D5200&quot;,&quot;caption&quot;:&quot;&quot;,&quot;created_timestamp&quot;:&quot;1502302529&quot;,&quot;copyright&quot;:&quot;&quot;,&quot;focal_length&quot;:&quot;18&quot;,&quot;iso&quot;:&quot;800&quot;,&quot;shutter_speed&quot;:&quot;0.02&quot;,&quot;title&quot;:&quot;&quot;,&quot;orientation&quot;:&quot;1&quot;}\" data-image-title=\"DSC_0247\" data-image-description=\"&lt;p&gt;Sala de lactancia Outsourcing (dise\u00f1o y frabricaci\u00f3n PCD Multiformas) &lt;\/p&gt;\n\" data-medium-file=\"https:\/\/i0.wp.com\/multiformas.com.co\/es\/blog\/wp-content\/uploads\/2017\/11\/DSC_0247-2.jpg?fit=300%2C200&amp;ssl=1\" data-large-file=\"https:\/\/i0.wp.com\/multiformas.com.co\/es\/blog\/wp-content\/uploads\/2017\/11\/DSC_0247-2.jpg?fit=600%2C400&amp;ssl=1\" loading=\"lazy\" class=\"aligncenter wp-image-560 size-full\" src=\"https:\/\/i0.wp.com\/multiformas.com.co\/es\/blog\/wp-content\/uploads\/2017\/11\/DSC_0247-2.jpg?resize=600%2C400&#038;ssl=1\" alt=\"\" width=\"600\" height=\"400\" srcset=\"https:\/\/i0.wp.com\/multiformas.com.co\/es\/blog\/wp-content\/uploads\/2017\/11\/DSC_0247-2.jpg?w=600&amp;ssl=1 600w, https:\/\/i0.wp.com\/multiformas.com.co\/es\/blog\/wp-content\/uploads\/2017\/11\/DSC_0247-2.jpg?resize=300%2C200&amp;ssl=1 300w, https:\/\/i0.wp.com\/multiformas.com.co\/es\/blog\/wp-content\/uploads\/2017\/11\/DSC_0247-2.jpg?resize=90%2C60&amp;ssl=1 90w\" sizes=\"(max-width: 600px) 100vw, 600px\" data-recalc-dims=\"1\" \/> <img data-attachment-id=\"561\" data-permalink=\"https:\/\/multiformas.com.co\/es\/blog\/2017\/11\/28\/sala-de-lactancia-en-espacios-laborales-lujo-o-necesidad\/dsc_0248b-2\/\" data-orig-file=\"https:\/\/i1.wp.com\/multiformas.com.co\/es\/blog\/wp-content\/uploads\/2017\/11\/DSC_0248b-1.jpg?fit=600%2C400&amp;ssl=1\" data-orig-size=\"600,400\" data-comments-opened=\"1\" data-image-meta=\"{&quot;aperture&quot;:&quot;4&quot;,&quot;credit&quot;:&quot;&quot;,&quot;camera&quot;:&quot;NIKON D5200&quot;,&quot;caption&quot;:&quot;&quot;,&quot;created_timestamp&quot;:&quot;1502302543&quot;,&quot;copyright&quot;:&quot;&quot;,&quot;focal_length&quot;:&quot;18&quot;,&quot;iso&quot;:&quot;800&quot;,&quot;shutter_speed&quot;:&quot;0.016666666666667&quot;,&quot;title&quot;:&quot;&quot;,&quot;orientation&quot;:&quot;1&quot;}\" data-image-title=\"DSC_0248b\" data-image-description=\"\" data-medium-file=\"https:\/\/i1.wp.com\/multiformas.com.co\/es\/blog\/wp-content\/uploads\/2017\/11\/DSC_0248b-1.jpg?fit=300%2C200&amp;ssl=1\" data-large-file=\"https:\/\/i1.wp.com\/multiformas.com.co\/es\/blog\/wp-content\/uploads\/2017\/11\/DSC_0248b-1.jpg?fit=600%2C400&amp;ssl=1\" loading=\"lazy\" class=\"aligncenter wp-image-561 size-full\" src=\"https:\/\/i1.wp.com\/multiformas.com.co\/es\/blog\/wp-content\/uploads\/2017\/11\/DSC_0248b-1.jpg?resize=600%2C400&#038;ssl=1\" alt=\"\" width=\"600\" height=\"400\" srcset=\"https:\/\/i1.wp.com\/multiformas.com.co\/es\/blog\/wp-content\/uploads\/2017\/11\/DSC_0248b-1.jpg?w=600&amp;ssl=1 600w, https:\/\/i1.wp.com\/multiformas.com.co\/es\/blog\/wp-content\/uploads\/2017\/11\/DSC_0248b-1.jpg?resize=300%2C200&amp;ssl=1 300w, https:\/\/i1.wp.com\/multiformas.com.co\/es\/blog\/wp-content\/uploads\/2017\/11\/DSC_0248b-1.jpg?resize=90%2C60&amp;ssl=1 90w\" sizes=\"(max-width: 600px) 100vw, 600px\" data-recalc-dims=\"1\" \/> <img data-attachment-id=\"562\" data-permalink=\"https:\/\/multiformas.com.co\/es\/blog\/2017\/11\/28\/sala-de-lactancia-en-espacios-laborales-lujo-o-necesidad\/dsc_0249b-2\/\" data-orig-file=\"https:\/\/i1.wp.com\/multiformas.com.co\/es\/blog\/wp-content\/uploads\/2017\/11\/DSC_0249b-1.jpg?fit=600%2C400&amp;ssl=1\" data-orig-size=\"600,400\" data-comments-opened=\"1\" data-image-meta=\"{&quot;aperture&quot;:&quot;4&quot;,&quot;credit&quot;:&quot;&quot;,&quot;camera&quot;:&quot;NIKON D5200&quot;,&quot;caption&quot;:&quot;&quot;,&quot;created_timestamp&quot;:&quot;1502302556&quot;,&quot;copyright&quot;:&quot;&quot;,&quot;focal_length&quot;:&quot;18&quot;,&quot;iso&quot;:&quot;450&quot;,&quot;shutter_speed&quot;:&quot;0.016666666666667&quot;,&quot;title&quot;:&quot;&quot;,&quot;orientation&quot;:&quot;1&quot;}\" data-image-title=\"DSC_0249b\" data-image-description=\"\" data-medium-file=\"https:\/\/i1.wp.com\/multiformas.com.co\/es\/blog\/wp-content\/uploads\/2017\/11\/DSC_0249b-1.jpg?fit=300%2C200&amp;ssl=1\" data-large-file=\"https:\/\/i1.wp.com\/multiformas.com.co\/es\/blog\/wp-content\/uploads\/2017\/11\/DSC_0249b-1.jpg?fit=600%2C400&amp;ssl=1\" loading=\"lazy\" class=\"aligncenter wp-image-562 size-full\" src=\"https:\/\/i1.wp.com\/multiformas.com.co\/es\/blog\/wp-content\/uploads\/2017\/11\/DSC_0249b-1.jpg?resize=600%2C400&#038;ssl=1\" alt=\"\" width=\"600\" height=\"400\" srcset=\"https:\/\/i1.wp.com\/multiformas.com.co\/es\/blog\/wp-content\/uploads\/2017\/11\/DSC_0249b-1.jpg?w=600&amp;ssl=1 600w, https:\/\/i1.wp.com\/multiformas.com.co\/es\/blog\/wp-content\/uploads\/2017\/11\/DSC_0249b-1.jpg?resize=300%2C200&amp;ssl=1 300w, https:\/\/i1.wp.com\/multiformas.com.co\/es\/blog\/wp-content\/uploads\/2017\/11\/DSC_0249b-1.jpg?resize=90%2C60&amp;ssl=1 90w\" sizes=\"(max-width: 600px) 100vw, 600px\" data-recalc-dims=\"1\" \/><\/p>\n<p>&nbsp;<\/p>\n<p>Es interesante ver como este tipo de sitios son proporcionados por empresas de fama mundial como Pfizer, General Electric, Procter &amp; Gamble, Walmart y Scotiabank, entre otros. Vale la pena humanizar nuestro entorno laboral con este tipo de pr\u00e1cticas, la cual nos retorna satisfacci\u00f3n y \u00e9xitos.<\/p>\n","protected":false},"excerpt":{"rendered":"<p>Fotografia Parents Magazine Cuando una empleada se encuentra en estado de gravidez se ve como un problema para la empresa en el futuro inmediato y en el largo plazo. Ausencias <a href=\"https:\/\/multiformas.com.co\/es\/blog\/2017\/11\/28\/sala-de-lactancia-en-espacios-laborales-lujo-o-necesidad\/\" class=\"read-more button-fancy -red\"><span class=\"btn-arrow\"><\/span><span class=\"twp-read-more text\">Leer m\u00e1s<\/span><\/a><\/p>\n","protected":false},"author":1,"featured_media":565,"comment_status":"closed","ping_status":"open","sticky":false,"template":"","format":"standard","meta":{"advanced_seo_description":"","spay_email":"","jetpack_publicize_message":"","jetpack_is_tweetstorm":false},"categories":[5],"tags":[35,39,37,97,96,95,98,36],"jetpack_featured_media_url":"https:\/\/i1.wp.com\/multiformas.com.co\/es\/blog\/wp-content\/uploads\/2017\/11\/mom-breastfeeding-baby-1.jpg?fit=1797%2C1200&ssl=1","jetpack_publicize_connections":[],"jetpack_sharing_enabled":true,"jetpack_shortlink":"https:\/\/wp.me\/p9kzw1-8Y","jetpack_likes_enabled":true,"jetpack-related-posts":[{"id":952,"url":"https:\/\/multiformas.com.co\/es\/blog\/2018\/01\/18\/en-el-interior-de-las-oficinas-de-skype-diseno-sin-limites\/","url_meta":{"origin":556,"position":0},"title":"En el interior de las oficinas de Skype, dise\u00f1o sin limites.","date":"enero 18, 2018","format":false,"excerpt":"Skype los pioneros en telefon\u00eda a trav\u00e9s de Internet nos muestran sus oficinas en Estocolmo, como es de esperarse los dise\u00f1os son exclusivos para la firma, dignos de imitar para tu pr\u00f3ximo proyecto. Las oficinas de Skype en Estocolmo fueron dise\u00f1adas por\u00a0PS Arkitektur\u00a0una empresa dedicada a proyectos de arquitectura y\u2026","rel":"","context":"En \u00abDecoraci\u00f3n\u00bb","img":{"alt_text":"Oficina dise\u00f1o Skype","src":"https:\/\/i2.wp.com\/multiformas.com.co\/es\/blog\/wp-content\/uploads\/2018\/01\/oficina-dise\u00f1o-skype-7.jpg?fit=700%2C462&ssl=1&resize=350%2C200","width":350,"height":200},"classes":[]},{"id":1590,"url":"https:\/\/multiformas.com.co\/es\/blog\/2020\/07\/10\/la-mejor-manera-de-disenar-una-oficina-eficiente\/","url_meta":{"origin":556,"position":1},"title":"La mejor manera de dise\u00f1ar una oficina eficiente","date":"julio 10, 2020","format":false,"excerpt":"\u00a0 Un oficina es una herramienta de negocios, si tenemos un entorno no solamente agradable sino que tambi\u00e9n\u00a0refleje los valores, visi\u00f3n y metas de nuestra empresa se convierte sin duda en una ventaja competitiva. \u00a0 \u00a0 En el dise\u00f1o de oficinas debemos llegar al punto medio, por ejemplo, las oficinas\u2026","rel":"","context":"En \u00abEstilo de Vida\u00bb","img":{"alt_text":"","src":"https:\/\/i2.wp.com\/multiformas.com.co\/es\/blog\/wp-content\/uploads\/2020\/03\/tour-workspace-steelcase.jpg?fit=1166%2C656&ssl=1&resize=350%2C200","width":350,"height":200},"classes":[]},{"id":716,"url":"https:\/\/multiformas.com.co\/es\/blog\/2017\/12\/12\/conociendo-las-oficinas-de-trivago\/","url_meta":{"origin":556,"position":2},"title":"Conociendo las oficinas de Trivago","date":"diciembre 12, 2017","format":false,"excerpt":"\u00a0 Trabajar en Trivago es un verdadero lujo con sus oficinas frente al mar en Palma de Mallorca, todo un sue\u00f1o. Muy a la usanza de Google cuenta con los colores primarios como un b\u00e1sico queriendo transmitir que ofrecen un servicio indispensable (igual a los colores b\u00e1sicos que aprendimos en\u2026","rel":"","context":"En \u00abDecoraci\u00f3n\u00bb","img":{"alt_text":"","src":"https:\/\/i2.wp.com\/multiformas.com.co\/es\/blog\/wp-content\/uploads\/2017\/12\/reforma-oficina-trivago.jpg?fit=520%2C314&ssl=1&resize=350%2C200","width":350,"height":200},"classes":[]},{"id":1460,"url":"https:\/\/multiformas.com.co\/es\/blog\/2020\/03\/18\/tendencias-en-diseno-de-oficinas-para-este-2020\/","url_meta":{"origin":556,"position":3},"title":"Tendencias en dise\u00f1o de oficinas para este 2020","date":"marzo 18, 2020","format":false,"excerpt":"Este a\u00f1o viene cargado de dinamismo, de cambios en la estructura de trabajo y \u00bfPor qu\u00e9 no? Tambi\u00e9n es hora de darle un giro a tu workplace con las tendencias 2020 en dise\u00f1o de oficinas. \u00a0 Salud y bienestar \u00a0 \u00a0 Tenemos bastante tiempo dando vueltas alrededor de un t\u00e9rmino\u2026","rel":"","context":"En \u00abDecoraci\u00f3n\u00bb","img":{"alt_text":"","src":"https:\/\/i2.wp.com\/multiformas.com.co\/es\/blog\/wp-content\/uploads\/2020\/03\/roundtable-828546_1280.jpg?fit=1200%2C675&ssl=1&resize=350%2C200","width":350,"height":200},"classes":[]},{"id":1487,"url":"https:\/\/multiformas.com.co\/es\/blog\/2020\/04\/07\/oficinas-pensadas-en-la-salud-de-sus-usuarios\/","url_meta":{"origin":556,"position":4},"title":"Oficinas pensadas en la salud de sus usuarios.","date":"abril 7, 2020","format":false,"excerpt":"En los momentos m\u00e1s dif\u00edciles de la humanidad es donde nos planteamos si es conveniente seguir andando solos o debemos tomar acciones que beneficien al grupo. Los espacios de trabajo no son la excepci\u00f3n, adem\u00e1s de representar la fuente directa de ingresos a todo nivel, es el lugar donde pasamos\u2026","rel":"","context":"En \u00abDecoraci\u00f3n\u00bb","img":{"alt_text":"","src":"https:\/\/i1.wp.com\/multiformas.com.co\/es\/blog\/wp-content\/uploads\/2020\/04\/building-91228_1280.jpg?fit=1200%2C746&ssl=1&resize=350%2C200","width":350,"height":200},"classes":[]},{"id":939,"url":"https:\/\/multiformas.com.co\/es\/blog\/2018\/01\/16\/que-debo-esperar-cuando-contrato-un-experto-en-remodelaciones\/","url_meta":{"origin":556,"position":5},"title":"\u00bfQu\u00e9 debo esperar cuando contrato un experto en remodelaciones?","date":"enero 16, 2018","format":false,"excerpt":"Las empresas siempre desean innovar y estar a la altura de los retos que desean tomar, pero la imagen corporativa que transmiten dentro de sus oficinas y espacios comerciales dejan decepcionados a clientes, proveedores y aliados comerciales, en este punto es cuando deciden hacer una renovaci\u00f3n de sus espacios, sin\u2026","rel":"","context":"En \u00abDecoraci\u00f3n\u00bb","img":{"alt_text":"","src":"https:\/\/i0.wp.com\/multiformas.com.co\/es\/blog\/wp-content\/uploads\/2018\/01\/DSC_0308b.jpg?fit=1006%2C800&ssl=1&resize=350%2C200","width":350,"height":200},"classes":[]}],"_links":{"self":[{"href":"https:\/\/multiformas.com.co\/es\/blog\/wp-json\/wp\/v2\/posts\/556"}],"collection":[{"href":"https:\/\/multiformas.com.co\/es\/blog\/wp-json\/wp\/v2\/posts"}],"about":[{"href":"https:\/\/multiformas.com.co\/es\/blog\/wp-json\/wp\/v2\/types\/post"}],"author":[{"embeddable":true,"href":"https:\/\/multiformas.com.co\/es\/blog\/wp-json\/wp\/v2\/users\/1"}],"replies":[{"embeddable":true,"href":"https:\/\/multiformas.com.co\/es\/blog\/wp-json\/wp\/v2\/comments?post=556"}],"version-history":[{"count":3,"href":"https:\/\/multiformas.com.co\/es\/blog\/wp-json\/wp\/v2\/posts\/556\/revisions"}],"predecessor-version":[{"id":567,"href":"https:\/\/multiformas.com.co\/es\/blog\/wp-json\/wp\/v2\/posts\/556\/revisions\/567"}],"wp:featuredmedia":[{"embeddable":true,"href":"https:\/\/multiformas.com.co\/es\/blog\/wp-json\/wp\/v2\/media\/565"}],"wp:attachment":[{"href":"https:\/\/multiformas.com.co\/es\/blog\/wp-json\/wp\/v2\/media?parent=556"}],"wp:term":[{"taxonomy":"category","embeddable":true,"href":"https:\/\/multiformas.com.co\/es\/blog\/wp-json\/wp\/v2\/categories?post=556"},{"taxonomy":"post_tag","embeddable":true,"href":"https:\/\/multiformas.com.co\/es\/blog\/wp-json\/wp\/v2\/tags?post=556"}],"curies":[{"name":"wp","href":"https:\/\/api.w.org\/{rel}","templated":true}]}}