{"id":596,"date":"2017-12-04T23:09:11","date_gmt":"2017-12-04T23:09:11","guid":{"rendered":"https:\/\/multiformas.com.co\/es\/blog\/?p=596"},"modified":"2018-02-21T00:18:24","modified_gmt":"2018-02-21T00:18:24","slug":"el-diseno-interior-de-los-fanaticos-de-apple-en-espana","status":"publish","type":"post","link":"https:\/\/multiformas.com.co\/es\/blog\/2017\/12\/04\/el-diseno-interior-de-los-fanaticos-de-apple-en-espana\/","title":{"rendered":"El dise\u00f1o interior de los fan\u00e1ticos de Apple en Espa\u00f1a"},"content":{"rendered":"<p>&nbsp;<\/p>\n<p>Para los amantes de Apple en Espa\u00f1a existen dos palabras <a href=\"http:\/\/www.doctormanzana.com\/\">Doctor Manzana<\/a>, <strong>una tienda exclusiva de servicio t\u00e9cnico para toda la l\u00ednea Ipad, Iphone y Ipod<\/strong>. Ubicada en Valencia ofrece garant\u00eda, hace entrega a domicilio con env\u00edos asegurados, poseen t\u00e9cnicos especialistas, servicio express y piezas de cambio nuevas y originales, ademas de accesorios con dise\u00f1o exclusivo.<\/p>\n<p>&nbsp;<\/p>\n<figure id=\"attachment_609\" aria-describedby=\"caption-attachment-609\" style=\"width: 1000px\" class=\"wp-caption aligncenter\"><img data-attachment-id=\"609\" data-permalink=\"https:\/\/multiformas.com.co\/es\/blog\/2017\/12\/04\/el-diseno-interior-de-los-fanaticos-de-apple-en-espana\/masquespacio-diseno-photo-cualiti-3\/\" data-orig-file=\"https:\/\/i1.wp.com\/multiformas.com.co\/es\/blog\/wp-content\/uploads\/2017\/12\/Masquespacio-Dise\u00f1o-Photo-Cualiti-3.jpg?fit=1000%2C667&amp;ssl=1\" data-orig-size=\"1000,667\" data-comments-opened=\"1\" data-image-meta=\"{&quot;aperture&quot;:&quot;22&quot;,&quot;credit&quot;:&quot;&quot;,&quot;camera&quot;:&quot;Canon EOS 5D Mark II&quot;,&quot;caption&quot;:&quot;&quot;,&quot;created_timestamp&quot;:&quot;1383317331&quot;,&quot;copyright&quot;:&quot;&quot;,&quot;focal_length&quot;:&quot;19&quot;,&quot;iso&quot;:&quot;100&quot;,&quot;shutter_speed&quot;:&quot;2.5&quot;,&quot;title&quot;:&quot;&quot;,&quot;orientation&quot;:&quot;0&quot;}\" data-image-title=\"Masquespacio-Dise\u00f1o-Photo-Cualiti-3\" data-image-description=\"\" data-medium-file=\"https:\/\/i1.wp.com\/multiformas.com.co\/es\/blog\/wp-content\/uploads\/2017\/12\/Masquespacio-Dise\u00f1o-Photo-Cualiti-3.jpg?fit=300%2C200&amp;ssl=1\" data-large-file=\"https:\/\/i1.wp.com\/multiformas.com.co\/es\/blog\/wp-content\/uploads\/2017\/12\/Masquespacio-Dise\u00f1o-Photo-Cualiti-3.jpg?fit=640%2C427&amp;ssl=1\" loading=\"lazy\" class=\"wp-image-609 size-full\" src=\"https:\/\/i1.wp.com\/multiformas.com.co\/es\/blog\/wp-content\/uploads\/2017\/12\/Masquespacio-Dise\u00f1o-Photo-Cualiti-3.jpg?resize=640%2C427&#038;ssl=1\" alt=\"\" width=\"640\" height=\"427\" srcset=\"https:\/\/i1.wp.com\/multiformas.com.co\/es\/blog\/wp-content\/uploads\/2017\/12\/Masquespacio-Dise\u00f1o-Photo-Cualiti-3.jpg?w=1000&amp;ssl=1 1000w, https:\/\/i1.wp.com\/multiformas.com.co\/es\/blog\/wp-content\/uploads\/2017\/12\/Masquespacio-Dise\u00f1o-Photo-Cualiti-3.jpg?resize=300%2C200&amp;ssl=1 300w, https:\/\/i1.wp.com\/multiformas.com.co\/es\/blog\/wp-content\/uploads\/2017\/12\/Masquespacio-Dise\u00f1o-Photo-Cualiti-3.jpg?resize=768%2C512&amp;ssl=1 768w, https:\/\/i1.wp.com\/multiformas.com.co\/es\/blog\/wp-content\/uploads\/2017\/12\/Masquespacio-Dise\u00f1o-Photo-Cualiti-3.jpg?resize=600%2C400&amp;ssl=1 600w, https:\/\/i1.wp.com\/multiformas.com.co\/es\/blog\/wp-content\/uploads\/2017\/12\/Masquespacio-Dise\u00f1o-Photo-Cualiti-3.jpg?resize=90%2C60&amp;ssl=1 90w\" sizes=\"(max-width: 640px) 100vw, 640px\" data-recalc-dims=\"1\" \/><figcaption id=\"caption-attachment-609\" class=\"wp-caption-text\">Masquespacio<\/figcaption><\/figure>\n<p>Para el dise\u00f1o de sus tiendas buscaron la accesoria de <a href=\"http:\/\/masquespacio.com\/en\/\">Masquespacio\u00a0<\/a>quienes desarrollaron todo el concepto del dise\u00f1o de tienda, presentaci\u00f3n de productos y servicios.<\/p>\n<p>&nbsp;<\/p>\n<p>Masquespacios es empresa dedicada al dise\u00f1o interior y la imagen corporativa, galardonados con el premio \u00abMassimo Dutti New Values\u00bb de Architectural Digest Spain y el premio \u00abWave of the Future\u00bb de Hospitality Design USA, <strong>marcando tendencia en cuanto a dise\u00f1o, moda y estilo de vida.<\/strong><\/p>\n<p>&nbsp;<\/p>\n<p><img data-attachment-id=\"613\" data-permalink=\"https:\/\/multiformas.com.co\/es\/blog\/2017\/12\/04\/el-diseno-interior-de-los-fanaticos-de-apple-en-espana\/masquespacio\/\" data-orig-file=\"https:\/\/i0.wp.com\/multiformas.com.co\/es\/blog\/wp-content\/uploads\/2017\/12\/masquespacio.jpg?fit=391%2C86&amp;ssl=1\" data-orig-size=\"391,86\" data-comments-opened=\"1\" data-image-meta=\"{&quot;aperture&quot;:&quot;0&quot;,&quot;credit&quot;:&quot;user&quot;,&quot;camera&quot;:&quot;&quot;,&quot;caption&quot;:&quot;&quot;,&quot;created_timestamp&quot;:&quot;1512409742&quot;,&quot;copyright&quot;:&quot;&quot;,&quot;focal_length&quot;:&quot;0&quot;,&quot;iso&quot;:&quot;0&quot;,&quot;shutter_speed&quot;:&quot;0&quot;,&quot;title&quot;:&quot;&quot;,&quot;orientation&quot;:&quot;0&quot;}\" data-image-title=\"masquespacio\" data-image-description=\"\" data-medium-file=\"https:\/\/i0.wp.com\/multiformas.com.co\/es\/blog\/wp-content\/uploads\/2017\/12\/masquespacio.jpg?fit=300%2C66&amp;ssl=1\" data-large-file=\"https:\/\/i0.wp.com\/multiformas.com.co\/es\/blog\/wp-content\/uploads\/2017\/12\/masquespacio.jpg?fit=391%2C86&amp;ssl=1\" loading=\"lazy\" class=\"aligncenter size-medium wp-image-613\" src=\"https:\/\/i0.wp.com\/multiformas.com.co\/es\/blog\/wp-content\/uploads\/2017\/12\/masquespacio.jpg?resize=300%2C66&#038;ssl=1\" alt=\"\" width=\"300\" height=\"66\" srcset=\"https:\/\/i0.wp.com\/multiformas.com.co\/es\/blog\/wp-content\/uploads\/2017\/12\/masquespacio.jpg?resize=300%2C66&amp;ssl=1 300w, https:\/\/i0.wp.com\/multiformas.com.co\/es\/blog\/wp-content\/uploads\/2017\/12\/masquespacio.jpg?w=391&amp;ssl=1 391w\" sizes=\"(max-width: 300px) 100vw, 300px\" data-recalc-dims=\"1\" \/><\/p>\n<p>&nbsp;<\/p>\n<p>Realmente el dise\u00f1o es impactante y a simple vista parece tridimensional, pero al observar en detalle podemos ver que todo el dise\u00f1o de los exhibidores es bidimensional, este truco visual altamente efectivo <strong>se inspiro en las pantallas de los m\u00f3viles y nuestra forma de sostenerlos<\/strong>\u00a0en un angulo de 54 grados, bajo este concepto todos los productos se encuentran dispuestos como imitando a un icono de aplicaci\u00f3n en nuestro celular.<\/p>\n<p>&nbsp;<\/p>\n<figure id=\"attachment_597\" aria-describedby=\"caption-attachment-597\" style=\"width: 1000px\" class=\"wp-caption aligncenter\"><img data-attachment-id=\"597\" data-permalink=\"https:\/\/multiformas.com.co\/es\/blog\/2017\/12\/04\/el-diseno-interior-de-los-fanaticos-de-apple-en-espana\/masquespacio-diseno-photo-cualiti-1\/\" data-orig-file=\"https:\/\/i2.wp.com\/multiformas.com.co\/es\/blog\/wp-content\/uploads\/2017\/12\/Masquespacio-Dise\u00f1o-Photo-Cualiti-1.jpg?fit=1000%2C667&amp;ssl=1\" data-orig-size=\"1000,667\" data-comments-opened=\"1\" data-image-meta=\"{&quot;aperture&quot;:&quot;0&quot;,&quot;credit&quot;:&quot;&quot;,&quot;camera&quot;:&quot;&quot;,&quot;caption&quot;:&quot;&quot;,&quot;created_timestamp&quot;:&quot;0&quot;,&quot;copyright&quot;:&quot;&quot;,&quot;focal_length&quot;:&quot;0&quot;,&quot;iso&quot;:&quot;0&quot;,&quot;shutter_speed&quot;:&quot;0&quot;,&quot;title&quot;:&quot;&quot;,&quot;orientation&quot;:&quot;0&quot;}\" data-image-title=\"Masquespacio-Dise\u00f1o-Photo-Cualiti-1\" data-image-description=\"\" data-medium-file=\"https:\/\/i2.wp.com\/multiformas.com.co\/es\/blog\/wp-content\/uploads\/2017\/12\/Masquespacio-Dise\u00f1o-Photo-Cualiti-1.jpg?fit=300%2C200&amp;ssl=1\" data-large-file=\"https:\/\/i2.wp.com\/multiformas.com.co\/es\/blog\/wp-content\/uploads\/2017\/12\/Masquespacio-Dise\u00f1o-Photo-Cualiti-1.jpg?fit=640%2C427&amp;ssl=1\" loading=\"lazy\" class=\"wp-image-597 size-full\" src=\"https:\/\/i2.wp.com\/multiformas.com.co\/es\/blog\/wp-content\/uploads\/2017\/12\/Masquespacio-Dise\u00f1o-Photo-Cualiti-1.jpg?resize=640%2C427&#038;ssl=1\" alt=\"\" width=\"640\" height=\"427\" srcset=\"https:\/\/i2.wp.com\/multiformas.com.co\/es\/blog\/wp-content\/uploads\/2017\/12\/Masquespacio-Dise\u00f1o-Photo-Cualiti-1.jpg?w=1000&amp;ssl=1 1000w, https:\/\/i2.wp.com\/multiformas.com.co\/es\/blog\/wp-content\/uploads\/2017\/12\/Masquespacio-Dise\u00f1o-Photo-Cualiti-1.jpg?resize=300%2C200&amp;ssl=1 300w, https:\/\/i2.wp.com\/multiformas.com.co\/es\/blog\/wp-content\/uploads\/2017\/12\/Masquespacio-Dise\u00f1o-Photo-Cualiti-1.jpg?resize=768%2C512&amp;ssl=1 768w, https:\/\/i2.wp.com\/multiformas.com.co\/es\/blog\/wp-content\/uploads\/2017\/12\/Masquespacio-Dise\u00f1o-Photo-Cualiti-1.jpg?resize=600%2C400&amp;ssl=1 600w, https:\/\/i2.wp.com\/multiformas.com.co\/es\/blog\/wp-content\/uploads\/2017\/12\/Masquespacio-Dise\u00f1o-Photo-Cualiti-1.jpg?resize=90%2C60&amp;ssl=1 90w\" sizes=\"(max-width: 640px) 100vw, 640px\" data-recalc-dims=\"1\" \/><figcaption id=\"caption-attachment-597\" class=\"wp-caption-text\">Masquespacio<\/figcaption><\/figure>\n<p>&nbsp;<\/p>\n<p>Para Doctor Manzana se ha dise\u00f1ado toda una gama de elementos que se amoldan perfectamente al dise\u00f1o de la tienda, <strong>conformando un concepto \u00fanico en colores salm\u00f3n, verde, blanco, azul, morado y metalizados.<\/strong> Entre los elementos dise\u00f1ados se encuentran cajas para los case de Iphone, franelas, bolsas de compras, tarjetas de presentaci\u00f3n, sobres, brochure y cajas de accesorios.<\/p>\n<p>&nbsp;<\/p>\n<div class=\"tiled-gallery type-circle tiled-gallery-unresized\" data-original-width=\"640\" data-carousel-extra='{&quot;blog_id&quot;:1,&quot;permalink&quot;:&quot;https:\\\/\\\/multiformas.com.co\\\/es\\\/blog\\\/2017\\\/12\\\/04\\\/el-diseno-interior-de-los-fanaticos-de-apple-en-espana\\\/&quot;,&quot;likes_blog_id&quot;:137890109}' itemscope itemtype=\"http:\/\/schema.org\/ImageGallery\" > <div class=\"gallery-row\" style=\"width: 640px; height: 640px;\" data-original-width=\"640\" data-original-height=\"640\" > <div class=\"gallery-group\" style=\"width: 640px; height: 640px;\" data-original-width=\"640\" data-original-height=\"640\" > <div class=\"tiled-gallery-item \" itemprop=\"associatedMedia\" itemscope itemtype=\"http:\/\/schema.org\/ImageObject\"> <a href=\"https:\/\/multiformas.com.co\/es\/blog\/2017\/12\/04\/el-diseno-interior-de-los-fanaticos-de-apple-en-espana\/masquespacio-diseno-photo-cualiti-16\/\" border=\"0\" itemprop=\"url\"> <meta itemprop=\"width\" content=\"636\"> <meta itemprop=\"height\" content=\"636\"> <img data-attachment-id=\"598\" data-orig-file=\"https:\/\/multiformas.com.co\/es\/blog\/wp-content\/uploads\/2017\/12\/Masquespacio-Dise\u00f1o-Photo-Cualiti-16.jpg\" data-orig-size=\"1000,667\" data-comments-opened=\"1\" data-image-meta=\"{&quot;aperture&quot;:&quot;0&quot;,&quot;credit&quot;:&quot;&quot;,&quot;camera&quot;:&quot;&quot;,&quot;caption&quot;:&quot;&quot;,&quot;created_timestamp&quot;:&quot;0&quot;,&quot;copyright&quot;:&quot;&quot;,&quot;focal_length&quot;:&quot;0&quot;,&quot;iso&quot;:&quot;0&quot;,&quot;shutter_speed&quot;:&quot;0&quot;,&quot;title&quot;:&quot;&quot;,&quot;orientation&quot;:&quot;0&quot;}\" data-image-title=\"Masquespacio-Dise\u00f1o-Photo-Cualiti-16\" data-image-description=\"\" data-medium-file=\"https:\/\/i1.wp.com\/multiformas.com.co\/es\/blog\/wp-content\/uploads\/2017\/12\/Masquespacio-Dise\u00f1o-Photo-Cualiti-16.jpg?fit=300%2C200&#038;ssl=1\" data-large-file=\"https:\/\/i1.wp.com\/multiformas.com.co\/es\/blog\/wp-content\/uploads\/2017\/12\/Masquespacio-Dise\u00f1o-Photo-Cualiti-16.jpg?fit=640%2C427&#038;ssl=1\" src=\"https:\/\/i1.wp.com\/multiformas.com.co\/es\/blog\/wp-content\/uploads\/2017\/12\/Masquespacio-Dise\u00f1o-Photo-Cualiti-16.jpg?w=636&#038;h=636&#038;crop=1&#038;ssl=1\" width=\"636\" height=\"636\" data-original-width=\"636\" data-original-height=\"636\" itemprop=\"http:\/\/schema.org\/image\" title=\"Masquespacio-Dise\u00f1o-Photo-Cualiti-16\" alt=\"Masquespacios\" style=\"width: 636px; height: 636px;\" \/> <\/a> <div class=\"tiled-gallery-caption\" itemprop=\"caption description\"> Masquespacios <\/div> <\/div> <\/div> <\/div> <div class=\"gallery-row\" style=\"width: 640px; height: 213px;\" data-original-width=\"640\" data-original-height=\"213\" > <div class=\"gallery-group\" style=\"width: 213px; height: 213px;\" data-original-width=\"213\" data-original-height=\"213\" > <div class=\"tiled-gallery-item \" itemprop=\"associatedMedia\" itemscope itemtype=\"http:\/\/schema.org\/ImageObject\"> <a href=\"https:\/\/multiformas.com.co\/es\/blog\/2017\/12\/04\/el-diseno-interior-de-los-fanaticos-de-apple-en-espana\/masquespacio-diseno-photo-cualiti-10\/\" border=\"0\" itemprop=\"url\"> <meta itemprop=\"width\" content=\"209\"> <meta itemprop=\"height\" content=\"209\"> <img data-attachment-id=\"599\" data-orig-file=\"https:\/\/multiformas.com.co\/es\/blog\/wp-content\/uploads\/2017\/12\/Masquespacio-Dise\u00f1o-Photo-Cualiti-10.jpg\" data-orig-size=\"1000,667\" data-comments-opened=\"1\" data-image-meta=\"{&quot;aperture&quot;:&quot;0&quot;,&quot;credit&quot;:&quot;&quot;,&quot;camera&quot;:&quot;&quot;,&quot;caption&quot;:&quot;&quot;,&quot;created_timestamp&quot;:&quot;0&quot;,&quot;copyright&quot;:&quot;&quot;,&quot;focal_length&quot;:&quot;0&quot;,&quot;iso&quot;:&quot;0&quot;,&quot;shutter_speed&quot;:&quot;0&quot;,&quot;title&quot;:&quot;&quot;,&quot;orientation&quot;:&quot;0&quot;}\" data-image-title=\"Masquespacio-Dise\u00f1o-Photo-Cualiti-10\" data-image-description=\"\" data-medium-file=\"https:\/\/i0.wp.com\/multiformas.com.co\/es\/blog\/wp-content\/uploads\/2017\/12\/Masquespacio-Dise\u00f1o-Photo-Cualiti-10.jpg?fit=300%2C200&#038;ssl=1\" data-large-file=\"https:\/\/i0.wp.com\/multiformas.com.co\/es\/blog\/wp-content\/uploads\/2017\/12\/Masquespacio-Dise\u00f1o-Photo-Cualiti-10.jpg?fit=640%2C427&#038;ssl=1\" src=\"https:\/\/i0.wp.com\/multiformas.com.co\/es\/blog\/wp-content\/uploads\/2017\/12\/Masquespacio-Dise\u00f1o-Photo-Cualiti-10.jpg?w=209&#038;h=209&#038;crop=1&#038;ssl=1\" width=\"209\" height=\"209\" data-original-width=\"209\" data-original-height=\"209\" itemprop=\"http:\/\/schema.org\/image\" title=\"Masquespacio-Dise\u00f1o-Photo-Cualiti-10\" alt=\"Masquespacio-Dise\u00f1o-Photo-Cualiti-10\" style=\"width: 209px; height: 209px;\" \/> <\/a> <\/div> <\/div> <div class=\"gallery-group\" style=\"width: 213px; height: 213px;\" data-original-width=\"213\" data-original-height=\"213\" > <div class=\"tiled-gallery-item \" itemprop=\"associatedMedia\" itemscope itemtype=\"http:\/\/schema.org\/ImageObject\"> <a href=\"https:\/\/multiformas.com.co\/es\/blog\/2017\/12\/04\/el-diseno-interior-de-los-fanaticos-de-apple-en-espana\/masquespacio-diseno-photo-cualiti-11\/\" border=\"0\" itemprop=\"url\"> <meta itemprop=\"width\" content=\"209\"> <meta itemprop=\"height\" content=\"209\"> <img data-attachment-id=\"600\" data-orig-file=\"https:\/\/multiformas.com.co\/es\/blog\/wp-content\/uploads\/2017\/12\/Masquespacio-Dise\u00f1o-Photo-Cualiti-11.jpg\" data-orig-size=\"1000,667\" data-comments-opened=\"1\" data-image-meta=\"{&quot;aperture&quot;:&quot;0&quot;,&quot;credit&quot;:&quot;&quot;,&quot;camera&quot;:&quot;&quot;,&quot;caption&quot;:&quot;&quot;,&quot;created_timestamp&quot;:&quot;0&quot;,&quot;copyright&quot;:&quot;&quot;,&quot;focal_length&quot;:&quot;0&quot;,&quot;iso&quot;:&quot;0&quot;,&quot;shutter_speed&quot;:&quot;0&quot;,&quot;title&quot;:&quot;&quot;,&quot;orientation&quot;:&quot;0&quot;}\" data-image-title=\"Masquespacio-Dise\u00f1o-Photo-Cualiti-11\" data-image-description=\"\" data-medium-file=\"https:\/\/i0.wp.com\/multiformas.com.co\/es\/blog\/wp-content\/uploads\/2017\/12\/Masquespacio-Dise\u00f1o-Photo-Cualiti-11.jpg?fit=300%2C200&#038;ssl=1\" data-large-file=\"https:\/\/i0.wp.com\/multiformas.com.co\/es\/blog\/wp-content\/uploads\/2017\/12\/Masquespacio-Dise\u00f1o-Photo-Cualiti-11.jpg?fit=640%2C427&#038;ssl=1\" src=\"https:\/\/i0.wp.com\/multiformas.com.co\/es\/blog\/wp-content\/uploads\/2017\/12\/Masquespacio-Dise\u00f1o-Photo-Cualiti-11.jpg?w=209&#038;h=209&#038;crop=1&#038;ssl=1\" width=\"209\" height=\"209\" data-original-width=\"209\" data-original-height=\"209\" itemprop=\"http:\/\/schema.org\/image\" title=\"Masquespacio-Dise\u00f1o-Photo-Cualiti-11\" alt=\"Masquespacio-Dise\u00f1o-Photo-Cualiti-11\" style=\"width: 209px; height: 209px;\" \/> <\/a> <\/div> <\/div> <div class=\"gallery-group\" style=\"width: 213px; height: 213px;\" data-original-width=\"213\" data-original-height=\"213\" > <div class=\"tiled-gallery-item \" itemprop=\"associatedMedia\" itemscope itemtype=\"http:\/\/schema.org\/ImageObject\"> <a href=\"https:\/\/multiformas.com.co\/es\/blog\/2017\/12\/04\/el-diseno-interior-de-los-fanaticos-de-apple-en-espana\/masquespacio-diseno-photo-cualiti-12\/\" border=\"0\" itemprop=\"url\"> <meta itemprop=\"width\" content=\"209\"> <meta itemprop=\"height\" content=\"209\"> <img data-attachment-id=\"601\" data-orig-file=\"https:\/\/multiformas.com.co\/es\/blog\/wp-content\/uploads\/2017\/12\/Masquespacio-Dise\u00f1o-Photo-Cualiti-12.jpg\" data-orig-size=\"1000,667\" data-comments-opened=\"1\" data-image-meta=\"{&quot;aperture&quot;:&quot;0&quot;,&quot;credit&quot;:&quot;&quot;,&quot;camera&quot;:&quot;&quot;,&quot;caption&quot;:&quot;&quot;,&quot;created_timestamp&quot;:&quot;0&quot;,&quot;copyright&quot;:&quot;&quot;,&quot;focal_length&quot;:&quot;0&quot;,&quot;iso&quot;:&quot;0&quot;,&quot;shutter_speed&quot;:&quot;0&quot;,&quot;title&quot;:&quot;&quot;,&quot;orientation&quot;:&quot;0&quot;}\" data-image-title=\"Masquespacio-Dise\u00f1o-Photo-Cualiti-12\" data-image-description=\"\" data-medium-file=\"https:\/\/i1.wp.com\/multiformas.com.co\/es\/blog\/wp-content\/uploads\/2017\/12\/Masquespacio-Dise\u00f1o-Photo-Cualiti-12.jpg?fit=300%2C200&#038;ssl=1\" data-large-file=\"https:\/\/i1.wp.com\/multiformas.com.co\/es\/blog\/wp-content\/uploads\/2017\/12\/Masquespacio-Dise\u00f1o-Photo-Cualiti-12.jpg?fit=640%2C427&#038;ssl=1\" src=\"https:\/\/i1.wp.com\/multiformas.com.co\/es\/blog\/wp-content\/uploads\/2017\/12\/Masquespacio-Dise\u00f1o-Photo-Cualiti-12.jpg?w=209&#038;h=209&#038;crop=1&#038;ssl=1\" width=\"209\" height=\"209\" data-original-width=\"209\" data-original-height=\"209\" itemprop=\"http:\/\/schema.org\/image\" title=\"Masquespacio-Dise\u00f1o-Photo-Cualiti-12\" alt=\"Masquespacio-Dise\u00f1o-Photo-Cualiti-12\" style=\"width: 209px; height: 209px;\" \/> <\/a> <\/div> <\/div> <\/div> <\/div>\n<p>&nbsp;<\/p>\n<p><strong>Pero, \u00bfPor qu\u00e9 se escogen estos colores tan particulares?<\/strong><\/p>\n<p>&nbsp;<\/p>\n<p>Marquespacio nos explica que el color verde y el azul representa al doctor (el servicio t\u00e9cnico que ofrece Doctor Manzana), el salm\u00f3n evoca a los amantes de la moda (los fieles seguidores de la marca Apple), los detalles en color morado para los geeks (los que persiguen las ultimas tendencia en tecnolog\u00eda) y el metal nos recuerda a los laboratorios tecnol\u00f3gicos de donde salieron las maravillas Apple.<\/p>\n<p>&nbsp;<\/p>\n<figure id=\"attachment_604\" aria-describedby=\"caption-attachment-604\" style=\"width: 700px\" class=\"wp-caption aligncenter\"><img data-attachment-id=\"604\" data-permalink=\"https:\/\/multiformas.com.co\/es\/blog\/2017\/12\/04\/el-diseno-interior-de-los-fanaticos-de-apple-en-espana\/5masquespacio-doctor-manzana\/\" data-orig-file=\"https:\/\/i0.wp.com\/multiformas.com.co\/es\/blog\/wp-content\/uploads\/2017\/12\/5Masquespacio-Doctor-Manzana.jpg?fit=1500%2C1001&amp;ssl=1\" data-orig-size=\"1500,1001\" data-comments-opened=\"1\" data-image-meta=\"{&quot;aperture&quot;:&quot;5.6&quot;,&quot;credit&quot;:&quot;LUIS BELTRAN&quot;,&quot;camera&quot;:&quot;NIKON D810&quot;,&quot;caption&quot;:&quot;&quot;,&quot;created_timestamp&quot;:&quot;1501356825&quot;,&quot;copyright&quot;:&quot;www.luisbeltran.eu&quot;,&quot;focal_length&quot;:&quot;24&quot;,&quot;iso&quot;:&quot;200&quot;,&quot;shutter_speed&quot;:&quot;0.008&quot;,&quot;title&quot;:&quot;&quot;,&quot;orientation&quot;:&quot;0&quot;}\" data-image-title=\"5Masquespacio-Doctor-Manzana\" data-image-description=\"\" data-medium-file=\"https:\/\/i0.wp.com\/multiformas.com.co\/es\/blog\/wp-content\/uploads\/2017\/12\/5Masquespacio-Doctor-Manzana.jpg?fit=300%2C200&amp;ssl=1\" data-large-file=\"https:\/\/i0.wp.com\/multiformas.com.co\/es\/blog\/wp-content\/uploads\/2017\/12\/5Masquespacio-Doctor-Manzana.jpg?fit=640%2C427&amp;ssl=1\" loading=\"lazy\" class=\"wp-image-604 size-large\" src=\"https:\/\/i0.wp.com\/multiformas.com.co\/es\/blog\/wp-content\/uploads\/2017\/12\/5Masquespacio-Doctor-Manzana.jpg?resize=640%2C427&#038;ssl=1\" alt=\"\" width=\"640\" height=\"427\" srcset=\"https:\/\/i0.wp.com\/multiformas.com.co\/es\/blog\/wp-content\/uploads\/2017\/12\/5Masquespacio-Doctor-Manzana.jpg?resize=1024%2C683&amp;ssl=1 1024w, https:\/\/i0.wp.com\/multiformas.com.co\/es\/blog\/wp-content\/uploads\/2017\/12\/5Masquespacio-Doctor-Manzana.jpg?resize=300%2C200&amp;ssl=1 300w, https:\/\/i0.wp.com\/multiformas.com.co\/es\/blog\/wp-content\/uploads\/2017\/12\/5Masquespacio-Doctor-Manzana.jpg?resize=768%2C513&amp;ssl=1 768w, https:\/\/i0.wp.com\/multiformas.com.co\/es\/blog\/wp-content\/uploads\/2017\/12\/5Masquespacio-Doctor-Manzana.jpg?resize=600%2C400&amp;ssl=1 600w, https:\/\/i0.wp.com\/multiformas.com.co\/es\/blog\/wp-content\/uploads\/2017\/12\/5Masquespacio-Doctor-Manzana.jpg?resize=90%2C60&amp;ssl=1 90w, https:\/\/i0.wp.com\/multiformas.com.co\/es\/blog\/wp-content\/uploads\/2017\/12\/5Masquespacio-Doctor-Manzana.jpg?resize=1320%2C881&amp;ssl=1 1320w, https:\/\/i0.wp.com\/multiformas.com.co\/es\/blog\/wp-content\/uploads\/2017\/12\/5Masquespacio-Doctor-Manzana.jpg?w=1500&amp;ssl=1 1500w\" sizes=\"(max-width: 640px) 100vw, 640px\" data-recalc-dims=\"1\" \/><figcaption id=\"caption-attachment-604\" class=\"wp-caption-text\">Masquespacio<\/figcaption><\/figure>\n<p>&nbsp;<\/p>\n<p>En cuanto al mobiliario se dise\u00f1o un espacio para reuniones y charlas con una apariencia entre nube y sala de operaciones con<strong> estilo minimalista<\/strong>, con paredes falsas en pl\u00e1stico de vinilo y una puerta dando un <strong>aspecto futurista<\/strong>. La iluminaci\u00f3n blanca y lamparas tubulares sostenidas desde el techo evocan las t\u00edpicas lamparas de sala de operaciones.<\/p>\n<p>&nbsp;<\/p>\n<figure id=\"attachment_606\" aria-describedby=\"caption-attachment-606\" style=\"width: 683px\" class=\"wp-caption aligncenter\"><img data-attachment-id=\"606\" data-permalink=\"https:\/\/multiformas.com.co\/es\/blog\/2017\/12\/04\/el-diseno-interior-de-los-fanaticos-de-apple-en-espana\/4masquespacio-doctor-manzana\/\" data-orig-file=\"https:\/\/i1.wp.com\/multiformas.com.co\/es\/blog\/wp-content\/uploads\/2017\/12\/4Masquespacio-Doctor-Manzana.jpg?fit=1001%2C1500&amp;ssl=1\" data-orig-size=\"1001,1500\" data-comments-opened=\"1\" data-image-meta=\"{&quot;aperture&quot;:&quot;6.3&quot;,&quot;credit&quot;:&quot;LUIS BELTRAN&quot;,&quot;camera&quot;:&quot;NIKON D810&quot;,&quot;caption&quot;:&quot;&quot;,&quot;created_timestamp&quot;:&quot;1501356003&quot;,&quot;copyright&quot;:&quot;www.luisbeltran.eu&quot;,&quot;focal_length&quot;:&quot;32&quot;,&quot;iso&quot;:&quot;200&quot;,&quot;shutter_speed&quot;:&quot;0.008&quot;,&quot;title&quot;:&quot;&quot;,&quot;orientation&quot;:&quot;0&quot;}\" data-image-title=\"4Masquespacio-Doctor-Manzana\" data-image-description=\"\" data-medium-file=\"https:\/\/i1.wp.com\/multiformas.com.co\/es\/blog\/wp-content\/uploads\/2017\/12\/4Masquespacio-Doctor-Manzana.jpg?fit=200%2C300&amp;ssl=1\" data-large-file=\"https:\/\/i1.wp.com\/multiformas.com.co\/es\/blog\/wp-content\/uploads\/2017\/12\/4Masquespacio-Doctor-Manzana.jpg?fit=640%2C960&amp;ssl=1\" loading=\"lazy\" class=\"wp-image-606 size-large\" src=\"https:\/\/i1.wp.com\/multiformas.com.co\/es\/blog\/wp-content\/uploads\/2017\/12\/4Masquespacio-Doctor-Manzana.jpg?resize=640%2C960&#038;ssl=1\" alt=\"\" width=\"640\" height=\"960\" srcset=\"https:\/\/i1.wp.com\/multiformas.com.co\/es\/blog\/wp-content\/uploads\/2017\/12\/4Masquespacio-Doctor-Manzana.jpg?resize=683%2C1024&amp;ssl=1 683w, https:\/\/i1.wp.com\/multiformas.com.co\/es\/blog\/wp-content\/uploads\/2017\/12\/4Masquespacio-Doctor-Manzana.jpg?resize=200%2C300&amp;ssl=1 200w, https:\/\/i1.wp.com\/multiformas.com.co\/es\/blog\/wp-content\/uploads\/2017\/12\/4Masquespacio-Doctor-Manzana.jpg?resize=768%2C1151&amp;ssl=1 768w, https:\/\/i1.wp.com\/multiformas.com.co\/es\/blog\/wp-content\/uploads\/2017\/12\/4Masquespacio-Doctor-Manzana.jpg?resize=600%2C899&amp;ssl=1 600w, https:\/\/i1.wp.com\/multiformas.com.co\/es\/blog\/wp-content\/uploads\/2017\/12\/4Masquespacio-Doctor-Manzana.jpg?w=1001&amp;ssl=1 1001w\" sizes=\"(max-width: 640px) 100vw, 640px\" data-recalc-dims=\"1\" \/><figcaption id=\"caption-attachment-606\" class=\"wp-caption-text\">Masquespacio<\/figcaption><\/figure>\n<p>&nbsp;<\/p>\n<p>Las sillas son de <strong>inspiraci\u00f3n geom\u00e9trica\u00a0le otorgan una simplicidad y modernidad extraordinaria <\/strong>que\u00a0junto con el dise\u00f1o del espaldar y la altura de la mesa arman todo un conjunto excepcional, convirti\u00e9ndose en el primer producto de la marca de mobiliario Mas Creaciones de Masquespacio.<\/p>\n<p>&nbsp;<\/p>\n<figure id=\"attachment_605\" aria-describedby=\"caption-attachment-605\" style=\"width: 594px\" class=\"wp-caption aligncenter\"><img data-attachment-id=\"605\" data-permalink=\"https:\/\/multiformas.com.co\/es\/blog\/2017\/12\/04\/el-diseno-interior-de-los-fanaticos-de-apple-en-espana\/7masquespacio-doctor-manzana\/\" data-orig-file=\"https:\/\/i2.wp.com\/multiformas.com.co\/es\/blog\/wp-content\/uploads\/2017\/12\/7Masquespacio-Doctor-Manzana.jpg?fit=870%2C1500&amp;ssl=1\" data-orig-size=\"870,1500\" data-comments-opened=\"1\" data-image-meta=\"{&quot;aperture&quot;:&quot;5.6&quot;,&quot;credit&quot;:&quot;LUIS BELTRAN&quot;,&quot;camera&quot;:&quot;NIKON D810&quot;,&quot;caption&quot;:&quot;&quot;,&quot;created_timestamp&quot;:&quot;1501358307&quot;,&quot;copyright&quot;:&quot;www.luisbeltran.eu&quot;,&quot;focal_length&quot;:&quot;28&quot;,&quot;iso&quot;:&quot;320&quot;,&quot;shutter_speed&quot;:&quot;0.008&quot;,&quot;title&quot;:&quot;&quot;,&quot;orientation&quot;:&quot;0&quot;}\" data-image-title=\"7Masquespacio-Doctor-Manzana\" data-image-description=\"\" data-medium-file=\"https:\/\/i2.wp.com\/multiformas.com.co\/es\/blog\/wp-content\/uploads\/2017\/12\/7Masquespacio-Doctor-Manzana.jpg?fit=174%2C300&amp;ssl=1\" data-large-file=\"https:\/\/i2.wp.com\/multiformas.com.co\/es\/blog\/wp-content\/uploads\/2017\/12\/7Masquespacio-Doctor-Manzana.jpg?fit=594%2C1024&amp;ssl=1\" loading=\"lazy\" class=\"wp-image-605 size-large\" src=\"https:\/\/i2.wp.com\/multiformas.com.co\/es\/blog\/wp-content\/uploads\/2017\/12\/7Masquespacio-Doctor-Manzana.jpg?resize=594%2C1024&#038;ssl=1\" alt=\"\" width=\"594\" height=\"1024\" srcset=\"https:\/\/i2.wp.com\/multiformas.com.co\/es\/blog\/wp-content\/uploads\/2017\/12\/7Masquespacio-Doctor-Manzana.jpg?resize=594%2C1024&amp;ssl=1 594w, https:\/\/i2.wp.com\/multiformas.com.co\/es\/blog\/wp-content\/uploads\/2017\/12\/7Masquespacio-Doctor-Manzana.jpg?resize=174%2C300&amp;ssl=1 174w, https:\/\/i2.wp.com\/multiformas.com.co\/es\/blog\/wp-content\/uploads\/2017\/12\/7Masquespacio-Doctor-Manzana.jpg?resize=768%2C1324&amp;ssl=1 768w, https:\/\/i2.wp.com\/multiformas.com.co\/es\/blog\/wp-content\/uploads\/2017\/12\/7Masquespacio-Doctor-Manzana.jpg?resize=600%2C1034&amp;ssl=1 600w, https:\/\/i2.wp.com\/multiformas.com.co\/es\/blog\/wp-content\/uploads\/2017\/12\/7Masquespacio-Doctor-Manzana.jpg?w=870&amp;ssl=1 870w\" sizes=\"(max-width: 594px) 100vw, 594px\" data-recalc-dims=\"1\" \/><figcaption id=\"caption-attachment-605\" class=\"wp-caption-text\">Masquespacio<\/figcaption><\/figure>\n<p>&nbsp;<\/p>\n<p>As\u00ed desde el punto de vista del marketing se ha elaborado un <strong>dise\u00f1o peculiar y llamativo<\/strong>, bien pensado y digno de un centro de reparaciones para productos de la gran manzana.<\/p>\n","protected":false},"excerpt":{"rendered":"<p>&nbsp; Para los amantes de Apple en Espa\u00f1a existen dos palabras Doctor Manzana, una tienda exclusiva de servicio t\u00e9cnico para toda la l\u00ednea Ipad, Iphone y Ipod. Ubicada en Valencia <a href=\"https:\/\/multiformas.com.co\/es\/blog\/2017\/12\/04\/el-diseno-interior-de-los-fanaticos-de-apple-en-espana\/\" class=\"read-more button-fancy -red\"><span class=\"btn-arrow\"><\/span><span class=\"twp-read-more text\">Leer m\u00e1s<\/span><\/a><\/p>\n","protected":false},"author":1,"featured_media":608,"comment_status":"closed","ping_status":"open","sticky":false,"template":"","format":"standard","meta":{"advanced_seo_description":"","spay_email":"","jetpack_publicize_message":"","jetpack_is_tweetstorm":false},"categories":[7],"tags":[35,39,37,62,101,38,100,25,36,45],"jetpack_featured_media_url":"https:\/\/i1.wp.com\/multiformas.com.co\/es\/blog\/wp-content\/uploads\/2017\/12\/Doctor-Manzana-de-Masquespacio-1-1600x1200.jpg?fit=600%2C400&ssl=1","jetpack_publicize_connections":[],"jetpack_sharing_enabled":true,"jetpack_shortlink":"https:\/\/wp.me\/p9kzw1-9C","jetpack_likes_enabled":true,"jetpack-related-posts":[{"id":1393,"url":"https:\/\/multiformas.com.co\/es\/blog\/2018\/08\/03\/2-proyectos-de-iluminacion-tan-fascinantes-que-nunca-olvidaras\/","url_meta":{"origin":596,"position":0},"title":"2 proyectos de iluminaci\u00f3n tan fascinantes que nunca olvidaras","date":"agosto 3, 2018","format":false,"excerpt":"Traemos inspiraci\u00f3n para tu pr\u00f3ximo proyecto en materia de iluminaci\u00f3n y estructura modular con dos proyectos fascinantes uno en Mil\u00e1n y otro en New York, dos ciudades encantadoras y a la punta en cuanto a moda, dise\u00f1o e innovaci\u00f3n en arte. \u00a0 Decode\/Recode Salviati el fabricante de vidrio m\u00e1s importante\u2026","rel":"","context":"En \u00abDecoraci\u00f3n\u00bb","img":{"alt_text":"","src":"https:\/\/i1.wp.com\/multiformas.com.co\/es\/blog\/wp-content\/uploads\/2018\/08\/makiage-2.jpg?fit=1200%2C979&ssl=1&resize=350%2C200","width":350,"height":200},"classes":[]},{"id":952,"url":"https:\/\/multiformas.com.co\/es\/blog\/2018\/01\/18\/en-el-interior-de-las-oficinas-de-skype-diseno-sin-limites\/","url_meta":{"origin":596,"position":1},"title":"En el interior de las oficinas de Skype, dise\u00f1o sin limites.","date":"enero 18, 2018","format":false,"excerpt":"Skype los pioneros en telefon\u00eda a trav\u00e9s de Internet nos muestran sus oficinas en Estocolmo, como es de esperarse los dise\u00f1os son exclusivos para la firma, dignos de imitar para tu pr\u00f3ximo proyecto. Las oficinas de Skype en Estocolmo fueron dise\u00f1adas por\u00a0PS Arkitektur\u00a0una empresa dedicada a proyectos de arquitectura y\u2026","rel":"","context":"En \u00abDecoraci\u00f3n\u00bb","img":{"alt_text":"Oficina dise\u00f1o Skype","src":"https:\/\/i2.wp.com\/multiformas.com.co\/es\/blog\/wp-content\/uploads\/2018\/01\/oficina-dise\u00f1o-skype-7.jpg?fit=700%2C462&ssl=1&resize=350%2C200","width":350,"height":200},"classes":[]},{"id":716,"url":"https:\/\/multiformas.com.co\/es\/blog\/2017\/12\/12\/conociendo-las-oficinas-de-trivago\/","url_meta":{"origin":596,"position":2},"title":"Conociendo las oficinas de Trivago","date":"diciembre 12, 2017","format":false,"excerpt":"\u00a0 Trabajar en Trivago es un verdadero lujo con sus oficinas frente al mar en Palma de Mallorca, todo un sue\u00f1o. Muy a la usanza de Google cuenta con los colores primarios como un b\u00e1sico queriendo transmitir que ofrecen un servicio indispensable (igual a los colores b\u00e1sicos que aprendimos en\u2026","rel":"","context":"En \u00abDecoraci\u00f3n\u00bb","img":{"alt_text":"","src":"https:\/\/i2.wp.com\/multiformas.com.co\/es\/blog\/wp-content\/uploads\/2017\/12\/reforma-oficina-trivago.jpg?fit=520%2C314&ssl=1&resize=350%2C200","width":350,"height":200},"classes":[]},{"id":1238,"url":"https:\/\/multiformas.com.co\/es\/blog\/2018\/05\/09\/como-aumentar-tus-ventas-con-el-diseno-de-interiores\/","url_meta":{"origin":596,"position":3},"title":"C\u00f3mo aumentar tus ventas con el dise\u00f1o de interiores.","date":"mayo 9, 2018","format":false,"excerpt":"Tener un negocio minorista es enfrentarse cara a cara con el cliente, quienes entrar a observar no solo la mercanc\u00eda sino tambi\u00e9n el dise\u00f1o de la tienda, incluso muchos toman la decisi\u00f3n de entrar al local solo por la imagen que reciben de la tienda desde afuera. En PCD Multiformas\u2026","rel":"","context":"En \u00abDecoraci\u00f3n\u00bb","img":{"alt_text":"","src":"https:\/\/i0.wp.com\/multiformas.com.co\/es\/blog\/wp-content\/uploads\/2018\/05\/apple-store-westquay.jpg?fit=600%2C400&ssl=1&resize=350%2C200","width":350,"height":200},"classes":[]},{"id":1716,"url":"https:\/\/multiformas.com.co\/es\/blog\/2020\/10\/15\/acustica-para-oficinas\/","url_meta":{"origin":596,"position":4},"title":"Ac\u00fastica para oficinas","date":"octubre 15, 2020","format":false,"excerpt":"El dise\u00f1o de oficinas incluye dilemas pr\u00e1cticos y de dise\u00f1o que difieren de los que encontramos al dise\u00f1ar una casa residencial. Cuestiones de privacidad, concentraci\u00f3n, trabajo agradable, iluminaci\u00f3n adecuada para el trabajo y tambi\u00e9n ac\u00fastica vienen a la mente de los dise\u00f1adores que buscan soluciones avanzadas a todos los problemas.\u2026","rel":"","context":"En \u00abEstilo de Vida\u00bb","img":{"alt_text":"","src":"https:\/\/i1.wp.com\/multiformas.com.co\/es\/blog\/wp-content\/uploads\/2020\/10\/1-14-1200x800.jpg?fit=1200%2C800&ssl=1&resize=350%2C200","width":350,"height":200},"classes":[]},{"id":616,"url":"https:\/\/multiformas.com.co\/es\/blog\/2017\/12\/06\/mobiliario-de-inspiracion-geometrica-para-impactar\/","url_meta":{"origin":596,"position":5},"title":"Mobiliario de inspiraci\u00f3n geom\u00e9trica para impactar","date":"diciembre 6, 2017","format":false,"excerpt":"\u00a0 Ning\u00fan amante al dise\u00f1o podr\u00e1 resistirse a la geometr\u00eda tomando control de su oficina; este tipo de dise\u00f1o aunque parece novedoso tiene sus or\u00edgenes en el Modernismo \u00f3 Art Nouveau, como se denomin\u00f3 en Francia y B\u00e9lgica debido a que representaba una renovaci\u00f3n en el dise\u00f1o que imperaba en\u2026","rel":"","context":"En \u00abMobiliario\u00bb","img":{"alt_text":"","src":"https:\/\/i1.wp.com\/multiformas.com.co\/es\/blog\/wp-content\/uploads\/2017\/12\/5450792d50c6d22f3ff6f1da7a974f98-unique-furniture-industrial-furniture.jpg?fit=730%2C548&ssl=1&resize=350%2C200","width":350,"height":200},"classes":[]}],"_links":{"self":[{"href":"https:\/\/multiformas.com.co\/es\/blog\/wp-json\/wp\/v2\/posts\/596"}],"collection":[{"href":"https:\/\/multiformas.com.co\/es\/blog\/wp-json\/wp\/v2\/posts"}],"about":[{"href":"https:\/\/multiformas.com.co\/es\/blog\/wp-json\/wp\/v2\/types\/post"}],"author":[{"embeddable":true,"href":"https:\/\/multiformas.com.co\/es\/blog\/wp-json\/wp\/v2\/users\/1"}],"replies":[{"embeddable":true,"href":"https:\/\/multiformas.com.co\/es\/blog\/wp-json\/wp\/v2\/comments?post=596"}],"version-history":[{"count":8,"href":"https:\/\/multiformas.com.co\/es\/blog\/wp-json\/wp\/v2\/posts\/596\/revisions"}],"predecessor-version":[{"id":615,"href":"https:\/\/multiformas.com.co\/es\/blog\/wp-json\/wp\/v2\/posts\/596\/revisions\/615"}],"wp:featuredmedia":[{"embeddable":true,"href":"https:\/\/multiformas.com.co\/es\/blog\/wp-json\/wp\/v2\/media\/608"}],"wp:attachment":[{"href":"https:\/\/multiformas.com.co\/es\/blog\/wp-json\/wp\/v2\/media?parent=596"}],"wp:term":[{"taxonomy":"category","embeddable":true,"href":"https:\/\/multiformas.com.co\/es\/blog\/wp-json\/wp\/v2\/categories?post=596"},{"taxonomy":"post_tag","embeddable":true,"href":"https:\/\/multiformas.com.co\/es\/blog\/wp-json\/wp\/v2\/tags?post=596"}],"curies":[{"name":"wp","href":"https:\/\/api.w.org\/{rel}","templated":true}]}}