{"id":765,"date":"2017-12-15T22:53:19","date_gmt":"2017-12-15T22:53:19","guid":{"rendered":"https:\/\/multiformas.com.co\/es\/blog\/?p=765"},"modified":"2018-02-21T00:10:38","modified_gmt":"2018-02-21T00:10:38","slug":"5-apps-que-todo-ilustrador-y-disenador-deben-tener-antes-de-finalizar-el-ano","status":"publish","type":"post","link":"https:\/\/multiformas.com.co\/es\/blog\/2017\/12\/15\/5-apps-que-todo-ilustrador-y-disenador-deben-tener-antes-de-finalizar-el-ano\/","title":{"rendered":"5 Apps que todo ilustrador y dise\u00f1ador deben tener antes de finalizar el a\u00f1o."},"content":{"rendered":"<p>Muchos de nosotros no hemos podido explorar con la intensidad requerida todas las alternativas que ofrecen las app para dise\u00f1adores y entusiastas, si te han regalado un Smartphone este mes tambi\u00e9n deber\u00e1s revisar y disfrutar las apps propuestas para dise\u00f1adores.<\/p>\n<p>Sabemos que ya t\u00e9rmino la temporada laboral para muchos e incluso algunos est\u00e1n en sus \u00faltimos y ansiosos d\u00edas antes de tomar un vuelo a las mejores vacaciones o relajarse en casa para pasar los pr\u00f3ximos d\u00edas entre familiares y amigos.<\/p>\n<p>Aprovecha la temporada festiva y d\u00e9jate sorprender con lo que puede hacer tu Smartphone por ti.<\/p>\n<p>&nbsp;<\/p>\n<h2><a href=\"http:\/\/www.adobe.com\/es\/products\/draw.html\"><strong>Adobe Illustrator Draw<\/strong><\/a><\/h2>\n<p>&nbsp;<\/p>\n<figure id=\"attachment_767\" aria-describedby=\"caption-attachment-767\" style=\"width: 1800px\" class=\"wp-caption aligncenter\"><img data-attachment-id=\"767\" data-permalink=\"https:\/\/multiformas.com.co\/es\/blog\/2017\/12\/15\/5-apps-que-todo-ilustrador-y-disenador-deben-tener-antes-de-finalizar-el-ano\/illustrator-draw-get-started-v21800x1012\/\" data-orig-file=\"https:\/\/i1.wp.com\/multiformas.com.co\/es\/blog\/wp-content\/uploads\/2017\/12\/illustrator-draw-get-started-v21800x1012.jpg?fit=1800%2C1012&amp;ssl=1\" data-orig-size=\"1800,1012\" data-comments-opened=\"1\" data-image-meta=\"{&quot;aperture&quot;:&quot;0&quot;,&quot;credit&quot;:&quot;&quot;,&quot;camera&quot;:&quot;&quot;,&quot;caption&quot;:&quot;&quot;,&quot;created_timestamp&quot;:&quot;0&quot;,&quot;copyright&quot;:&quot;&quot;,&quot;focal_length&quot;:&quot;0&quot;,&quot;iso&quot;:&quot;0&quot;,&quot;shutter_speed&quot;:&quot;0&quot;,&quot;title&quot;:&quot;&quot;,&quot;orientation&quot;:&quot;0&quot;}\" data-image-title=\"illustrator-draw-get-started-v21800x1012\" data-image-description=\"\" data-medium-file=\"https:\/\/i1.wp.com\/multiformas.com.co\/es\/blog\/wp-content\/uploads\/2017\/12\/illustrator-draw-get-started-v21800x1012.jpg?fit=300%2C169&amp;ssl=1\" data-large-file=\"https:\/\/i1.wp.com\/multiformas.com.co\/es\/blog\/wp-content\/uploads\/2017\/12\/illustrator-draw-get-started-v21800x1012.jpg?fit=640%2C360&amp;ssl=1\" loading=\"lazy\" class=\"wp-image-767 size-full\" src=\"https:\/\/i1.wp.com\/multiformas.com.co\/es\/blog\/wp-content\/uploads\/2017\/12\/illustrator-draw-get-started-v21800x1012.jpg?resize=640%2C360&#038;ssl=1\" alt=\"\" width=\"640\" height=\"360\" srcset=\"https:\/\/i1.wp.com\/multiformas.com.co\/es\/blog\/wp-content\/uploads\/2017\/12\/illustrator-draw-get-started-v21800x1012.jpg?w=1800&amp;ssl=1 1800w, https:\/\/i1.wp.com\/multiformas.com.co\/es\/blog\/wp-content\/uploads\/2017\/12\/illustrator-draw-get-started-v21800x1012.jpg?resize=300%2C169&amp;ssl=1 300w, https:\/\/i1.wp.com\/multiformas.com.co\/es\/blog\/wp-content\/uploads\/2017\/12\/illustrator-draw-get-started-v21800x1012.jpg?resize=768%2C432&amp;ssl=1 768w, https:\/\/i1.wp.com\/multiformas.com.co\/es\/blog\/wp-content\/uploads\/2017\/12\/illustrator-draw-get-started-v21800x1012.jpg?resize=1024%2C576&amp;ssl=1 1024w, https:\/\/i1.wp.com\/multiformas.com.co\/es\/blog\/wp-content\/uploads\/2017\/12\/illustrator-draw-get-started-v21800x1012.jpg?resize=600%2C337&amp;ssl=1 600w, https:\/\/i1.wp.com\/multiformas.com.co\/es\/blog\/wp-content\/uploads\/2017\/12\/illustrator-draw-get-started-v21800x1012.jpg?resize=1320%2C742&amp;ssl=1 1320w\" sizes=\"(max-width: 640px) 100vw, 640px\" data-recalc-dims=\"1\" \/><figcaption id=\"caption-attachment-767\" class=\"wp-caption-text\">helpx.adobe<\/figcaption><\/figure>\n<p>&nbsp;<\/p>\n<p>Esta aplicaci\u00f3n es un b\u00e1sico para cualquier dise\u00f1ador, la misma promete \u201cconvertir f\u00e1cilmente cualquier idea o momento de inspiraci\u00f3n en un fant\u00e1stico dise\u00f1o\u201d.<\/p>\n<p>Caracter\u00edsticas:<\/p>\n<ul>\n<li>Elige entre 5 pinceles vectoriales.<\/li>\n<li>Barra de herramientas personalizada.<\/li>\n<li>Incluye 10 capas de dibujo por trabajo.<\/li>\n<li>Incluye una capa de fotograf\u00eda por trabajo.<\/li>\n<li>Posibilidad de editar el trabajo por Illustrator para pc y Photoshop.<\/li>\n<li>Biblioteca de temas.<\/li>\n<li>Incluye tu trabajo en Behance (plataforma gratuita donde podr\u00e1s mostrar tu trabajo a toda una comunidad).<\/li>\n<li>Cuadriculas incorporadas.<\/li>\n<li>Puedes llevar cualquier fotograf\u00eda a formas de contornos vectoriales.<\/li>\n<\/ul>\n<p>\u00bfQu\u00e9 puedes encontrar en la p\u00e1gina de la aplicaci\u00f3n?<\/p>\n<ul>\n<li>Una gu\u00eda de los pasos a seguir para utilizar esta herramienta.<\/li>\n<li>Lista de preguntas frecuentes.<\/li>\n<li>Una comunidad dispuesta ayudarte.<\/li>\n<\/ul>\n<p>Comentarios de usuarios:<\/p>\n<blockquote><p>\u00abEl proceso de coloreado puede llega a ser algo tedioso&#8230; por otro lado el estabilizado del trazo es excelente y me sirve mucho para mis dibujos.\u00bb &#8211;\u00a0 Curuvi<\/p>\n<p>\u00abEsta muy bien. El problema es que al momento de guardar las ilustraciones pierden la calidad en un 40%\u00bb. Usuario de Google.<\/p>\n<p>\u00abMe encanta, es la mejor aplicacci\u00f3n para dibujar del mundo, es simplemente perfecta, pero creo que le har\u00eda falta un pincel difuminado y con eso ser\u00eda perfecta\u00bb.- Martina Vlogs<\/p><\/blockquote>\n<p>&nbsp;<\/p>\n<h2><a href=\"https:\/\/play.google.com\/store\/apps\/details?id=com.rcplatform.fontphoto\"><strong>Font Studio \u2013 text on photo<\/strong><\/a><\/h2>\n<p>&nbsp;<\/p>\n<figure id=\"attachment_768\" aria-describedby=\"caption-attachment-768\" style=\"width: 507px\" class=\"wp-caption aligncenter\"><img data-attachment-id=\"768\" data-permalink=\"https:\/\/multiformas.com.co\/es\/blog\/2017\/12\/15\/5-apps-que-todo-ilustrador-y-disenador-deben-tener-antes-de-finalizar-el-ano\/unnamed-1\/\" data-orig-file=\"https:\/\/i1.wp.com\/multiformas.com.co\/es\/blog\/wp-content\/uploads\/2017\/12\/unnamed-1.jpg?fit=507%2C900&amp;ssl=1\" data-orig-size=\"507,900\" data-comments-opened=\"1\" data-image-meta=\"{&quot;aperture&quot;:&quot;0&quot;,&quot;credit&quot;:&quot;&quot;,&quot;camera&quot;:&quot;&quot;,&quot;caption&quot;:&quot;&quot;,&quot;created_timestamp&quot;:&quot;0&quot;,&quot;copyright&quot;:&quot;&quot;,&quot;focal_length&quot;:&quot;0&quot;,&quot;iso&quot;:&quot;0&quot;,&quot;shutter_speed&quot;:&quot;0&quot;,&quot;title&quot;:&quot;&quot;,&quot;orientation&quot;:&quot;0&quot;}\" data-image-title=\"unnamed (1)\" data-image-description=\"\" data-medium-file=\"https:\/\/i1.wp.com\/multiformas.com.co\/es\/blog\/wp-content\/uploads\/2017\/12\/unnamed-1.jpg?fit=169%2C300&amp;ssl=1\" data-large-file=\"https:\/\/i1.wp.com\/multiformas.com.co\/es\/blog\/wp-content\/uploads\/2017\/12\/unnamed-1.jpg?fit=507%2C900&amp;ssl=1\" loading=\"lazy\" class=\"wp-image-768 size-full\" src=\"https:\/\/i1.wp.com\/multiformas.com.co\/es\/blog\/wp-content\/uploads\/2017\/12\/unnamed-1.jpg?resize=507%2C900&#038;ssl=1\" alt=\"\" width=\"507\" height=\"900\" srcset=\"https:\/\/i1.wp.com\/multiformas.com.co\/es\/blog\/wp-content\/uploads\/2017\/12\/unnamed-1.jpg?w=507&amp;ssl=1 507w, https:\/\/i1.wp.com\/multiformas.com.co\/es\/blog\/wp-content\/uploads\/2017\/12\/unnamed-1.jpg?resize=169%2C300&amp;ssl=1 169w\" sizes=\"(max-width: 507px) 100vw, 507px\" data-recalc-dims=\"1\" \/><figcaption id=\"caption-attachment-768\" class=\"wp-caption-text\">google play<\/figcaption><\/figure>\n<p>&nbsp;<\/p>\n<p>Con esta app puedes a\u00f1adir a tus fotograf\u00edas tipograf\u00eda, marcos y etiquetas a tu gusto.<\/p>\n<p>Caracteristicas:<\/p>\n<ul>\n<li>M\u00e1s de 120 fuentes seleccionadas integradas y otras descargables.<\/li>\n<li>Rotar, reducir o ampliar el texto.<\/li>\n<li>Modificar el color del texto, su transprencia y a\u00f1adir sombras.<\/li>\n<li>Ajustar el brillo, el contraste, la saturaci\u00f3n y la difuminaci\u00f3n.<\/li>\n<li>A\u00f1adir marcos de m\u00e1s de 30 formas gratuitas.<\/li>\n<li>Crear tus propias formas y utilizar pegatinas.<\/li>\n<\/ul>\n<p>Comentarios de usuarios:<\/p>\n<blockquote><p>\u00abEn mi opini\u00f3n la aplicaci\u00f3n es realmente \u00fatil. Ya la he usado muchas veces y la conoc\u00ed a recomendaci\u00f3n de una amiga.\u00bb\u00a0 &#8211; Aracely CC.<\/p>\n<p>\u00abLa aplicaci\u00f3n es buena&#8230; Pero se excede en la cantidad de publicidad.\u00bb Pablo Berraza.<\/p>\n<p>\u00abEn verdad sirve. Tiene todo lo que queria para editar o crear fotos, incluso mas.\u00bb &#8211;\u00a0Derek Gibran.<\/p><\/blockquote>\n<p>&nbsp;<\/p>\n<h2><a href=\"https:\/\/www.sketchbook.com\/?locale=es\"><strong>Autodesk SketchBook<\/strong><\/a><\/h2>\n<p>&nbsp;<\/p>\n<figure id=\"attachment_769\" aria-describedby=\"caption-attachment-769\" style=\"width: 800px\" class=\"wp-caption aligncenter\"><img data-attachment-id=\"769\" data-permalink=\"https:\/\/multiformas.com.co\/es\/blog\/2017\/12\/15\/5-apps-que-todo-ilustrador-y-disenador-deben-tener-antes-de-finalizar-el-ano\/800x500bb\/\" data-orig-file=\"https:\/\/i1.wp.com\/multiformas.com.co\/es\/blog\/wp-content\/uploads\/2017\/12\/800x500bb.jpg?fit=800%2C500&amp;ssl=1\" data-orig-size=\"800,500\" data-comments-opened=\"1\" data-image-meta=\"{&quot;aperture&quot;:&quot;0&quot;,&quot;credit&quot;:&quot;&quot;,&quot;camera&quot;:&quot;&quot;,&quot;caption&quot;:&quot;&quot;,&quot;created_timestamp&quot;:&quot;0&quot;,&quot;copyright&quot;:&quot;&quot;,&quot;focal_length&quot;:&quot;0&quot;,&quot;iso&quot;:&quot;0&quot;,&quot;shutter_speed&quot;:&quot;0&quot;,&quot;title&quot;:&quot;&quot;,&quot;orientation&quot;:&quot;0&quot;}\" data-image-title=\"800x500bb\" data-image-description=\"\" data-medium-file=\"https:\/\/i1.wp.com\/multiformas.com.co\/es\/blog\/wp-content\/uploads\/2017\/12\/800x500bb.jpg?fit=300%2C188&amp;ssl=1\" data-large-file=\"https:\/\/i1.wp.com\/multiformas.com.co\/es\/blog\/wp-content\/uploads\/2017\/12\/800x500bb.jpg?fit=640%2C400&amp;ssl=1\" loading=\"lazy\" class=\"wp-image-769 size-full\" src=\"https:\/\/i1.wp.com\/multiformas.com.co\/es\/blog\/wp-content\/uploads\/2017\/12\/800x500bb.jpg?resize=640%2C400&#038;ssl=1\" alt=\"\" width=\"640\" height=\"400\" srcset=\"https:\/\/i1.wp.com\/multiformas.com.co\/es\/blog\/wp-content\/uploads\/2017\/12\/800x500bb.jpg?w=800&amp;ssl=1 800w, https:\/\/i1.wp.com\/multiformas.com.co\/es\/blog\/wp-content\/uploads\/2017\/12\/800x500bb.jpg?resize=300%2C188&amp;ssl=1 300w, https:\/\/i1.wp.com\/multiformas.com.co\/es\/blog\/wp-content\/uploads\/2017\/12\/800x500bb.jpg?resize=768%2C480&amp;ssl=1 768w, https:\/\/i1.wp.com\/multiformas.com.co\/es\/blog\/wp-content\/uploads\/2017\/12\/800x500bb.jpg?resize=600%2C375&amp;ssl=1 600w\" sizes=\"(max-width: 640px) 100vw, 640px\" data-recalc-dims=\"1\" \/><figcaption id=\"caption-attachment-769\" class=\"wp-caption-text\">Itunes<\/figcaption><\/figure>\n<p>&nbsp;<\/p>\n<p>Es una herramienta exclusiva para profesionales del dibujo que da una experiencia \u00fanica en cada creaci\u00f3n. Dise\u00f1ada para arquitectos, dise\u00f1adores automotrices e industriales, termina siendo muy Intuitiva, esta app permite que sientas la naturalidad de tomar un papel y un l\u00e1piz as\u00ed que evita el exceso de men\u00fas y entrega un trazo realista en cuanto a intensidad y trayectoria.<\/p>\n<p>Caracteristicas:<\/p>\n<ul>\n<li>Es posibles scanear a trav\u00e9s de la c\u00e1mara del tel\u00e9fono cualquier boceto y luego poder terminarlo en la aplicaci\u00f3n.<\/li>\n<li>Disponible para todos los dispositivos.<\/li>\n<li>M\u00e1s de 190 pinceles personalizables.<\/li>\n<li>Exclusiva librer\u00eda de color de Copic.<\/li>\n<li>Ayuda en la simetr\u00eda y suavidad del trazo.<\/li>\n<li>Corrector de figuras.<\/li>\n<\/ul>\n<p>Comentarios de usuarios<\/p>\n<blockquote><p>\u00abme encanta!!! Ahora puedo mejorar la calidad de mis dibujos, solo tengo que acostumbrarme\u00bb. &#8211;\u00a0FridaysWeek<\/p>\n<p>\u00abSer\u00e9 honesto, esta \u00faltima actualizaci\u00f3n agreg\u00f3 muchas y muy \u00fatiles funciones PERO el men\u00fa dejo de ser amigable para el usuario, ahora es muy complejo.\u00bb &#8211;\u00a0<span class=\"author-name\">El Men De Medianoche.\u00a0<\/span><\/p>\n<p>\u00abEs una aplicaci\u00f3n muy buena y mejor con la nueva actualizaci\u00f3n, pero hay un problema al abrir la aplicaci\u00f3n, se cierra y al segundo intento de abrirla ya no sucede, me gustar\u00eda que arreglaran eso pero en general muy buena y recomendable.\u00bb &#8211;\u00a0Adri\u00e1n Hern\u00e1ndez<\/p><\/blockquote>\n<p>&nbsp;<\/p>\n<h2><a href=\"https:\/\/play.google.com\/store\/apps\/details?id=com.magisto&amp;hl=es\"><strong>Magisto<\/strong><\/a><\/h2>\n<p>&nbsp;<\/p>\n<figure id=\"attachment_770\" aria-describedby=\"caption-attachment-770\" style=\"width: 480px\" class=\"wp-caption aligncenter\"><img data-attachment-id=\"770\" data-permalink=\"https:\/\/multiformas.com.co\/es\/blog\/2017\/12\/15\/5-apps-que-todo-ilustrador-y-disenador-deben-tener-antes-de-finalizar-el-ano\/hqdefault\/\" data-orig-file=\"https:\/\/i0.wp.com\/multiformas.com.co\/es\/blog\/wp-content\/uploads\/2017\/12\/hqdefault.jpg?fit=480%2C360&amp;ssl=1\" data-orig-size=\"480,360\" data-comments-opened=\"1\" data-image-meta=\"{&quot;aperture&quot;:&quot;0&quot;,&quot;credit&quot;:&quot;&quot;,&quot;camera&quot;:&quot;&quot;,&quot;caption&quot;:&quot;&quot;,&quot;created_timestamp&quot;:&quot;0&quot;,&quot;copyright&quot;:&quot;&quot;,&quot;focal_length&quot;:&quot;0&quot;,&quot;iso&quot;:&quot;0&quot;,&quot;shutter_speed&quot;:&quot;0&quot;,&quot;title&quot;:&quot;&quot;,&quot;orientation&quot;:&quot;0&quot;}\" data-image-title=\"hqdefault\" data-image-description=\"\" data-medium-file=\"https:\/\/i0.wp.com\/multiformas.com.co\/es\/blog\/wp-content\/uploads\/2017\/12\/hqdefault.jpg?fit=300%2C225&amp;ssl=1\" data-large-file=\"https:\/\/i0.wp.com\/multiformas.com.co\/es\/blog\/wp-content\/uploads\/2017\/12\/hqdefault.jpg?fit=480%2C360&amp;ssl=1\" loading=\"lazy\" class=\"wp-image-770 size-full\" src=\"https:\/\/i0.wp.com\/multiformas.com.co\/es\/blog\/wp-content\/uploads\/2017\/12\/hqdefault.jpg?resize=480%2C360&#038;ssl=1\" alt=\"\" width=\"480\" height=\"360\" srcset=\"https:\/\/i0.wp.com\/multiformas.com.co\/es\/blog\/wp-content\/uploads\/2017\/12\/hqdefault.jpg?w=480&amp;ssl=1 480w, https:\/\/i0.wp.com\/multiformas.com.co\/es\/blog\/wp-content\/uploads\/2017\/12\/hqdefault.jpg?resize=300%2C225&amp;ssl=1 300w\" sizes=\"(max-width: 480px) 100vw, 480px\" data-recalc-dims=\"1\" \/><figcaption id=\"caption-attachment-770\" class=\"wp-caption-text\">google play<\/figcaption><\/figure>\n<p>&nbsp;<\/p>\n<p>Si lo tuyo es grabar v\u00eddeos Magisto se presenta como un editor ocasional donde podr\u00e1s obtener minipeliculas con efectos especiales y hasta m\u00fasica; puedes crear todo tipo de v\u00eddeos a partir de tus fotograf\u00edas o v\u00eddeos. Ideal para presentaciones de trabajo, mostrar tus ultimas vacaciones o desear un feliz a\u00f1o nuevo.<\/p>\n<p>Caracteristicas:<\/p>\n<ul>\n<li>No es necesario ser un editor profesional.<\/li>\n<li>Crea pel\u00edculas de aspecto profesional.<\/li>\n<li>Analiza y edita las mejores partes de tus v\u00eddeos.<\/li>\n<li>Estabilizaci\u00f3n, filtros y efectos y transiciones autom\u00e1ticas.<\/li>\n<li>Reconocimiento facial.<\/li>\n<li>A\u00f1ade bandas sonoras.<\/li>\n<li>Accede desde cualquier dispositivo.<\/li>\n<\/ul>\n<p>Comentarios de usuarios:<\/p>\n<blockquote><p>\u00abEs para ediciones r\u00e1pidas sin muchas complicaciones. Si est\u00e1s apurado o no te gusta editar, est\u00e1 buena.\u00bb &#8211;\u00a0Pablo Daniel Ferrer Ferrero<\/p>\n<p>\u00abEs una aplicaci\u00f3n genial. La uso a menudo e incluso me he suscrito.\u00bb &#8211;\u00a0Diego Guti\u00e9rrez Butler<\/p>\n<p>\u00abMe encanta esta aplicaci\u00f3n&#8230;es muy facil de usar, se puede unir fotos y videos, poner musica, elegir la tematica&#8230;.Es genial !.\u00bb &#8211;\u00a0<span class=\"author-name\">nanninatural<\/span><\/p><\/blockquote>\n<p>&nbsp;<\/p>\n<h2><a href=\"https:\/\/play.google.com\/store\/apps\/details?id=com.adobe.creativeapps.gather&amp;hl=es\"><strong>Adobe Capture CC<\/strong><\/a><\/h2>\n<p>&nbsp;<\/p>\n<figure id=\"attachment_771\" aria-describedby=\"caption-attachment-771\" style=\"width: 1683px\" class=\"wp-caption aligncenter\"><img data-attachment-id=\"771\" data-permalink=\"https:\/\/multiformas.com.co\/es\/blog\/2017\/12\/15\/5-apps-que-todo-ilustrador-y-disenador-deben-tener-antes-de-finalizar-el-ano\/adobecapturecc-1\/\" data-orig-file=\"https:\/\/i0.wp.com\/multiformas.com.co\/es\/blog\/wp-content\/uploads\/2017\/12\/AdobeCaptureCC-1.jpg?fit=1683%2C1000&amp;ssl=1\" data-orig-size=\"1683,1000\" data-comments-opened=\"1\" data-image-meta=\"{&quot;aperture&quot;:&quot;0&quot;,&quot;credit&quot;:&quot;&quot;,&quot;camera&quot;:&quot;&quot;,&quot;caption&quot;:&quot;&quot;,&quot;created_timestamp&quot;:&quot;0&quot;,&quot;copyright&quot;:&quot;&quot;,&quot;focal_length&quot;:&quot;0&quot;,&quot;iso&quot;:&quot;0&quot;,&quot;shutter_speed&quot;:&quot;0&quot;,&quot;title&quot;:&quot;&quot;,&quot;orientation&quot;:&quot;0&quot;}\" data-image-title=\"Adobe+Capture+CC-1\" data-image-description=\"\" data-medium-file=\"https:\/\/i0.wp.com\/multiformas.com.co\/es\/blog\/wp-content\/uploads\/2017\/12\/AdobeCaptureCC-1.jpg?fit=300%2C178&amp;ssl=1\" data-large-file=\"https:\/\/i0.wp.com\/multiformas.com.co\/es\/blog\/wp-content\/uploads\/2017\/12\/AdobeCaptureCC-1.jpg?fit=640%2C380&amp;ssl=1\" loading=\"lazy\" class=\"wp-image-771 size-full\" src=\"https:\/\/i0.wp.com\/multiformas.com.co\/es\/blog\/wp-content\/uploads\/2017\/12\/AdobeCaptureCC-1.jpg?resize=640%2C380&#038;ssl=1\" alt=\"\" width=\"640\" height=\"380\" srcset=\"https:\/\/i0.wp.com\/multiformas.com.co\/es\/blog\/wp-content\/uploads\/2017\/12\/AdobeCaptureCC-1.jpg?w=1683&amp;ssl=1 1683w, https:\/\/i0.wp.com\/multiformas.com.co\/es\/blog\/wp-content\/uploads\/2017\/12\/AdobeCaptureCC-1.jpg?resize=300%2C178&amp;ssl=1 300w, https:\/\/i0.wp.com\/multiformas.com.co\/es\/blog\/wp-content\/uploads\/2017\/12\/AdobeCaptureCC-1.jpg?resize=768%2C456&amp;ssl=1 768w, https:\/\/i0.wp.com\/multiformas.com.co\/es\/blog\/wp-content\/uploads\/2017\/12\/AdobeCaptureCC-1.jpg?resize=1024%2C608&amp;ssl=1 1024w, https:\/\/i0.wp.com\/multiformas.com.co\/es\/blog\/wp-content\/uploads\/2017\/12\/AdobeCaptureCC-1.jpg?resize=600%2C357&amp;ssl=1 600w, https:\/\/i0.wp.com\/multiformas.com.co\/es\/blog\/wp-content\/uploads\/2017\/12\/AdobeCaptureCC-1.jpg?resize=1320%2C784&amp;ssl=1 1320w\" sizes=\"(max-width: 640px) 100vw, 640px\" data-recalc-dims=\"1\" \/><figcaption id=\"caption-attachment-771\" class=\"wp-caption-text\">Canadian Reviewer<\/figcaption><\/figure>\n<p>&nbsp;<\/p>\n<p>Con esta app es posible convertir cualquier imagen en un modelo de inspiraci\u00f3n desprendiendo de la misma colores, motivos, materiales y formas para ser utilizadas a gusto.<\/p>\n<p>Caracter\u00edsticas:<\/p>\n<ul>\n<li>Fuentes de Typekit basadas en formas de letras observadas en la naturaleza.<\/li>\n<li>Puedes crear texturas 3D basadas en una sola imagen.<\/li>\n<li>Convierte tu dispositivo en un caleidoscopio digital y confeccione motivos geom\u00e9tricos.<\/li>\n<li>Transforma las im\u00e1genes en gr\u00e1ficos vectoriales.<\/li>\n<li>Pinta con pinceles confeccionado a partir de tus im\u00e1genes.<\/li>\n<li>Todos tus recursos se guardan como en una biblioteca a la que puedes acceder desde cualquier dispositivo.<\/li>\n<\/ul>\n<p>Comentarios de los usuarios:<\/p>\n<blockquote><p>\u00abExcelente app puedes crear muchas cosas Cando vas por la calle o no tienes tu PC a la mano.\u00bb &#8211;\u00a0Juan Ospina<\/p>\n<p>\u00abMe encanto much\u00edsimo!!! Una de las mejores apps que e descargado, me a ayudado mucho con mis proyectos creativos, en verdad es incre\u00edble, todo lo que es de la familia Adobe me encanta.\u00bb &#8211;\u00a0RAFA3L BM<\/p>\n<p>\u00abEs una gran herramienta de dise\u00f1o, facilita las cosas y da mucha libertad creativa.\u00bb &#8211;\u00a0Mario Dartiz<\/p><\/blockquote>\n<p>&nbsp;<\/p>\n","protected":false},"excerpt":{"rendered":"<p>Muchos de nosotros no hemos podido explorar con la intensidad requerida todas las alternativas que ofrecen las app para dise\u00f1adores y entusiastas, si te han regalado un Smartphone este mes <a href=\"https:\/\/multiformas.com.co\/es\/blog\/2017\/12\/15\/5-apps-que-todo-ilustrador-y-disenador-deben-tener-antes-de-finalizar-el-ano\/\" class=\"read-more button-fancy -red\"><span class=\"btn-arrow\"><\/span><span class=\"twp-read-more text\">Leer m\u00e1s<\/span><\/a><\/p>\n","protected":false},"author":1,"featured_media":772,"comment_status":"closed","ping_status":"open","sticky":false,"template":"","format":"standard","meta":{"advanced_seo_description":"","spay_email":"","jetpack_publicize_message":"","jetpack_is_tweetstorm":false},"categories":[6],"tags":[122,35,121,39,37,62,123,120],"jetpack_featured_media_url":"https:\/\/i1.wp.com\/multiformas.com.co\/es\/blog\/wp-content\/uploads\/2017\/12\/CC_Libraries_MacBook_iPhones.jpg?fit=765%2C408&ssl=1","jetpack_publicize_connections":[],"jetpack_sharing_enabled":true,"jetpack_shortlink":"https:\/\/wp.me\/p9kzw1-cl","jetpack_likes_enabled":true,"jetpack-related-posts":[{"id":378,"url":"https:\/\/multiformas.com.co\/es\/blog\/2017\/11\/23\/objetos-de-inspiracion-pantone-el-regalo-perfecto-para-un-disenador\/","url_meta":{"origin":765,"position":0},"title":"Objetos de inspiraci\u00f3n Pantone, el regalo perfecto para un dise\u00f1ador","date":"noviembre 23, 2017","format":false,"excerpt":"Todos conocemos el nombre Pantone y es com\u00fan asociarlo al dise\u00f1o gr\u00e1fico, sin embargo esta m\u00e1s presente en nuestras vidas de lo que imaginamos, cualquier objeto que tenga color si alguna vez fue dise\u00f1ado y fabricado de manera profesional paso por las manos de alguien sosteniendo una paleta de colores\u2026","rel":"","context":"En \u00abEstilo de Vida\u00bb","img":{"alt_text":"","src":"https:\/\/i0.wp.com\/multiformas.com.co\/es\/blog\/wp-content\/uploads\/2017\/11\/768a75968310367821f7653fa6e7267a.jpg?fit=300%2C300&ssl=1&resize=350%2C200","width":350,"height":200},"classes":[]},{"id":1293,"url":"https:\/\/multiformas.com.co\/es\/blog\/2018\/06\/10\/conoce-las-ultimas-tendencias-en-mobiliario-de-oficina\/","url_meta":{"origin":765,"position":1},"title":"Conoce las ultimas tendencias en mobiliario de oficina","date":"junio 10, 2018","format":false,"excerpt":"Estamos a mitad de a\u00f1o y ya tenemos las nuevas tendencias para el \u00faltimo trimestre del a\u00f1o 2018, colores vibrantes, materiales eternos, y dise\u00f1o sin limites, en PDC Multiformas tenemos listo desde ya miles de ideas para tu nuevo proyecto. \u00a0 La nueva mousse Rafa Garc\u00eda uno de los dise\u00f1adores\u2026","rel":"","context":"En \u00abMobiliario\u00bb","img":{"alt_text":"","src":"https:\/\/i1.wp.com\/multiformas.com.co\/es\/blog\/wp-content\/uploads\/2018\/06\/coleccion-de-muebles-atom-de-boss-design-full.jpg?fit=1000%2C600&ssl=1&resize=350%2C200","width":350,"height":200},"classes":[]},{"id":1162,"url":"https:\/\/multiformas.com.co\/es\/blog\/2018\/04\/18\/lo-que-debes-saber-del-diseno-de-interiores\/","url_meta":{"origin":765,"position":2},"title":"Lo que debes saber del dise\u00f1o de interiores","date":"abril 18, 2018","format":false,"excerpt":"En el dise\u00f1o de interiores no todo vale y no todo el mundo puede hacerlo, sin embargo al contratar a un experto debemos saber cuales son las bases para crear ese ambiente que sue\u00f1as. En PCD Multiformas te contamos lo que debes saber del dise\u00f1o de interiores. \u00a0 \u00bfCu\u00e1l es\u2026","rel":"","context":"En \u00abDecoraci\u00f3n\u00bb","img":{"alt_text":"Oficina dise\u00f1o Skype","src":"https:\/\/i2.wp.com\/multiformas.com.co\/es\/blog\/wp-content\/uploads\/2018\/01\/oficina-dise\u00f1o-skype-7.jpg?fit=700%2C462&ssl=1&resize=350%2C200","width":350,"height":200},"classes":[]},{"id":1716,"url":"https:\/\/multiformas.com.co\/es\/blog\/2020\/10\/15\/acustica-para-oficinas\/","url_meta":{"origin":765,"position":3},"title":"Ac\u00fastica para oficinas","date":"octubre 15, 2020","format":false,"excerpt":"El dise\u00f1o de oficinas incluye dilemas pr\u00e1cticos y de dise\u00f1o que difieren de los que encontramos al dise\u00f1ar una casa residencial. Cuestiones de privacidad, concentraci\u00f3n, trabajo agradable, iluminaci\u00f3n adecuada para el trabajo y tambi\u00e9n ac\u00fastica vienen a la mente de los dise\u00f1adores que buscan soluciones avanzadas a todos los problemas.\u2026","rel":"","context":"En \u00abEstilo de Vida\u00bb","img":{"alt_text":"","src":"https:\/\/i1.wp.com\/multiformas.com.co\/es\/blog\/wp-content\/uploads\/2020\/10\/1-14-1200x800.jpg?fit=1200%2C800&ssl=1&resize=350%2C200","width":350,"height":200},"classes":[]},{"id":1054,"url":"https:\/\/multiformas.com.co\/es\/blog\/2018\/02\/27\/las-tendencias-en-diseno-interior-en-casadecor2018\/","url_meta":{"origin":765,"position":4},"title":"Las tendencias en dise\u00f1o interior en CasaDecor2018","date":"febrero 27, 2018","format":false,"excerpt":"CasaDecor 2018 (en su 53\u00aa edici\u00f3n) es un evento realizado en Madrid, donde podr\u00e1s apreciar las tendencias de dise\u00f1o para este a\u00f1o que atraparan tus sentidos y ademas marcaran la pauta para la construcci\u00f3n de los espacios de tu nuevo proyecto. En esta edici\u00f3n hay de todo para todos desde\u2026","rel":"","context":"En \u00abDecoraci\u00f3n\u00bb","img":{"alt_text":"","src":"https:\/\/i0.wp.com\/multiformas.com.co\/es\/blog\/wp-content\/uploads\/2018\/02\/tendencias-2018-casadecor-5.jpg?fit=621%2C941&ssl=1&resize=350%2C200","width":350,"height":200},"classes":[]},{"id":1091,"url":"https:\/\/multiformas.com.co\/es\/blog\/2018\/03\/08\/las-tendencias-en-mobiliario-que-marcaran-el-2018\/","url_meta":{"origin":765,"position":5},"title":"Las tendencias en mobiliario que marcaran el 2018","date":"marzo 8, 2018","format":false,"excerpt":"La feria internacional\u00a0IMM Cologne es pionera en mostrarnos cual es la tendencia en mobiliario para este a\u00f1o en curso y es grato para nosotros mostrarte lo que deber\u00eda tener toda oficina y espacio comercial para estar a la altura de los que aprecian el buen gusto. IMM Cologne es una\u2026","rel":"","context":"En \u00abMobiliario\u00bb","img":{"alt_text":"","src":"https:\/\/i0.wp.com\/multiformas.com.co\/es\/blog\/wp-content\/uploads\/2018\/03\/tendencias-mobiliario-11.jpg?fit=1175%2C881&ssl=1&resize=350%2C200","width":350,"height":200},"classes":[]}],"_links":{"self":[{"href":"https:\/\/multiformas.com.co\/es\/blog\/wp-json\/wp\/v2\/posts\/765"}],"collection":[{"href":"https:\/\/multiformas.com.co\/es\/blog\/wp-json\/wp\/v2\/posts"}],"about":[{"href":"https:\/\/multiformas.com.co\/es\/blog\/wp-json\/wp\/v2\/types\/post"}],"author":[{"embeddable":true,"href":"https:\/\/multiformas.com.co\/es\/blog\/wp-json\/wp\/v2\/users\/1"}],"replies":[{"embeddable":true,"href":"https:\/\/multiformas.com.co\/es\/blog\/wp-json\/wp\/v2\/comments?post=765"}],"version-history":[{"count":5,"href":"https:\/\/multiformas.com.co\/es\/blog\/wp-json\/wp\/v2\/posts\/765\/revisions"}],"predecessor-version":[{"id":776,"href":"https:\/\/multiformas.com.co\/es\/blog\/wp-json\/wp\/v2\/posts\/765\/revisions\/776"}],"wp:featuredmedia":[{"embeddable":true,"href":"https:\/\/multiformas.com.co\/es\/blog\/wp-json\/wp\/v2\/media\/772"}],"wp:attachment":[{"href":"https:\/\/multiformas.com.co\/es\/blog\/wp-json\/wp\/v2\/media?parent=765"}],"wp:term":[{"taxonomy":"category","embeddable":true,"href":"https:\/\/multiformas.com.co\/es\/blog\/wp-json\/wp\/v2\/categories?post=765"},{"taxonomy":"post_tag","embeddable":true,"href":"https:\/\/multiformas.com.co\/es\/blog\/wp-json\/wp\/v2\/tags?post=765"}],"curies":[{"name":"wp","href":"https:\/\/api.w.org\/{rel}","templated":true}]}}