{"id":783,"date":"2017-12-19T22:46:14","date_gmt":"2017-12-19T22:46:14","guid":{"rendered":"https:\/\/multiformas.com.co\/es\/blog\/?p=783"},"modified":"2018-02-21T00:10:37","modified_gmt":"2018-02-21T00:10:37","slug":"las-3-cafeterias-mas-famosas-de-paris-y-su-estilo-renacentista-para-tu-proximo-proyecto","status":"publish","type":"post","link":"https:\/\/multiformas.com.co\/es\/blog\/2017\/12\/19\/las-3-cafeterias-mas-famosas-de-paris-y-su-estilo-renacentista-para-tu-proximo-proyecto\/","title":{"rendered":"Las 3 cafeter\u00edas m\u00e1s famosas de Par\u00eds y su estilo renacentista para tu pr\u00f3ximo proyecto."},"content":{"rendered":"<p>Las cafeter\u00edas m\u00e1s famosas de Francia en esta oportunidad nos orientan sobre el estilo renacentista perfecto para tu nuevo proyecto tanto si deseas abrir una pasteler\u00eda francesa, una tienda de art\u00edculos de lujo, un edificio estilo \u00e9poca, restaurante, sal\u00f3n de belleza o librer\u00eda.<\/p>\n<p>Pero antes de revisar la muestra de cafeter\u00edas estrella vamos a ver cuales son las claves del estilo renacentista.<\/p>\n<ul>\n<li>El mobiliario es de madera (roble, sauce o nogal) con tallados o tejidos suaves en terciopelo y piel.<\/li>\n<li>Se decoran las paredes con obras de arte antiguas.<\/li>\n<li>No existen figuras abstractas o surrealistas.<\/li>\n<li>El color oro y tonos oscuros p\u00farpura, carmes\u00ed, verde esmeralda y azul real son los predominantes.<\/li>\n<li>L\u00e1mparas ara\u00f1a forjadas en acero inoxidable y cristal, as\u00ed como l\u00e1mparas de pared.<\/li>\n<li>Tapices en motivos florales.<\/li>\n<li>Azulejos en dise\u00f1os florales para pisos.<\/li>\n<li>Pintura cl\u00e1sica en techos y paredes sobre temas naturales o escenas humanas.<\/li>\n<\/ul>\n<h2><\/h2>\n<h2><a href=\"http:\/\/www.procope.com\/en\/photos\/\">Le Procope<\/a><\/h2>\n<p>&nbsp;<\/p>\n<figure id=\"attachment_784\" aria-describedby=\"caption-attachment-784\" style=\"width: 550px\" class=\"wp-caption aligncenter\"><img data-attachment-id=\"784\" data-permalink=\"https:\/\/multiformas.com.co\/es\/blog\/2017\/12\/19\/las-3-cafeterias-mas-famosas-de-paris-y-su-estilo-renacentista-para-tu-proximo-proyecto\/le-procope\/\" data-orig-file=\"https:\/\/i0.wp.com\/multiformas.com.co\/es\/blog\/wp-content\/uploads\/2017\/12\/le-procope.jpg?fit=550%2C365&amp;ssl=1\" data-orig-size=\"550,365\" data-comments-opened=\"1\" data-image-meta=\"{&quot;aperture&quot;:&quot;0&quot;,&quot;credit&quot;:&quot;&quot;,&quot;camera&quot;:&quot;&quot;,&quot;caption&quot;:&quot;&quot;,&quot;created_timestamp&quot;:&quot;0&quot;,&quot;copyright&quot;:&quot;&quot;,&quot;focal_length&quot;:&quot;0&quot;,&quot;iso&quot;:&quot;0&quot;,&quot;shutter_speed&quot;:&quot;0&quot;,&quot;title&quot;:&quot;&quot;,&quot;orientation&quot;:&quot;0&quot;}\" data-image-title=\"le-procope\" data-image-description=\"\" data-medium-file=\"https:\/\/i0.wp.com\/multiformas.com.co\/es\/blog\/wp-content\/uploads\/2017\/12\/le-procope.jpg?fit=300%2C199&amp;ssl=1\" data-large-file=\"https:\/\/i0.wp.com\/multiformas.com.co\/es\/blog\/wp-content\/uploads\/2017\/12\/le-procope.jpg?fit=550%2C365&amp;ssl=1\" loading=\"lazy\" class=\"wp-image-784 size-full\" src=\"https:\/\/i0.wp.com\/multiformas.com.co\/es\/blog\/wp-content\/uploads\/2017\/12\/le-procope.jpg?resize=550%2C365&#038;ssl=1\" alt=\"\" width=\"550\" height=\"365\" srcset=\"https:\/\/i0.wp.com\/multiformas.com.co\/es\/blog\/wp-content\/uploads\/2017\/12\/le-procope.jpg?w=550&amp;ssl=1 550w, https:\/\/i0.wp.com\/multiformas.com.co\/es\/blog\/wp-content\/uploads\/2017\/12\/le-procope.jpg?resize=300%2C199&amp;ssl=1 300w, https:\/\/i0.wp.com\/multiformas.com.co\/es\/blog\/wp-content\/uploads\/2017\/12\/le-procope.jpg?resize=90%2C60&amp;ssl=1 90w\" sizes=\"(max-width: 550px) 100vw, 550px\" data-recalc-dims=\"1\" \/><figcaption id=\"caption-attachment-784\" class=\"wp-caption-text\">tripavisor<\/figcaption><\/figure>\n<p>&nbsp;<\/p>\n<p>Es una de las cafeter\u00edas m\u00e1s antigua y una de las m\u00e1s famosas de todo Par\u00eds, inaugurada por el Italiano Francesco Procopio en 1686, a\u00fan conserva la decoraci\u00f3n original de su \u00e9poca; Era el lugar predilecto de intelectuales y personas distinguidas, incluso se dice que Benjamin Franklin concibi\u00f3 en estos espacios la Constituci\u00f3n de los Estados Unidos.<\/p>\n<p>&nbsp;<\/p>\n<figure id=\"attachment_785\" aria-describedby=\"caption-attachment-785\" style=\"width: 990px\" class=\"wp-caption aligncenter\"><img data-attachment-id=\"785\" data-permalink=\"https:\/\/multiformas.com.co\/es\/blog\/2017\/12\/19\/las-3-cafeterias-mas-famosas-de-paris-y-su-estilo-renacentista-para-tu-proximo-proyecto\/galerie6\/\" data-orig-file=\"https:\/\/i2.wp.com\/multiformas.com.co\/es\/blog\/wp-content\/uploads\/2017\/12\/galerie6.jpg?fit=990%2C520&amp;ssl=1\" data-orig-size=\"990,520\" data-comments-opened=\"1\" data-image-meta=\"{&quot;aperture&quot;:&quot;0&quot;,&quot;credit&quot;:&quot;&quot;,&quot;camera&quot;:&quot;&quot;,&quot;caption&quot;:&quot;&quot;,&quot;created_timestamp&quot;:&quot;0&quot;,&quot;copyright&quot;:&quot;&quot;,&quot;focal_length&quot;:&quot;0&quot;,&quot;iso&quot;:&quot;0&quot;,&quot;shutter_speed&quot;:&quot;0&quot;,&quot;title&quot;:&quot;&quot;,&quot;orientation&quot;:&quot;0&quot;}\" data-image-title=\"galerie6\" data-image-description=\"\" data-medium-file=\"https:\/\/i2.wp.com\/multiformas.com.co\/es\/blog\/wp-content\/uploads\/2017\/12\/galerie6.jpg?fit=300%2C158&amp;ssl=1\" data-large-file=\"https:\/\/i2.wp.com\/multiformas.com.co\/es\/blog\/wp-content\/uploads\/2017\/12\/galerie6.jpg?fit=640%2C336&amp;ssl=1\" loading=\"lazy\" class=\"wp-image-785 size-full\" src=\"https:\/\/i2.wp.com\/multiformas.com.co\/es\/blog\/wp-content\/uploads\/2017\/12\/galerie6.jpg?resize=640%2C336&#038;ssl=1\" alt=\"\" width=\"640\" height=\"336\" srcset=\"https:\/\/i2.wp.com\/multiformas.com.co\/es\/blog\/wp-content\/uploads\/2017\/12\/galerie6.jpg?w=990&amp;ssl=1 990w, https:\/\/i2.wp.com\/multiformas.com.co\/es\/blog\/wp-content\/uploads\/2017\/12\/galerie6.jpg?resize=300%2C158&amp;ssl=1 300w, https:\/\/i2.wp.com\/multiformas.com.co\/es\/blog\/wp-content\/uploads\/2017\/12\/galerie6.jpg?resize=768%2C403&amp;ssl=1 768w, https:\/\/i2.wp.com\/multiformas.com.co\/es\/blog\/wp-content\/uploads\/2017\/12\/galerie6.jpg?resize=600%2C315&amp;ssl=1 600w, https:\/\/i2.wp.com\/multiformas.com.co\/es\/blog\/wp-content\/uploads\/2017\/12\/galerie6.jpg?resize=325%2C170&amp;ssl=1 325w\" sizes=\"(max-width: 640px) 100vw, 640px\" data-recalc-dims=\"1\" \/><figcaption id=\"caption-attachment-785\" class=\"wp-caption-text\">relaisdulouvre<\/figcaption><\/figure>\n<p>&nbsp;<\/p>\n<p>En cuanto a la decoraci\u00f3n vemos que predominan los oros y terracota, la madera es un cl\u00e1sico en las sillas y mesas, el alfombrado de flores en tonos oscuros no puede faltar, candelabros antiguos y ara\u00f1as de techo dan el look vintage que deseamos.<\/p>\n<p>&nbsp;<\/p>\n<h2><a href=\"http:\/\/www.lesdeuxmagots.fr\/en\/\">Les Deux Magots<\/a><\/h2>\n<p>&nbsp;<\/p>\n<p><img data-attachment-id=\"787\" data-permalink=\"https:\/\/multiformas.com.co\/es\/blog\/2017\/12\/19\/las-3-cafeterias-mas-famosas-de-paris-y-su-estilo-renacentista-para-tu-proximo-proyecto\/wpid-photo-may-3-2013-1039-am\/\" data-orig-file=\"https:\/\/i0.wp.com\/multiformas.com.co\/es\/blog\/wp-content\/uploads\/2017\/12\/wpid-Photo-May-3-2013-1039-AM.jpg?fit=1024%2C767&amp;ssl=1\" data-orig-size=\"1024,767\" data-comments-opened=\"1\" data-image-meta=\"{&quot;aperture&quot;:&quot;0&quot;,&quot;credit&quot;:&quot;&quot;,&quot;camera&quot;:&quot;&quot;,&quot;caption&quot;:&quot;&quot;,&quot;created_timestamp&quot;:&quot;0&quot;,&quot;copyright&quot;:&quot;&quot;,&quot;focal_length&quot;:&quot;0&quot;,&quot;iso&quot;:&quot;0&quot;,&quot;shutter_speed&quot;:&quot;0&quot;,&quot;title&quot;:&quot;&quot;,&quot;orientation&quot;:&quot;1&quot;}\" data-image-title=\"wpid-Photo-May-3-2013-1039-AM\" data-image-description=\"\" data-medium-file=\"https:\/\/i0.wp.com\/multiformas.com.co\/es\/blog\/wp-content\/uploads\/2017\/12\/wpid-Photo-May-3-2013-1039-AM.jpg?fit=300%2C225&amp;ssl=1\" data-large-file=\"https:\/\/i0.wp.com\/multiformas.com.co\/es\/blog\/wp-content\/uploads\/2017\/12\/wpid-Photo-May-3-2013-1039-AM.jpg?fit=640%2C479&amp;ssl=1\" loading=\"lazy\" class=\"aligncenter wp-image-787 size-full\" src=\"https:\/\/i0.wp.com\/multiformas.com.co\/es\/blog\/wp-content\/uploads\/2017\/12\/wpid-Photo-May-3-2013-1039-AM.jpg?resize=640%2C479&#038;ssl=1\" alt=\"\" width=\"640\" height=\"479\" srcset=\"https:\/\/i0.wp.com\/multiformas.com.co\/es\/blog\/wp-content\/uploads\/2017\/12\/wpid-Photo-May-3-2013-1039-AM.jpg?w=1024&amp;ssl=1 1024w, https:\/\/i0.wp.com\/multiformas.com.co\/es\/blog\/wp-content\/uploads\/2017\/12\/wpid-Photo-May-3-2013-1039-AM.jpg?resize=300%2C225&amp;ssl=1 300w, https:\/\/i0.wp.com\/multiformas.com.co\/es\/blog\/wp-content\/uploads\/2017\/12\/wpid-Photo-May-3-2013-1039-AM.jpg?resize=768%2C575&amp;ssl=1 768w, https:\/\/i0.wp.com\/multiformas.com.co\/es\/blog\/wp-content\/uploads\/2017\/12\/wpid-Photo-May-3-2013-1039-AM.jpg?resize=600%2C449&amp;ssl=1 600w\" sizes=\"(max-width: 640px) 100vw, 640px\" data-recalc-dims=\"1\" \/><\/p>\n<p>&nbsp;<\/p>\n<p>Este curioso nombre significa \u00abDos estatuillas Chinas\u00bb que pertenec\u00eda a una tienda de antig\u00fcedades que se encontraba ubicada en este mismo local. La cafeter\u00eda fue fundada en 1885, cuna de la literatura parisina en 1933 crea el premio\u00a0<em>\u00a0Prix des Deux Magots<\/em>\u00a0.producto de la vocaci\u00f3n literaria del caf\u00e9 y entre los artistas que degustaban alcohol o un buen caf\u00e9 en sus instalaciones est\u00e1n Picasso y\u00a0Hemingway.<\/p>\n<p>&nbsp;<\/p>\n<p><img data-attachment-id=\"786\" data-permalink=\"https:\/\/multiformas.com.co\/es\/blog\/2017\/12\/19\/las-3-cafeterias-mas-famosas-de-paris-y-su-estilo-renacentista-para-tu-proximo-proyecto\/presentation6\/\" data-orig-file=\"https:\/\/i1.wp.com\/multiformas.com.co\/es\/blog\/wp-content\/uploads\/2017\/12\/presentation6.jpg?fit=1366%2C768&amp;ssl=1\" data-orig-size=\"1366,768\" data-comments-opened=\"1\" data-image-meta=\"{&quot;aperture&quot;:&quot;0&quot;,&quot;credit&quot;:&quot;&quot;,&quot;camera&quot;:&quot;&quot;,&quot;caption&quot;:&quot;&quot;,&quot;created_timestamp&quot;:&quot;0&quot;,&quot;copyright&quot;:&quot;&quot;,&quot;focal_length&quot;:&quot;0&quot;,&quot;iso&quot;:&quot;0&quot;,&quot;shutter_speed&quot;:&quot;0&quot;,&quot;title&quot;:&quot;&quot;,&quot;orientation&quot;:&quot;0&quot;}\" data-image-title=\"presentation6\" data-image-description=\"\" data-medium-file=\"https:\/\/i1.wp.com\/multiformas.com.co\/es\/blog\/wp-content\/uploads\/2017\/12\/presentation6.jpg?fit=300%2C169&amp;ssl=1\" data-large-file=\"https:\/\/i1.wp.com\/multiformas.com.co\/es\/blog\/wp-content\/uploads\/2017\/12\/presentation6.jpg?fit=640%2C360&amp;ssl=1\" loading=\"lazy\" class=\"aligncenter wp-image-786 size-full\" src=\"https:\/\/i1.wp.com\/multiformas.com.co\/es\/blog\/wp-content\/uploads\/2017\/12\/presentation6.jpg?resize=640%2C360&#038;ssl=1\" alt=\"\" width=\"640\" height=\"360\" srcset=\"https:\/\/i1.wp.com\/multiformas.com.co\/es\/blog\/wp-content\/uploads\/2017\/12\/presentation6.jpg?w=1366&amp;ssl=1 1366w, https:\/\/i1.wp.com\/multiformas.com.co\/es\/blog\/wp-content\/uploads\/2017\/12\/presentation6.jpg?resize=300%2C169&amp;ssl=1 300w, https:\/\/i1.wp.com\/multiformas.com.co\/es\/blog\/wp-content\/uploads\/2017\/12\/presentation6.jpg?resize=768%2C432&amp;ssl=1 768w, https:\/\/i1.wp.com\/multiformas.com.co\/es\/blog\/wp-content\/uploads\/2017\/12\/presentation6.jpg?resize=1024%2C576&amp;ssl=1 1024w, https:\/\/i1.wp.com\/multiformas.com.co\/es\/blog\/wp-content\/uploads\/2017\/12\/presentation6.jpg?resize=600%2C337&amp;ssl=1 600w, https:\/\/i1.wp.com\/multiformas.com.co\/es\/blog\/wp-content\/uploads\/2017\/12\/presentation6.jpg?resize=1320%2C742&amp;ssl=1 1320w\" sizes=\"(max-width: 640px) 100vw, 640px\" data-recalc-dims=\"1\" \/><\/p>\n<p>Colores claros combinado con vino tinto y madera pulida, piezas antiguas como las 2 estatuillas Chinas que pertenec\u00edan a la tienda de antig\u00fcedades, el piso de azulejos conforman el dibujo de una alfombra de flores doradas, lamparas de pared tipo candelabro un conjunto menos ostentoso que Le Procope pero aun as\u00ed Vintage.<\/p>\n<p>&nbsp;<\/p>\n<h2><a href=\"http:\/\/www.cafedelapaix.fr\/es\/\">Caf\u00e9 de la Paix\u00a0<\/a><\/h2>\n<p>&nbsp;<\/p>\n<p><img data-attachment-id=\"788\" data-permalink=\"https:\/\/multiformas.com.co\/es\/blog\/2017\/12\/19\/las-3-cafeterias-mas-famosas-de-paris-y-su-estilo-renacentista-para-tu-proximo-proyecto\/salle-16\/\" data-orig-file=\"https:\/\/i0.wp.com\/multiformas.com.co\/es\/blog\/wp-content\/uploads\/2017\/12\/salle-16.jpg?fit=960%2C640&amp;ssl=1\" data-orig-size=\"960,640\" data-comments-opened=\"1\" data-image-meta=\"{&quot;aperture&quot;:&quot;0&quot;,&quot;credit&quot;:&quot;&quot;,&quot;camera&quot;:&quot;&quot;,&quot;caption&quot;:&quot;&quot;,&quot;created_timestamp&quot;:&quot;0&quot;,&quot;copyright&quot;:&quot;&quot;,&quot;focal_length&quot;:&quot;0&quot;,&quot;iso&quot;:&quot;0&quot;,&quot;shutter_speed&quot;:&quot;0&quot;,&quot;title&quot;:&quot;&quot;,&quot;orientation&quot;:&quot;0&quot;}\" data-image-title=\"salle-16\" data-image-description=\"\" data-medium-file=\"https:\/\/i0.wp.com\/multiformas.com.co\/es\/blog\/wp-content\/uploads\/2017\/12\/salle-16.jpg?fit=300%2C200&amp;ssl=1\" data-large-file=\"https:\/\/i0.wp.com\/multiformas.com.co\/es\/blog\/wp-content\/uploads\/2017\/12\/salle-16.jpg?fit=640%2C427&amp;ssl=1\" loading=\"lazy\" class=\"aligncenter wp-image-788 size-full\" src=\"https:\/\/i0.wp.com\/multiformas.com.co\/es\/blog\/wp-content\/uploads\/2017\/12\/salle-16.jpg?resize=640%2C427&#038;ssl=1\" alt=\"\" width=\"640\" height=\"427\" srcset=\"https:\/\/i0.wp.com\/multiformas.com.co\/es\/blog\/wp-content\/uploads\/2017\/12\/salle-16.jpg?w=960&amp;ssl=1 960w, https:\/\/i0.wp.com\/multiformas.com.co\/es\/blog\/wp-content\/uploads\/2017\/12\/salle-16.jpg?resize=300%2C200&amp;ssl=1 300w, https:\/\/i0.wp.com\/multiformas.com.co\/es\/blog\/wp-content\/uploads\/2017\/12\/salle-16.jpg?resize=768%2C512&amp;ssl=1 768w, https:\/\/i0.wp.com\/multiformas.com.co\/es\/blog\/wp-content\/uploads\/2017\/12\/salle-16.jpg?resize=600%2C400&amp;ssl=1 600w, https:\/\/i0.wp.com\/multiformas.com.co\/es\/blog\/wp-content\/uploads\/2017\/12\/salle-16.jpg?resize=90%2C60&amp;ssl=1 90w\" sizes=\"(max-width: 640px) 100vw, 640px\" data-recalc-dims=\"1\" \/><\/p>\n<p>&nbsp;<\/p>\n<p>Fue fundado en\u00a030 de junio de 1862 y por su proximidad a la Opera de Par\u00eds fue el rinc\u00f3n de muchos artistas de la \u00e9poca que lo hicieron convertirse en uno de los sitios con m\u00e1s riqueza cultural y tradicional. Adicionalmente fue nombrado lugar de inter\u00e9s hist\u00f3rico.<\/p>\n<p>&nbsp;<\/p>\n<p><img data-attachment-id=\"789\" data-permalink=\"https:\/\/multiformas.com.co\/es\/blog\/2017\/12\/19\/las-3-cafeterias-mas-famosas-de-paris-y-su-estilo-renacentista-para-tu-proximo-proyecto\/cafe-de-la-paix\/\" data-orig-file=\"https:\/\/i1.wp.com\/multiformas.com.co\/es\/blog\/wp-content\/uploads\/2017\/12\/cafe-de-la-paix.jpg?fit=550%2C412&amp;ssl=1\" data-orig-size=\"550,412\" data-comments-opened=\"1\" data-image-meta=\"{&quot;aperture&quot;:&quot;0&quot;,&quot;credit&quot;:&quot;&quot;,&quot;camera&quot;:&quot;&quot;,&quot;caption&quot;:&quot;&quot;,&quot;created_timestamp&quot;:&quot;0&quot;,&quot;copyright&quot;:&quot;&quot;,&quot;focal_length&quot;:&quot;0&quot;,&quot;iso&quot;:&quot;0&quot;,&quot;shutter_speed&quot;:&quot;0&quot;,&quot;title&quot;:&quot;&quot;,&quot;orientation&quot;:&quot;0&quot;}\" data-image-title=\"cafe-de-la-paix\" data-image-description=\"\" data-medium-file=\"https:\/\/i1.wp.com\/multiformas.com.co\/es\/blog\/wp-content\/uploads\/2017\/12\/cafe-de-la-paix.jpg?fit=300%2C225&amp;ssl=1\" data-large-file=\"https:\/\/i1.wp.com\/multiformas.com.co\/es\/blog\/wp-content\/uploads\/2017\/12\/cafe-de-la-paix.jpg?fit=550%2C412&amp;ssl=1\" loading=\"lazy\" class=\"aligncenter wp-image-789 size-full\" src=\"https:\/\/i1.wp.com\/multiformas.com.co\/es\/blog\/wp-content\/uploads\/2017\/12\/cafe-de-la-paix.jpg?resize=550%2C412&#038;ssl=1\" alt=\"\" width=\"550\" height=\"412\" srcset=\"https:\/\/i1.wp.com\/multiformas.com.co\/es\/blog\/wp-content\/uploads\/2017\/12\/cafe-de-la-paix.jpg?w=550&amp;ssl=1 550w, https:\/\/i1.wp.com\/multiformas.com.co\/es\/blog\/wp-content\/uploads\/2017\/12\/cafe-de-la-paix.jpg?resize=300%2C225&amp;ssl=1 300w\" sizes=\"(max-width: 550px) 100vw, 550px\" data-recalc-dims=\"1\" \/><\/p>\n<p>Colores oro, rosa y madera oscura son caracter\u00edsticos de este caf\u00e9, adem\u00e1s encontramos salas con verde esmeralda y dorado, el detalle de fotograf\u00edas antiguas y techos finamente decorados recuerdan a los frescos de Miguel Angel, toda una joya de Par\u00eds.<\/p>\n<p>&nbsp;<\/p>\n","protected":false},"excerpt":{"rendered":"<p>Las cafeter\u00edas m\u00e1s famosas de Francia en esta oportunidad nos orientan sobre el estilo renacentista perfecto para tu nuevo proyecto tanto si deseas abrir una pasteler\u00eda francesa, una tienda de <a href=\"https:\/\/multiformas.com.co\/es\/blog\/2017\/12\/19\/las-3-cafeterias-mas-famosas-de-paris-y-su-estilo-renacentista-para-tu-proximo-proyecto\/\" class=\"read-more button-fancy -red\"><span class=\"btn-arrow\"><\/span><span class=\"twp-read-more text\">Leer m\u00e1s<\/span><\/a><\/p>\n","protected":false},"author":1,"featured_media":791,"comment_status":"closed","ping_status":"open","sticky":false,"template":"","format":"standard","meta":{"advanced_seo_description":"","spay_email":"","jetpack_publicize_message":"","jetpack_is_tweetstorm":false},"categories":[7],"tags":[35,128,127,39,62,25,129,36,126],"jetpack_featured_media_url":"https:\/\/i2.wp.com\/multiformas.com.co\/es\/blog\/wp-content\/uploads\/2017\/12\/cafe-de-la-paix-1.jpg?fit=550%2C362&ssl=1","jetpack_publicize_connections":[],"jetpack_sharing_enabled":true,"jetpack_shortlink":"https:\/\/wp.me\/p9kzw1-cD","jetpack_likes_enabled":true,"jetpack-related-posts":[{"id":1277,"url":"https:\/\/multiformas.com.co\/es\/blog\/2018\/06\/05\/atrevete-a-impactar-con-el-estilo-oriental-para-tu-oficina\/","url_meta":{"origin":783,"position":0},"title":"Atr\u00e9vete a impactar con el estilo oriental para tu oficina","date":"junio 5, 2018","format":false,"excerpt":"Estamos aburridos de la oficina tradicional, colores claros, escritorio, sillas y l\u00e1mparas simples que no reflejan la personalidad de quien habita el espacio, por eso te proponemos hacer un cambio radical, emplear colores vibrantes o crear un ambiente relajado pero elegante, con el estilo oriental lo puedes hacer, en PCD\u2026","rel":"","context":"En \u00abDecoraci\u00f3n\u00bb","img":{"alt_text":"","src":"https:\/\/i2.wp.com\/multiformas.com.co\/es\/blog\/wp-content\/uploads\/2018\/06\/estilo-oriental-para-oficinas.jpg?fit=560%2C420&ssl=1&resize=350%2C200","width":350,"height":200},"classes":[]},{"id":1403,"url":"https:\/\/multiformas.com.co\/es\/blog\/2018\/09\/11\/tu-oficina-rustica-es-posible\/","url_meta":{"origin":783,"position":1},"title":"Tu oficina rustica es posible.","date":"septiembre 11, 2018","format":false,"excerpt":"Para los que estamos cansados del blanco eterno, el minimalismo y el modernismo disfrazado de m\u00e1s minimalismo, PCD Multiformas te muestra un estilo que nunca muere el dise\u00f1o rustico, c\u00e1lido y acogedor. Es hora de hacer tu oficina un lugar mas hogare\u00f1o, no en vano la oficina es nuestro segundo\u2026","rel":"","context":"En \u00abDecoraci\u00f3n\u00bb","img":{"alt_text":"","src":"https:\/\/i2.wp.com\/multiformas.com.co\/es\/blog\/wp-content\/uploads\/2018\/08\/beautiful-traditional-executive-office-design-30-best-traditional-home-office-design-ideas-traditional-home.jpg?fit=550%2C440&ssl=1&resize=350%2C200","width":350,"height":200},"classes":[]},{"id":952,"url":"https:\/\/multiformas.com.co\/es\/blog\/2018\/01\/18\/en-el-interior-de-las-oficinas-de-skype-diseno-sin-limites\/","url_meta":{"origin":783,"position":2},"title":"En el interior de las oficinas de Skype, dise\u00f1o sin limites.","date":"enero 18, 2018","format":false,"excerpt":"Skype los pioneros en telefon\u00eda a trav\u00e9s de Internet nos muestran sus oficinas en Estocolmo, como es de esperarse los dise\u00f1os son exclusivos para la firma, dignos de imitar para tu pr\u00f3ximo proyecto. Las oficinas de Skype en Estocolmo fueron dise\u00f1adas por\u00a0PS Arkitektur\u00a0una empresa dedicada a proyectos de arquitectura y\u2026","rel":"","context":"En \u00abDecoraci\u00f3n\u00bb","img":{"alt_text":"Oficina dise\u00f1o Skype","src":"https:\/\/i2.wp.com\/multiformas.com.co\/es\/blog\/wp-content\/uploads\/2018\/01\/oficina-dise\u00f1o-skype-7.jpg?fit=700%2C462&ssl=1&resize=350%2C200","width":350,"height":200},"classes":[]},{"id":1110,"url":"https:\/\/multiformas.com.co\/es\/blog\/2018\/03\/15\/como-escoger-la-pintura-ideal-para-mi-oficina\/","url_meta":{"origin":783,"position":3},"title":"\u00bfC\u00f3mo escoger la pintura ideal para mi oficina?","date":"marzo 15, 2018","format":false,"excerpt":"\u00a0 El tema de la pintura casi siempre pasa desapercibido, nos enfocamos m\u00e1s en el mobiliario y los elementos decorativos sin pensar que el tono de pintura adecuado puede hacer que nuestro proyecto de remodelaci\u00f3n sea un \u00e9xito o un fracaso. En PCD Multiformas te ense\u00f1aremos como escoger la pintura\u2026","rel":"","context":"En \u00abDecoraci\u00f3n\u00bb","img":{"alt_text":"Oficina trivago","src":"https:\/\/i0.wp.com\/multiformas.com.co\/es\/blog\/wp-content\/uploads\/2017\/12\/reforma-oficina-trivago3-500x303.jpg?fit=500%2C303&ssl=1&resize=350%2C200","width":350,"height":200},"classes":[]},{"id":1460,"url":"https:\/\/multiformas.com.co\/es\/blog\/2020\/03\/18\/tendencias-en-diseno-de-oficinas-para-este-2020\/","url_meta":{"origin":783,"position":4},"title":"Tendencias en dise\u00f1o de oficinas para este 2020","date":"marzo 18, 2020","format":false,"excerpt":"Este a\u00f1o viene cargado de dinamismo, de cambios en la estructura de trabajo y \u00bfPor qu\u00e9 no? Tambi\u00e9n es hora de darle un giro a tu workplace con las tendencias 2020 en dise\u00f1o de oficinas. \u00a0 Salud y bienestar \u00a0 \u00a0 Tenemos bastante tiempo dando vueltas alrededor de un t\u00e9rmino\u2026","rel":"","context":"En \u00abDecoraci\u00f3n\u00bb","img":{"alt_text":"","src":"https:\/\/i2.wp.com\/multiformas.com.co\/es\/blog\/wp-content\/uploads\/2020\/03\/roundtable-828546_1280.jpg?fit=1200%2C675&ssl=1&resize=350%2C200","width":350,"height":200},"classes":[]},{"id":909,"url":"https:\/\/multiformas.com.co\/es\/blog\/2018\/01\/11\/el-buen-gusto-europeo-en-tu-oficina-con-el-estilo-nordico\/","url_meta":{"origin":783,"position":5},"title":"El buen gusto europeo en tu oficina con el estilo n\u00f3rdico.","date":"enero 11, 2018","format":false,"excerpt":"(trendir) Si te encanta el fri\u00f3 invernal presente en los pa\u00edses n\u00f3rdicos seguro te gusta el estilo n\u00f3rdico o escandinavo presente en las casas y oficinas de pa\u00edses como Finlandia, Noruega o Dinamarca. M\u00e1s que un estilo es una forma de vida siempre flexible pero manteniendo caracter\u00edsticas bien definidas como\u2026","rel":"","context":"En \u00abDecoraci\u00f3n\u00bb","img":{"alt_text":"","src":"https:\/\/i2.wp.com\/multiformas.com.co\/es\/blog\/wp-content\/uploads\/2018\/01\/ideas-home-inspired-office-1.jpg?fit=600%2C850&ssl=1&resize=350%2C200","width":350,"height":200},"classes":[]}],"_links":{"self":[{"href":"https:\/\/multiformas.com.co\/es\/blog\/wp-json\/wp\/v2\/posts\/783"}],"collection":[{"href":"https:\/\/multiformas.com.co\/es\/blog\/wp-json\/wp\/v2\/posts"}],"about":[{"href":"https:\/\/multiformas.com.co\/es\/blog\/wp-json\/wp\/v2\/types\/post"}],"author":[{"embeddable":true,"href":"https:\/\/multiformas.com.co\/es\/blog\/wp-json\/wp\/v2\/users\/1"}],"replies":[{"embeddable":true,"href":"https:\/\/multiformas.com.co\/es\/blog\/wp-json\/wp\/v2\/comments?post=783"}],"version-history":[{"count":2,"href":"https:\/\/multiformas.com.co\/es\/blog\/wp-json\/wp\/v2\/posts\/783\/revisions"}],"predecessor-version":[{"id":792,"href":"https:\/\/multiformas.com.co\/es\/blog\/wp-json\/wp\/v2\/posts\/783\/revisions\/792"}],"wp:featuredmedia":[{"embeddable":true,"href":"https:\/\/multiformas.com.co\/es\/blog\/wp-json\/wp\/v2\/media\/791"}],"wp:attachment":[{"href":"https:\/\/multiformas.com.co\/es\/blog\/wp-json\/wp\/v2\/media?parent=783"}],"wp:term":[{"taxonomy":"category","embeddable":true,"href":"https:\/\/multiformas.com.co\/es\/blog\/wp-json\/wp\/v2\/categories?post=783"},{"taxonomy":"post_tag","embeddable":true,"href":"https:\/\/multiformas.com.co\/es\/blog\/wp-json\/wp\/v2\/tags?post=783"}],"curies":[{"name":"wp","href":"https:\/\/api.w.org\/{rel}","templated":true}]}}